{"id":663,"date":"2010-07-23T18:02:08","date_gmt":"2010-07-23T18:02:08","guid":{"rendered":"http:\/\/www.agriatv.hu\/?p=663"},"modified":"2010-07-23T18:02:08","modified_gmt":"2010-07-23T18:02:08","slug":"tancos-sikerek","status":"publish","type":"post","link":"https:\/\/www.agriatv.hu\/?p=663","title":{"rendered":"T\u00e1ncos sikerek"},"content":{"rendered":"<p class=\"cikkcikkei\">&nbsp;<\/p>\n<p><img decoding=\"async\" align=\"left\" class=\"kiskepcikkhez\" src=\"http:\/\/www.egriszin.hu\/RenderedContents\/IndexImages\/5\/5850-20100723125410-SANY8626.JPG\" title=\"\" \/><\/p>\n<p><b>Sz&eacute;p sikerekkel t&eacute;rtek vissza az egriek a Magyar L&aacute;tv&aacute;nyt&aacute;nc Sport Sz&ouml;vets&eacute;g Eur&oacute;pa Bajnoks&aacute;g&aacute;r&oacute;l, melyet Kaposv&aacute;ron rendeztek meg j&uacute;nius 25 &eacute;s 27 k&ouml;z&ouml;tt. A t&iacute;z orsz&aacute;gb&oacute;l &eacute;rkezett, h&aacute;romezer f\u0151 r&eacute;szv&eacute;tel&eacute;vel megrendezett versenyen egy els\u0151 &eacute;s egy m&aacute;sodik helyet, valamint arany min\u0151s&iacute;t&eacute;st szereztek meg a P&oacute;dium T&aacute;nc &eacute;s Balettiskola n&ouml;vend&eacute;kei.<\/b><\/p>\n<p align=\"justify\">T&oacute;th Gr&eacute;ta &eacute;s Gy&ouml;rgy Enik\u0151, a P&oacute;dium T&aacute;nc &eacute;s Balettiskola k&eacute;t t&aacute;ncosa kimagasl&oacute; eredm&eacute;nyt &eacute;rt el a j&uacute;nius v&eacute;g&eacute;n Kaposv&aacute;ron rendezett EB-n, t&aacute;j&eacute;koztatt&aacute;k a sajt&oacute; k&eacute;pvisel\u0151it a t&aacute;nciskola vezet\u0151i &eacute;s pedag&oacute;gusai ma reggel.<br \/>\n\tP&oacute;dium T&aacute;nc- &eacute;s Balettiskola produkci&oacute;i k&ouml;z&uuml;l gyermek koroszt&aacute;lyban Mirk&oacute;czki Zita koreogr&aacute;fi&aacute;ja, az Angyalok &eacute;s &ouml;rd&ouml;g&ouml;k nyert I. helyez&eacute;st klasszikus balett kateg&oacute;ri&aacute;ban. Kort&aacute;rs t&aacute;nc kateg&oacute;ri&aacute;ban G&ouml;b&ouml;ly Bettina &bdquo;Egy&rdquo; c&iacute;m\u0171 darabja kapott Arany min\u0151s&iacute;t&eacute;st, &eacute;s Mirk&oacute;czki Zita &bdquo;&Uuml;nnep&rdquo; c&iacute;m\u0171 modern balettje feln\u0151tt koroszt&aacute;lyban II. helyez&eacute;st &eacute;rt el az Eur&oacute;pa Bajnoks&aacute;gon.<br \/>\n\tHabis L&aacute;szl&oacute; polg&aacute;rmester k&ouml;sz&ouml;nt\u0151j&eacute;ben m&eacute;ltatta az 1994-ben alakult P&oacute;dium T&aacute;nc &eacute;s Balettiskola tev&eacute;kenys&eacute;g&eacute;t, amely r&eacute;v&eacute;n emberi odaad&aacute;ssal a t&aacute;ncpedag&oacute;gusok &oacute;ri&aacute;si eredm&eacute;nyeket tudnak el&eacute;rni. Megszerettetik a fiatalokkal a t&aacute;ncot, &eacute;s kitart&oacute; munk&aacute;val egyfajta &uacute;j kult&uacute;r&aacute;t teremtettek, aminek a hagyom&aacute;ny &aacute;pol&aacute;sa mellett nagy jelent\u0151s&eacute;ge van a v&aacute;ros kultur&aacute;lis &eacute;let&eacute;ben. Mindez nem t&ouml;rt&eacute;nhet a v&aacute;rosban tev&eacute;kenyked\u0151 felel\u0151s emberek munk&aacute;ja n&eacute;lk&uuml;l.<br \/>\n\tA polg&aacute;rmester megjegyezte, ahhoz hogy a v&aacute;ros hagyom&aacute;nyos &eacute;rt&eacute;kei &eacute;rv&eacute;nyes&uuml;ljenek &eacute;s a turizmus sz&aacute;m&aacute;ra is kihaszn&aacute;lhat&oacute;k legyenek, &uacute;j &eacute;rt&eacute;keket kell teremteni. Csup&aacute;n visszatekintve &eacute;s besz\u0171k&uuml;lt konzervat&iacute;v gondolkod&aacute;ssal a v&aacute;ros egy skanzenn&eacute; v&aacute;lna, s ha nem tud Eger vonz&oacute; lenni a fiatalok sz&aacute;m&aacute;ra, nyugd&iacute;jas v&aacute;ross&aacute; lesz. <br \/>\n\tA 16 &eacute;ve alap&iacute;tott egri P&oacute;dium T&aacute;nc- &eacute;s Balettiskola a professzion&aacute;lis t&aacute;ncm\u0171v&eacute;szeti k&eacute;pz&eacute;s megteremt&eacute;s&eacute;nek sz&aacute;nd&eacute;k&aacute;val m\u0171k&ouml;dik.&nbsp; Mirk&oacute;czi Zita, a t&aacute;nciskola vezet\u0151je oldal&aacute;n k&eacute;t egykori tan&iacute;tv&aacute;ny&aacute;val G&ouml;b&ouml;ly Bettin&aacute;val &eacute;s S&aacute;rosi Ann&aacute;val oktatja a klasszikus balett &eacute;s a modern t&aacute;nc alapjait a gyermekeknek. Elmond&aacute;sa szerint fontos, hogy szakmailag er\u0151s legyen az iskola, a k&eacute;pz&eacute;s a v&aacute;rosban, amelyben nagy szerepe van a t&aacute;nciskola m&aacute;sik alap&iacute;t&oacute;j&aacute;nak, Barta D&oacute;r&aacute;nak is.<br \/>\n\tA sz&eacute;p eredm&eacute;nyek m&ouml;g&ouml;tt nagyon kem&eacute;ny munka van, hangs&uacute;lyozta Mirk&oacute;czi Zita. A heti h&aacute;rom pr&oacute;b&aacute;t a versenyek el\u0151tt t&ouml;bb gyakorl&aacute;ssal is kieg&eacute;sz&iacute;tik. A fizikai &eacute;s szellemi megterhel&eacute;s ellen&eacute;re ezek a gyerekek az iskol&aacute;ban is j&oacute;l teljes&iacute;tenek.<br \/>\n\tA P&oacute;dium T&aacute;nc &eacute;s Balettiskola eddig a most &aacute;talak&iacute;t&aacute;sra v&aacute;r&oacute; Ifj&uacute;s&aacute;gi H&aacute;z &eacute;p&uuml;let&eacute;ben m\u0171k&ouml;d&ouml;tt. A leg&uacute;jabb sikereir\u0151l &eacute;ppen besz&aacute;mol&oacute; iskola helyzete nincs megoldva, m&eacute;g nem tal&aacute;ltak megfelel\u0151 helyet az int&eacute;zm&eacute;nynek, ami tov&aacute;bbi fejt&ouml;r&eacute;st okozhat a v&aacute;ros vezet&eacute;s&eacute;nek.<br \/>\n\tBarta D&oacute;ra szerint a 16 &eacute;ves munka v&eacute;ge, hogy &aacute;tadj&aacute;k a helyet Kepes Gy&ouml;rgynek, akinek a munk&aacute;ss&aacute;g&aacute;t tiszteli, &eacute;s elfogadja az &eacute;p&uuml;let ilyen ir&aacute;ny&uacute; hasznos&iacute;t&aacute;s&aacute;t. V&eacute;lem&eacute;nye szerint a projekt vonzer\u0151 lehet az &eacute;rtelmis&eacute;g sz&aacute;m&aacute;ra, er\u0151s&iacute;theti a k&ouml;z&eacute;leti, &eacute;rtelmis&eacute;gi, kultur&aacute;lis fejl\u0151d&eacute;st.<br \/>\n\tHabis L&aacute;szl&oacute; polg&aacute;rmester a t&eacute;ma kapcs&aacute;n elmondta, hogy egyedi t&ouml;rt&eacute;nelmi lehet\u0151s&eacute;g a kultur&aacute;lis v&aacute;rosfejleszt&eacute;s, amire az elm&uacute;lt h&uacute;sz &eacute;vben nem volt p&eacute;lda, &eacute;s ami lehet\u0151s&eacute;get teremt a fiatalok sz&aacute;m&aacute;ra vonz&oacute; &eacute;rt&eacute;keket teremthet. &Eacute;ppen ez&eacute;rt &eacute;rthetetlennek tartja, hogy politikai ind&iacute;ttat&aacute;s&uacute; tiltakoz&aacute;sok &aacute;llj&aacute;k &uacute;tj&aacute;t ezeknek a fejleszt&eacute;seknek.<\/p>\n<p align=\"justify\">Forr&aacute;s: Egrisz&iacute;n<\/p>\n","protected":false},"excerpt":{"rendered":"<p>&nbsp;<\/p>\n<p>Sz&eacute;p sikerekkel t&eacute;rtek vissza az egriek a Magyar L&aacute;tv&aacute;nyt&aacute;nc Sport Sz&ouml;vets&eacute;g Eur&oacute;pa Bajnoks&aacute;g&aacute;r&oacute;l, melyet Kaposv&aacute;ron rendeztek meg j&uacute;nius 25 &eacute;s 27 k&ouml;z&ouml;tt. A t&iacute;z orsz&aacute;gb&oacute;l &eacute;rkezett, h&aacute;romezer f\u0151 r&eacute;szv&eacute;tel&eacute;vel megrendezett versenyen egy els\u0151 &eacute;s egy m&aacute;sodik helyet, valamint arany min\u0151s&iacute;t&eacute;st szereztek meg a P&oacute;dium T&aacute;nc &eacute;s Balettiskola n&ouml;vend&eacute;kei.<br \/>\nT&oacute;th Gr&eacute;ta &eacute;s Gy&ouml;rgy Enik\u0151, a P&oacute;dium T&aacute;nc [&#8230;]<\/p>\n","protected":false},"author":4,"featured_media":0,"comment_status":"closed","ping_status":"closed","sticky":false,"template":"","format":"standard","meta":{"footnotes":""},"categories":[8],"tags":[],"class_list":["post-663","post","type-post","status-publish","format-standard","hentry","category-kultura"],"_links":{"self":[{"href":"https:\/\/www.agriatv.hu\/index.php?rest_route=\/wp\/v2\/posts\/663","targetHints":{"allow":["GET"]}}],"collection":[{"href":"https:\/\/www.agriatv.hu\/index.php?rest_route=\/wp\/v2\/posts"}],"about":[{"href":"https:\/\/www.agriatv.hu\/index.php?rest_route=\/wp\/v2\/types\/post"}],"author":[{"embeddable":true,"href":"https:\/\/www.agriatv.hu\/index.php?rest_route=\/wp\/v2\/users\/4"}],"replies":[{"embeddable":true,"href":"https:\/\/www.agriatv.hu\/index.php?rest_route=%2Fwp%2Fv2%2Fcomments&post=663"}],"version-history":[{"count":1,"href":"https:\/\/www.agriatv.hu\/index.php?rest_route=\/wp\/v2\/posts\/663\/revisions"}],"predecessor-version":[{"id":664,"href":"https:\/\/www.agriatv.hu\/index.php?rest_route=\/wp\/v2\/posts\/663\/revisions\/664"}],"wp:attachment":[{"href":"https:\/\/www.agriatv.hu\/index.php?rest_route=%2Fwp%2Fv2%2Fmedia&parent=663"}],"wp:term":[{"taxonomy":"category","embeddable":true,"href":"https:\/\/www.agriatv.hu\/index.php?rest_route=%2Fwp%2Fv2%2Fcategories&post=663"},{"taxonomy":"post_tag","embeddable":true,"href":"https:\/\/www.agriatv.hu\/index.php?rest_route=%2Fwp%2Fv2%2Ftags&post=663"}],"curies":[{"name":"wp","href":"https:\/\/api.w.org\/{rel}","templated":true}]}}