{"id":668,"date":"2010-07-24T07:55:13","date_gmt":"2010-07-24T07:55:13","guid":{"rendered":"http:\/\/www.agriatv.hu\/?p=668"},"modified":"2010-07-24T11:37:47","modified_gmt":"2010-07-24T11:37:47","slug":"jol-viselte-eger-a-hajnali-vihart-de-a-tesco-elazott","status":"publish","type":"post","link":"https:\/\/www.agriatv.hu\/?p=668","title":{"rendered":"J\u00f3l viselte Eger a hajnali vihart, de a Tesco el\u00e1zott"},"content":{"rendered":"<p><a href=\"http:\/\/www.google.hu\/imgres?imgurl=http:\/\/www.worldbiking.info\/images\/images%20two\/storm-reuters.jpg&amp;imgrefurl=http:\/\/www.worldbiking.info\/updates\/update42_kindness.html&amp;usg=__q_f5JR9hb8Q0UWiNZj_F0GELL3A=&amp;h=527&amp;w=640&amp;sz=53&amp;hl=hu&amp;start=1&amp;um=1&amp;itbs=1&amp;tbnid=1l8H6-IGDoA8MM:&amp;tbnh=113&amp;tbnw=137&amp;prev=\/images%3Fq%3Dstorm%26um%3D1%26hl%3Dhu%26sa%3DN%26tbs%3Disch:1\" id=\"apf0\"><img loading=\"lazy\" decoding=\"async\" align=\"left\" height=\"113\" id=\"ipf1l8H6-IGDoA8MM:\" src=\"http:\/\/t3.gstatic.com\/images?q=tbn:1l8H6-IGDoA8MM:http:\/\/www.worldbiking.info\/images\/images%20two\/storm-reuters.jpg\" style=\"border: 1px solid rgb(204, 204, 204); padding: 1px; vertical-align: bottom;\" width=\"137\" \/><\/a><strong>Hajnali n&eacute;gy &oacute;rakor z&uacute;dult hatalmas es\u0151 a hevesi megyesz&eacute;khelyre. Az er\u0151s sz&eacute;llel is k&iacute;s&eacute;rt zivatarnak nem voltak komolyabb k&ouml;vetkezm&eacute;nyei.<\/strong><\/p>\n<p><a href=\"https:\/\/www.agriatv.hu\/wp-content\/uploads\/2010\/07\/vihar_toviskes_ter_1.flv\">A T&ouml;viskes t&eacute;ren a t\u0171zolt&oacute;k a vihar ut&aacute;n. (Bek&uuml;ld&ouml;tt vde&oacute;)<\/a><a href=\"https:\/\/www.agriatv.hu\/wp-content\/uploads\/2010\/07\/vihar_toviskes_ter_1.flv\"><br \/>\n\t<\/a><\/p>\n<p>A v&aacute;roson &aacute;trobog&oacute;, viharos sz&eacute;llel k&iacute;s&eacute;rt&nbsp;hajnali zivatar gyorsan j&ouml;tt, gyorsan ment. A t\u0171zolt&oacute;kat n&eacute;gy helysz&iacute;nre riasztott&aacute;k f&eacute;l &ouml;t ut&aacute;n: a TESCO-n&aacute;l, illetve a belv&aacute;rosban, a 2-es k&oacute;rh&aacute;z &eacute;p&uuml;let&eacute;b\u0151l kellett vizet szivatty&uacute;zni. K&eacute;t fa is kid\u0151lt &#8211; tudtuk meg a Heves Megyei Katasztr&oacute;fav&eacute;delmi Igazgat&oacute;s&aacute;g &uuml;gyelet&eacute;t\u0151l. A V&eacute;csey v&ouml;lgyben egy feny\u0151fa d\u0151lt be a kiskertbe. Az &ouml;r&ouml;kz&ouml;ld cs&uacute;csa ugyan a h&aacute;ztet\u0151t is el&eacute;rte, de anyagi k&aacute;r nem keletkezett. A B&eacute;ke &uacute;ton a ker&iacute;t&eacute;st rong&aacute;lta meg egy kid\u0151lt fa.<\/p>\n<p>Forr&aacute;s: Heol<\/p>\n","protected":false},"excerpt":{"rendered":"<p>Hajnali n&eacute;gy &oacute;rakor z&uacute;dult hatalmas es\u0151 a hevesi megyesz&eacute;khelyre. Az er\u0151s sz&eacute;llel is k&iacute;s&eacute;rt zivatarnak nem voltak komolyabb k&ouml;vetkezm&eacute;nyei.<br \/>\nA T&ouml;viskes t&eacute;ren a t\u0171zolt&oacute;k a vihar ut&aacute;n. (Bek&uuml;ld&ouml;tt vde&oacute;)<\/p>\n<p>A v&aacute;roson &aacute;trobog&oacute;, viharos sz&eacute;llel k&iacute;s&eacute;rt&nbsp;hajnali zivatar gyorsan j&ouml;tt, gyorsan ment. A t\u0171zolt&oacute;kat n&eacute;gy helysz&iacute;nre riasztott&aacute;k f&eacute;l &ouml;t ut&aacute;n: a TESCO-n&aacute;l, illetve a belv&aacute;rosban, a 2-es k&oacute;rh&aacute;z &eacute;p&uuml;let&eacute;b\u0151l [&#8230;]<\/p>\n","protected":false},"author":4,"featured_media":0,"comment_status":"closed","ping_status":"closed","sticky":false,"template":"","format":"standard","meta":{"footnotes":""},"categories":[5],"tags":[],"class_list":["post-668","post","type-post","status-publish","format-standard","hentry","category-kek-hirek"],"_links":{"self":[{"href":"https:\/\/www.agriatv.hu\/index.php?rest_route=\/wp\/v2\/posts\/668","targetHints":{"allow":["GET"]}}],"collection":[{"href":"https:\/\/www.agriatv.hu\/index.php?rest_route=\/wp\/v2\/posts"}],"about":[{"href":"https:\/\/www.agriatv.hu\/index.php?rest_route=\/wp\/v2\/types\/post"}],"author":[{"embeddable":true,"href":"https:\/\/www.agriatv.hu\/index.php?rest_route=\/wp\/v2\/users\/4"}],"replies":[{"embeddable":true,"href":"https:\/\/www.agriatv.hu\/index.php?rest_route=%2Fwp%2Fv2%2Fcomments&post=668"}],"version-history":[{"count":6,"href":"https:\/\/www.agriatv.hu\/index.php?rest_route=\/wp\/v2\/posts\/668\/revisions"}],"predecessor-version":[{"id":676,"href":"https:\/\/www.agriatv.hu\/index.php?rest_route=\/wp\/v2\/posts\/668\/revisions\/676"}],"wp:attachment":[{"href":"https:\/\/www.agriatv.hu\/index.php?rest_route=%2Fwp%2Fv2%2Fmedia&parent=668"}],"wp:term":[{"taxonomy":"category","embeddable":true,"href":"https:\/\/www.agriatv.hu\/index.php?rest_route=%2Fwp%2Fv2%2Fcategories&post=668"},{"taxonomy":"post_tag","embeddable":true,"href":"https:\/\/www.agriatv.hu\/index.php?rest_route=%2Fwp%2Fv2%2Ftags&post=668"}],"curies":[{"name":"wp","href":"https:\/\/api.w.org\/{rel}","templated":true}]}}