{"id":677,"date":"2010-07-24T21:05:16","date_gmt":"2010-07-24T21:05:16","guid":{"rendered":"http:\/\/www.agriatv.hu\/?p=677"},"modified":"2010-07-26T15:29:13","modified_gmt":"2010-07-26T15:29:13","slug":"hat-nap-ota-szol-a-nota%e2%80%a6","status":"publish","type":"post","link":"https:\/\/www.agriatv.hu\/?p=677","title":{"rendered":"Hat nap \u00f3ta sz\u00f3l a n\u00f3ta\u2026"},"content":{"rendered":"<p><a href=\"https:\/\/www.agriatv.hu\/wp-content\/uploads\/2010\/07\/Sequence-01.Still001.bmp\"><img loading=\"lazy\" decoding=\"async\" align=\"left\" alt=\"\" class=\"alignleft size-full wp-image-682\" height=\"102\" src=\"https:\/\/www.agriatv.hu\/wp-content\/uploads\/2010\/07\/Sequence-01.Still001.bmp\" style=\"width: 128px; height: 102px;\" title=\"Sequence 01.Still001\" width=\"128\" \/><\/a>Vid&aacute;m n&oacute;taestet rendeztek a Bartakovics k&ouml;z&ouml;ss&eacute;gi h&aacute;zban a Hevesi J&oacute;zsef Magyarn&oacute;ta Klub tagjai, legifjabb B&aacute;der Ern\u0151 cig&aacute;nyzenekara &eacute;s Gonda L&aacute;szl&oacute; k&iacute;s&eacute;ret&eacute;vel.<\/p>\n<p>&nbsp;<\/p>\n<p><a href=\"https:\/\/www.agriatv.hu\/wp-content\/uploads\/2010\/07\/nota.flv\">R&eacute;szlet a m\u0171sorb&oacute;l<\/a><\/p>\n","protected":false},"excerpt":{"rendered":"<p>Vid&aacute;m n&oacute;taestet rendeztek a Bartakovics k&ouml;z&ouml;ss&eacute;gi h&aacute;zban a Hevesi J&oacute;zsef Magyarn&oacute;ta Klub tagjai, legifjabb B&aacute;der Ern\u0151 cig&aacute;nyzenekara &eacute;s Gonda L&aacute;szl&oacute; k&iacute;s&eacute;ret&eacute;vel.<br \/>\n&nbsp;<br \/>\nR&eacute;szlet a m\u0171sorb&oacute;l<\/p>\n","protected":false},"author":4,"featured_media":0,"comment_status":"closed","ping_status":"closed","sticky":false,"template":"","format":"standard","meta":{"footnotes":""},"categories":[4],"tags":[],"class_list":["post-677","post","type-post","status-publish","format-standard","hentry","category-szabadido"],"_links":{"self":[{"href":"https:\/\/www.agriatv.hu\/index.php?rest_route=\/wp\/v2\/posts\/677","targetHints":{"allow":["GET"]}}],"collection":[{"href":"https:\/\/www.agriatv.hu\/index.php?rest_route=\/wp\/v2\/posts"}],"about":[{"href":"https:\/\/www.agriatv.hu\/index.php?rest_route=\/wp\/v2\/types\/post"}],"author":[{"embeddable":true,"href":"https:\/\/www.agriatv.hu\/index.php?rest_route=\/wp\/v2\/users\/4"}],"replies":[{"embeddable":true,"href":"https:\/\/www.agriatv.hu\/index.php?rest_route=%2Fwp%2Fv2%2Fcomments&post=677"}],"version-history":[{"count":8,"href":"https:\/\/www.agriatv.hu\/index.php?rest_route=\/wp\/v2\/posts\/677\/revisions"}],"predecessor-version":[{"id":718,"href":"https:\/\/www.agriatv.hu\/index.php?rest_route=\/wp\/v2\/posts\/677\/revisions\/718"}],"wp:attachment":[{"href":"https:\/\/www.agriatv.hu\/index.php?rest_route=%2Fwp%2Fv2%2Fmedia&parent=677"}],"wp:term":[{"taxonomy":"category","embeddable":true,"href":"https:\/\/www.agriatv.hu\/index.php?rest_route=%2Fwp%2Fv2%2Fcategories&post=677"},{"taxonomy":"post_tag","embeddable":true,"href":"https:\/\/www.agriatv.hu\/index.php?rest_route=%2Fwp%2Fv2%2Ftags&post=677"}],"curies":[{"name":"wp","href":"https:\/\/api.w.org\/{rel}","templated":true}]}}