{"id":684,"date":"2010-07-25T09:44:41","date_gmt":"2010-07-25T09:44:41","guid":{"rendered":"http:\/\/www.agriatv.hu\/?p=684"},"modified":"2010-07-25T09:44:41","modified_gmt":"2010-07-25T09:44:41","slug":"alapitvanyi-tamogatas-a-koltsegteriteses-hallgatoknak","status":"publish","type":"post","link":"https:\/\/www.agriatv.hu\/?p=684","title":{"rendered":"Alap\u00edtv\u00e1nyi t\u00e1mogat\u00e1s a k\u00f6lts\u00e9gt\u00e9r\u00edt\u00e9ses hallgat\u00f3knak"},"content":{"rendered":"<p class=\"cikkcikkei\">&nbsp;<\/p>\n<p><img decoding=\"async\" align=\"left\" class=\"kiskepcikkhez\" src=\"http:\/\/www.egriszin.hu\/RenderedContents\/IndexImages\/5\/5856-20100724151237-lici.jpg\" title=\"\" \/><\/p>\n<p><b>Az Eszterh&aacute;zy K&aacute;roly F\u0151iskola hagyom&aacute;nyos programja, hogy t&aacute;mogat&aacute;st ny&uacute;jt a tehets&eacute;ges, k&ouml;lts&eacute;gt&eacute;r&iacute;t&eacute;ses k&eacute;pz&eacute;sre felvett hallgat&oacute;i sz&aacute;m&aacute;ra.<\/b><\/p>\n<div align=\"justify\">Az EKF Lyceum Pro Scientiis Alap&iacute;tv&aacute;nya valamennyi nappali tagozatos mesterk&eacute;pz&eacute;sre legal&aacute;bb 80 ponttal felvett &eacute;s beiratkozott hallgat&oacute;nak, &eacute;s az itt felsorolt alapk&eacute;pz&eacute;sekre (andrag&oacute;gia, anglisztika, emberi er\u0151forr&aacute;sok, &eacute;nek-zene, germanisztika, informatikus k&ouml;nyvt&aacute;ros, k&eacute;mia, magyar, matematika, nemzetk&ouml;zi tanulm&aacute;nyok, szabad b&ouml;lcs&eacute;szet, t&ouml;rt&eacute;nelem) nappali tagozaton legal&aacute;bb 350 ponttal felv&eacute;telt nyert &eacute;s beiratkozott hallgat&oacute;nak&nbsp; t&aacute;mogat&aacute;sokat biztos&iacute;t.<br \/>\n\tAz els\u0151 (2010\/2011-es) tan&eacute;v k&ouml;lts&eacute;gt&eacute;r&iacute;t&eacute;s&eacute;t a Lyceum Pro Scientiis Alap&iacute;tv&aacute;ny &ndash; az EKF tudom&aacute;nyos &eacute;s kultur&aacute;lis tev&eacute;kenys&eacute;geket t&aacute;mogat&oacute; &eacute;s tehets&eacute;ggondoz&oacute; alap&iacute;tv&aacute;nya &ndash; mag&aacute;ra v&aacute;llalja. Illetve k&eacute;t teljes&iacute;tett f&eacute;l&eacute;v ut&aacute;n tanulm&aacute;nyi eredm&eacute;ny alapj&aacute;n lehets&eacute;ges az &aacute;llamilag t&aacute;mogatott k&eacute;pz&eacute;sbe t&ouml;rt&eacute;n\u0151 &aacute;tsorol&aacute;s.<br \/>\n\tEzek mellett, a kor&aacute;bbi &eacute;vekhez hasonl&oacute;an minden nappali tagozat alap- vagy mesterk&eacute;pz&eacute;sre felvett<br \/>\n\tels\u0151&eacute;vesnek hordozhat&oacute; sz&aacute;m&iacute;t&oacute;g&eacute;pet is adnak kedvez\u0151 felt&eacute;telek mellett.<\/div>\n<div align=\"justify\">Forr&aacute;s: Egrisz&iacute;n<\/div>\n","protected":false},"excerpt":{"rendered":"<p>&nbsp;<\/p>\n<p>Az Eszterh&aacute;zy K&aacute;roly F\u0151iskola hagyom&aacute;nyos programja, hogy t&aacute;mogat&aacute;st ny&uacute;jt a tehets&eacute;ges, k&ouml;lts&eacute;gt&eacute;r&iacute;t&eacute;ses k&eacute;pz&eacute;sre felvett hallgat&oacute;i sz&aacute;m&aacute;ra.<br \/>\nAz EKF Lyceum Pro Scientiis Alap&iacute;tv&aacute;nya valamennyi nappali tagozatos mesterk&eacute;pz&eacute;sre legal&aacute;bb 80 ponttal felvett &eacute;s beiratkozott hallgat&oacute;nak, &eacute;s az itt felsorolt alapk&eacute;pz&eacute;sekre (andrag&oacute;gia, anglisztika, emberi er\u0151forr&aacute;sok, &eacute;nek-zene, germanisztika, informatikus k&ouml;nyvt&aacute;ros, k&eacute;mia, magyar, matematika, nemzetk&ouml;zi tanulm&aacute;nyok, szabad b&ouml;lcs&eacute;szet, t&ouml;rt&eacute;nelem) nappali tagozaton [&#8230;]<\/p>\n","protected":false},"author":4,"featured_media":0,"comment_status":"closed","ping_status":"closed","sticky":false,"template":"","format":"standard","meta":{"footnotes":""},"categories":[9],"tags":[],"class_list":["post-684","post","type-post","status-publish","format-standard","hentry","category-oktatas"],"_links":{"self":[{"href":"https:\/\/www.agriatv.hu\/index.php?rest_route=\/wp\/v2\/posts\/684","targetHints":{"allow":["GET"]}}],"collection":[{"href":"https:\/\/www.agriatv.hu\/index.php?rest_route=\/wp\/v2\/posts"}],"about":[{"href":"https:\/\/www.agriatv.hu\/index.php?rest_route=\/wp\/v2\/types\/post"}],"author":[{"embeddable":true,"href":"https:\/\/www.agriatv.hu\/index.php?rest_route=\/wp\/v2\/users\/4"}],"replies":[{"embeddable":true,"href":"https:\/\/www.agriatv.hu\/index.php?rest_route=%2Fwp%2Fv2%2Fcomments&post=684"}],"version-history":[{"count":1,"href":"https:\/\/www.agriatv.hu\/index.php?rest_route=\/wp\/v2\/posts\/684\/revisions"}],"predecessor-version":[{"id":685,"href":"https:\/\/www.agriatv.hu\/index.php?rest_route=\/wp\/v2\/posts\/684\/revisions\/685"}],"wp:attachment":[{"href":"https:\/\/www.agriatv.hu\/index.php?rest_route=%2Fwp%2Fv2%2Fmedia&parent=684"}],"wp:term":[{"taxonomy":"category","embeddable":true,"href":"https:\/\/www.agriatv.hu\/index.php?rest_route=%2Fwp%2Fv2%2Fcategories&post=684"},{"taxonomy":"post_tag","embeddable":true,"href":"https:\/\/www.agriatv.hu\/index.php?rest_route=%2Fwp%2Fv2%2Ftags&post=684"}],"curies":[{"name":"wp","href":"https:\/\/api.w.org\/{rel}","templated":true}]}}