{"id":686,"date":"2010-07-25T10:33:47","date_gmt":"2010-07-25T10:33:47","guid":{"rendered":"http:\/\/www.agriatv.hu\/?p=686"},"modified":"2010-07-25T10:33:47","modified_gmt":"2010-07-25T10:33:47","slug":"kiegett-egy-525-os-bmw-az-m3-ason-hajnalban","status":"publish","type":"post","link":"https:\/\/www.agriatv.hu\/?p=686","title":{"rendered":"Ki\u00e9gett egy 525-\u00f6s BMW az M3-ason hajnalban"},"content":{"rendered":"<p><strong>Kigyulladt, majd teljesen ki&eacute;gett egy n&eacute;met rendsz&aacute;m&uacute; szem&eacute;lyg&eacute;pkocsi vas&aacute;rnap hajnalban a z M3-as aut&oacute;p&aacute;ly&aacute;n.<\/strong><\/p>\n<p>Egyel\u0151re ismeretlen okb&oacute;l kigyulladt egy BMW 525 TD t&iacute;pus&uacute; szem&eacute;lyg&eacute;pkocsi az M3-as aut&oacute;p&aacute;lya Miskolc fel&eacute; tart&oacute; p&aacute;lyaszakasz&aacute;n a 106-os kilom&eacute;ter szelv&eacute;nyben, K&aacute;l &eacute;s F&uuml;zesabony k&ouml;z&ouml;tt. A Heves Megyei Katasztr&oacute;fav&eacute;delmi Igazgat&oacute;s&aacute;g &uuml;gyelet&eacute;nek t&aacute;j&eacute;koztat&aacute;sa szerint mire a t\u0171zolt&oacute;k a helysz&iacute;nre &eacute;rkeztek a j&aacute;rm\u0171 m&aacute;r teljes terjedelm&eacute;ben &eacute;gett. A n&eacute;met fels&eacute;gjel\u0171 BMW-ben keletkezett k&aacute;r 1,5 milli&oacute; forint, szem&eacute;lyi s&eacute;r&uuml;l&eacute;s nem t&ouml;rt&eacute;nt.<\/p>\n<p>Forr&aacute;s: Heol<\/p>\n","protected":false},"excerpt":{"rendered":"<p>Kigyulladt, majd teljesen ki&eacute;gett egy n&eacute;met rendsz&aacute;m&uacute; szem&eacute;lyg&eacute;pkocsi vas&aacute;rnap hajnalban a z M3-as aut&oacute;p&aacute;ly&aacute;n.<br \/>\nEgyel\u0151re ismeretlen okb&oacute;l kigyulladt egy BMW 525 TD t&iacute;pus&uacute; szem&eacute;lyg&eacute;pkocsi az M3-as aut&oacute;p&aacute;lya Miskolc fel&eacute; tart&oacute; p&aacute;lyaszakasz&aacute;n a 106-os kilom&eacute;ter szelv&eacute;nyben, K&aacute;l &eacute;s F&uuml;zesabony k&ouml;z&ouml;tt. A Heves Megyei Katasztr&oacute;fav&eacute;delmi Igazgat&oacute;s&aacute;g &uuml;gyelet&eacute;nek t&aacute;j&eacute;koztat&aacute;sa szerint mire a t\u0171zolt&oacute;k a helysz&iacute;nre &eacute;rkeztek a j&aacute;rm\u0171 m&aacute;r [&#8230;]<\/p>\n","protected":false},"author":4,"featured_media":0,"comment_status":"closed","ping_status":"closed","sticky":false,"template":"","format":"standard","meta":{"footnotes":""},"categories":[5],"tags":[],"class_list":["post-686","post","type-post","status-publish","format-standard","hentry","category-kek-hirek"],"_links":{"self":[{"href":"https:\/\/www.agriatv.hu\/index.php?rest_route=\/wp\/v2\/posts\/686","targetHints":{"allow":["GET"]}}],"collection":[{"href":"https:\/\/www.agriatv.hu\/index.php?rest_route=\/wp\/v2\/posts"}],"about":[{"href":"https:\/\/www.agriatv.hu\/index.php?rest_route=\/wp\/v2\/types\/post"}],"author":[{"embeddable":true,"href":"https:\/\/www.agriatv.hu\/index.php?rest_route=\/wp\/v2\/users\/4"}],"replies":[{"embeddable":true,"href":"https:\/\/www.agriatv.hu\/index.php?rest_route=%2Fwp%2Fv2%2Fcomments&post=686"}],"version-history":[{"count":1,"href":"https:\/\/www.agriatv.hu\/index.php?rest_route=\/wp\/v2\/posts\/686\/revisions"}],"predecessor-version":[{"id":687,"href":"https:\/\/www.agriatv.hu\/index.php?rest_route=\/wp\/v2\/posts\/686\/revisions\/687"}],"wp:attachment":[{"href":"https:\/\/www.agriatv.hu\/index.php?rest_route=%2Fwp%2Fv2%2Fmedia&parent=686"}],"wp:term":[{"taxonomy":"category","embeddable":true,"href":"https:\/\/www.agriatv.hu\/index.php?rest_route=%2Fwp%2Fv2%2Fcategories&post=686"},{"taxonomy":"post_tag","embeddable":true,"href":"https:\/\/www.agriatv.hu\/index.php?rest_route=%2Fwp%2Fv2%2Ftags&post=686"}],"curies":[{"name":"wp","href":"https:\/\/api.w.org\/{rel}","templated":true}]}}