{"id":688,"date":"2010-07-25T10:51:30","date_gmt":"2010-07-25T10:51:30","guid":{"rendered":"http:\/\/www.agriatv.hu\/?p=688"},"modified":"2010-07-25T10:51:30","modified_gmt":"2010-07-25T10:51:30","slug":"a-lo-vontatta-gozfecskendotol-a-szirenazo-mercedesig","status":"publish","type":"post","link":"https:\/\/www.agriatv.hu\/?p=688","title":{"rendered":"A l\u00f3 vontatta g\u0151zfecskend\u0151t\u0151l a szir\u00e9n\u00e1z\u00f3 Mercedesig"},"content":{"rendered":"<p><img loading=\"lazy\" decoding=\"async\" align=\"left\" alt=\"Vaszkun Attil\u00e1val \u00e9s Benke Don\u00e1ttal a ki\u00e1ll\u00edt\u00e1s berendez\u00e9sekor besz\u00e9lgett\u00fcnk. A dobozokb\u00f3l sorra el\u0151ker\u00fcl\u0151 aut\u00f3k mell\u00e9 mindig akadt egy-egy t\u00f6rt\u00e9net is. Fot\u00f3: L\u00e9n\u00e1rt M\u00e1rton\" height=\"65\" src=\"http:\/\/heol.hu\/lapokkepek\/cikkek\/120000\/120023_tuzolto-muzeum-benke-vaszkun.jpg\" style=\"width: 111px; height: 65px;\" title=\"Vaszkun Attil\u00e1val \u00e9s Benke Don\u00e1ttal a ki\u00e1ll\u00edt\u00e1s berendez\u00e9sekor besz\u00e9lgett\u00fcnk. A dobozokb\u00f3l sorra el\u0151ker\u00fcl\u0151 aut\u00f3k mell\u00e9 mindig akadt egy-egy t\u00f6rt\u00e9net is. Fot\u00f3: L\u00e9n\u00e1rt M\u00e1rton\" width=\"111\" \/><strong>Jelent\u0151s t\u0171zolt&oacute;i er\u0151ket vontak &ouml;ssze Egerben. Eg&eacute;szen pontosan a T\u0171zolt&oacute; M&uacute;zeumban, ahol t&ouml;bb mint sz&aacute;z speci&aacute;lis j&aacute;rm\u0171 t&ouml;lti meg a vitrineket.<\/strong><\/p>\n<p>Mindenkinek kell legyen valami hobbija &ndash; vallja az a k&eacute;t hivat&aacute;sos t\u0171zolt&oacute;, akiknek makett- &eacute;s modellgy\u0171jtem&eacute;ny&eacute;b\u0151l a h&eacute;ten ny&iacute;lt ki&aacute;ll&iacute;t&aacute;s az egri T\u0171zolt&oacute; M&uacute;zeumban. S mi m&aacute;sb&oacute;l is &aacute;llhatna kettej&uuml;k k&ouml;z&ouml;s t&aacute;rlata, mint a l&aacute;nglovagok napi munk&aacute;ja sor&aacute;n haszn&aacute;lt j&aacute;rm\u0171vek kisebb m&aacute;saib&oacute;l?<\/p>\n<p>&ndash; A megye &uacute;tjain fut&oacute; t\u0171zolt&oacute;aut&oacute;kb&oacute;l t&ouml;bbet is siker&uuml;lt m&aacute;r beszerezni. L&aacute;that&oacute; p&eacute;ld&aacute;ul egy olyan Mercedes Atego g&eacute;pj&aacute;rm\u0171fecskend\u0151 makettje is, mint amilyet tavaly decemberben vettek birtokba a hevesi koll&eacute;g&aacute;k &ndash; mondja <strong>Vaszkun Attila<\/strong> t\u0171. \u0151rnagy, aki b&aacute;r mindig is szeretett maketteket &eacute;p&iacute;teni, 8 &eacute;vvel ezel\u0151tt kezdte el gy\u0171jteni a hivat&aacute;s&aacute;hoz k&ouml;t\u0151d\u0151 j&aacute;rm\u0171veket. Az \u0151rnagy a gy&ouml;ngy&ouml;si t\u0171zolt&oacute;parancsnoks&aacute;gon j&aacute;rta v&eacute;gig a hivat&aacute;sosok &bdquo;rangl&eacute;tr&aacute;j&aacute;t&rdquo;, ahol legut&oacute;bb ment&eacute;si oszt&aacute;lyvezet\u0151k&eacute;nt teljes&iacute;tett szolg&aacute;latot, jelenleg pedig a Heves Megyei Katasztr&oacute;fav&eacute;delmi Igazgat&oacute;s&aacute;gon dolgozik.<\/p>\n<div class=\"cikkpic\" style=\"width: 344px;\"><a href=\"javascript: void(0);\" onclick=\"javascript:window.open('\/galeria\/41034','kepgaleria','height=690,width=1020,status=no,toolbar=no,menubar=no,resizable=no,scrollbars=no,titlebar=no')\"> <span class=\"nagyit\"> <\/span><\/a><a href=\"javascript: void(0);\" onclick=\"javascript:window.open('\/galeria\/41034','kepgaleria','height=690,width=1020,status=no,toolbar=no,menubar=no,resizable=no,scrollbars=no,titlebar=no')\"><img decoding=\"async\" align=\"left\" alt=\"Vaszkun Attila \u00e9p\u00edtett m\u00e1r vitorl\u00e1st \u00e9s Forma-1-es aut\u00f3t is, de a nagy kedvencnek a szir\u00e9n\u00e1s j\u00e1rm\u0171vek sz\u00e1m\u00edtanak. Fot\u00f3: L\u00e9n\u00e1rt M\u00e1rton\" src=\"http:\/\/heol.hu\/lapokkepek\/cikkek\/120000\/120036_vaszkun-attila-tuzolto-makett.jpg\" style=\"width: 191px; height: 129px;\" title=\"Vaszkun Attila \u00e9p\u00edtett m\u00e1r vitorl\u00e1st \u00e9s Forma-1-es aut\u00f3t is, de a nagy kedvencnek a szir\u00e9n\u00e1s j\u00e1rm\u0171vek sz\u00e1m\u00edtanak. Fot\u00f3: L\u00e9n\u00e1rt M\u00e1rton\" \/> <\/a><\/div>\n<div class=\"cikkpic\" style=\"width: 344px; text-align: justify;\"><span class=\"cap\">Vaszkun Attila &eacute;p&iacute;tett m&aacute;r vitorl&aacute;st &eacute;s Forma-1-es aut&oacute;t is, de a nagy kedvencnek a szir&eacute;n&aacute;s j&aacute;rm\u0171vek sz&aacute;m&iacute;tanak. Fot&oacute;: L&eacute;n&aacute;rt M&aacute;rton<\/span><\/div>\n<p><!--div class=\"imageWrapperCenter\" style=\"width: 366px;\">\n\t\t\t\n\n<div class=\"img1\">\n\t\t\t\t<a href=\"javascript:void(0);\" onclick=\"javascript:winopen('\/galeria\/41034');\">\n\t\t\t\t\t<img decoding=\"async\" alt=\"Vaszkun Attila \u00e9p\u00edtett m\u00e1r vitorl\u00e1st \u00e9s Forma-1-es aut\u00f3t is, de a nagy kedvencnek a szir\u00e9n\u00e1s j\u00e1rm\u0171vek sz\u00e1m\u00edtanak. Fot\u00f3: L\u00e9n\u00e1rt M\u00e1rton\" width=\"344\" src=\"http:\/\/heol.hu\/lapokkepek\/cikkek\/120000\/120036_vaszkun-attila-tuzolto-makett.jpg\" \/>\n\t\t\t\t<\/a>\n\t\t\t<\/div>\n\n\n\t\t\t\n\n<div class=\"img2\">\n\t\t\t\t\n\n<p class=\"imageNext\">\n\t\t\t\t\t<a href=\"javascript:void(0);\" onclick=\"javascript:winopen('\/galeria\/41034');\">\n\t\t\t\t\t\tTekintse meg k\u00e9pgal\u00e9ri\u00e1nkat!\n\t\t\t\t\t<\/a>\n\t\t\t\t<\/p>\n\n\n\t\t\t\t\n\n<p class=\"imageNext\">\n\t\t\t\t\t<a href=\"javascript:void(0);\" onclick=\"javascript:winopen('\/galeria\/41034');\">\n\t\t\t\t\t\t<img decoding=\"async\" alt=\"image\" src=\"\/images\/cam.gif\" \/>\n\t\t\t\t\t<\/a>\n\t\t\t\t<\/p>\n\n\n\t\t\t<\/div>\n\n\n\t\t\t\n\n<p class=\"imageText\">\n\t\t\t\tVaszkun Attila \u00e9p\u00edtett m\u00e1r vitorl\u00e1st \u00e9s Forma-1-es aut\u00f3t is, de a nagy kedvencnek a szir\u00e9n\u00e1s j\u00e1rm\u0171vek sz\u00e1m\u00edtanak. Fot\u00f3: L\u00e9n\u00e1rt M\u00e1rton\n\t\t\t<\/p>\n\n\n\t\t<\/div-->\n<p>&nbsp;<\/p>\n<p>Ha valamilyen jeles alkalom k&ouml;zeleg, csal&aacute;dja m&aacute;r tudja, hogy egy &uacute;jabb k&uuml;l&ouml;nlegess&eacute;gnek &ouml;r&uuml;lne legink&aacute;bb. K&ouml;nny&iacute;ti a helyzetet, hogy a szir&eacute;n&aacute;s j&aacute;rm\u0171vek ir&aacute;nti rajong&aacute;ssal nincs egyed&uuml;l a fam&iacute;li&aacute;ban: ap&oacute;sa szint&eacute;n t&ouml;bb &eacute;vtizeden kereszt&uuml;l &aacute;llt a t\u0171zv&eacute;delem szolg&aacute;lat&aacute;ban, s most &ouml;t&eacute;ves ikerfiai is &eacute;l&eacute;nk &eacute;rdekl\u0151d&eacute;st mutatnak a p&aacute;lya ir&aacute;nt. A gy\u0171jtem&eacute;ny gyarapod&aacute;s&aacute;hoz a munkat&aacute;rsak is hozz&aacute;-hozz&aacute;j&aacute;rulnak, p&eacute;ld&aacute;ul a Gyilkos-t&oacute; partj&aacute;r&oacute;l is hoztak neki egy f&aacute;b&oacute;l k&eacute;sz&uuml;lt kis t\u0171zolt&oacute; l&eacute;tr&aacute;s j&aacute;rm\u0171vet.<br \/>\n\t&ndash; A most ki&aacute;ll&iacute;tottak k&ouml;z&uuml;l ez az egyik kedvencem, mivel nagyon k&uuml;l&ouml;nb&ouml;zik a t&ouml;bbit\u0151l, ugyanakkor arra eml&eacute;keztet, hogy a koll&eacute;g&aacute;k k&uuml;lf&ouml;ld&ouml;n is gondoltak r&aacute;m &ndash; tette hozz&aacute; az \u0151rnagy.<\/p>\n<p><center>&nbsp;<\/center><\/p>\n<p>Ki&aacute;ll&iacute;t&oacute;t&aacute;rsa, <strong>Benke Don&aacute;t<\/strong> t\u0171. f\u0151t&ouml;rzs\u0151rmester a k&eacute;szen kaphat&oacute; modellek szerelmese. Egy-egy ritka darab&eacute;rt &ndash; mint p&eacute;ld&aacute;ul egy Barkas&eacute;rt Pr&aacute;g&aacute;ba &ndash; ak&aacute;r k&uuml;lf&ouml;ldre is k&eacute;pes elmenni.<br \/>\n\t&ndash; A t\u0171zolt&oacute;aut&oacute;k modelljeit nem k&ouml;nny\u0171 beszerezni, &iacute;gy sokszor csak egy teheraut&oacute;t v&aacute;s&aacute;rolok, amelyet azt&aacute;n m&eacute;g alak&iacute;tani kell. &Aacute;tfesteni, felszerel&eacute;seket gy&aacute;rtani hozz&aacute;, szir&eacute;n&aacute;t szerelni r&aacute;. Szerencs&eacute;re vannak, akik tudnak ebben seg&iacute;teni &ndash; veszi &aacute;t a sz&oacute;t a <a href=\"http:\/\/www.tuzendre.hu\/\" target=\"_blank\">Szentendrei Hivat&aacute;sos &Ouml;nkorm&aacute;nyzati T\u0171zolt&oacute;s&aacute;g<\/a> g&eacute;pj&aacute;rm\u0171vezet\u0151je, s egyben sz&oacute;viv\u0151je.<\/p>\n<p><!-- keretes tartalom a cikkben --><\/p>\n<div class=\"keretes\">\n<div class=\"inner\">\n<h4>Szenved&eacute;ly, ami &ouml;sszehoz<\/h4>\n<p class=\"keretesSzovege\">Orsz&aacute;gosan is ritka hobbinak sz&aacute;m&iacute;t, hogy valaki t\u0171zolt&oacute;aut&oacute;k makettjeit vagy modelljeit gy\u0171jtse. &Eacute;ppen ez&eacute;rt mikor a koll&eacute;g&aacute;k, ismer\u0151s&ouml;k r&eacute;v&eacute;n a ki&aacute;ll&iacute;t&oacute;k h&iacute;r&eacute;t vett&eacute;k egym&aacute;snak, elkezdt&eacute;k keresni a kapcsolatot. K&uuml;l&ouml;n-k&uuml;l&ouml;n m&aacute;r mindketten bemutatt&aacute;k kincseiket a nyilv&aacute;noss&aacute;gnak. &Ouml;t &eacute;ve hasonl&oacute; ki&aacute;ll&iacute;t&aacute;st l&aacute;thattak az &eacute;rdekl\u0151d\u0151k a T\u0171zolt&oacute; M&uacute;zeumban Vaszkun \u0151rnagy gy\u0171jtem&eacute;ny&eacute;b\u0151l, Benke Don&aacute;t pedig 2008 &aacute;prilis&aacute;ban m&aacute;r bemutatta egyszer megy&eacute;nkben, a gy&ouml;ngy&ouml;si laktany&aacute;ban f&eacute;ltett darabjait. A mostani k&ouml;z&ouml;s ki&aacute;ll&iacute;t&aacute;s szeptember 30-ig l&aacute;togathat&oacute;, &iacute;gy a turisztikai szezon v&eacute;gezt&eacute;vel ak&aacute;r az iskolai, &oacute;vodai programok sor&aacute;ba is beilleszthet\u0151.<\/p>\n<\/p><\/div>\n<\/div>\n<p><!-- \/keretes tartalom a cikkben --><\/p>\n<p>Azt is mondhatn&aacute;nk, hogy ezek az aut&oacute;k szem&eacute;lyre szabottak, hiszen tulajdonosuk addig form&aacute;lta \u0151ket (a feliratokt&oacute;l eg&eacute;szen a rendsz&aacute;mt&aacute;bl&aacute;kig), m&iacute;gnem pontosan olyanok nem lettek, mint amilyeneket \u0151 maga is vezet vagy vezetett. Mint megtudtuk, a vitrinekben sorakoz&oacute; kincsek k&ouml;z&ouml;tt felbukkan&oacute; ment\u0151-, illetve rend\u0151raut&oacute;k sem a v&eacute;letlen m\u0171vei. Miel\u0151tt csatlakozott volna a l&aacute;nglovagokhoz, a f\u0151t&ouml;rzs\u0151rmester ment\u0151z&ouml;tt is, s a b\u0171n&uuml;gyi tud&oacute;s&iacute;t&oacute;i p&aacute;ly&aacute;n is m&aacute;r m&aacute;sf&eacute;l &eacute;vtizedes m&uacute;ltat tudhat maga m&ouml;g&ouml;tt.<\/p>\n<div class=\"cikkpic\" style=\"width: 344px;\"><a href=\"javascript: void(0);\" onclick=\"javascript:window.open('\/galeria\/41034','kepgaleria','height=690,width=1020,status=no,toolbar=no,menubar=no,resizable=no,scrollbars=no,titlebar=no')\"> <span class=\"nagyit\"> &nbsp; <\/span> <img decoding=\"async\" align=\"left\" alt=\"T\u0171zolt\u00f3 IFA a m\u00fazeumban. A mint\u00e1ul szolg\u00e1l\u00f3 eredeti a f\u0151v\u00e1ros \u00fatjait r\u00f3ja. Fot\u00f3: L\u00e9n\u00e1rt M\u00e1rton\" src=\"http:\/\/heol.hu\/lapokkepek\/cikkek\/120000\/120030_ifa-tuzolto-benke-donat.jpg\" style=\"width: 206px; height: 148px;\" title=\"T\u0171zolt\u00f3 IFA a m\u00fazeumban. A mint\u00e1ul szolg\u00e1l\u00f3 eredeti a f\u0151v\u00e1ros \u00fatjait r\u00f3ja. Fot\u00f3: L\u00e9n\u00e1rt M\u00e1rton\" \/> <\/a> <span class=\"cap\">T\u0171zolt&oacute; IFA a m&uacute;zeumban. A mint&aacute;ul szolg&aacute;l&oacute; eredeti a f\u0151v&aacute;ros &uacute;tjait r&oacute;ja. Fot&oacute;: L&eacute;n&aacute;rt M&aacute;rton<\/span><\/div>\n<p><!--div class=\"imageWrapperCenter\" style=\"width: 366px;\">\n\t\t\t\n\n<div class=\"img1\">\n\t\t\t\t<a href=\"javascript:void(0);\" onclick=\"javascript:winopen('\/galeria\/41034');\">\n\t\t\t\t\t<img decoding=\"async\" alt=\"T\u0171zolt\u00f3 IFA a m\u00fazeumban. A mint\u00e1ul szolg\u00e1l\u00f3 eredeti a f\u0151v\u00e1ros \u00fatjait r\u00f3ja. Fot\u00f3: L\u00e9n\u00e1rt M\u00e1rton\" width=\"344\" src=\"http:\/\/heol.hu\/lapokkepek\/cikkek\/120000\/120030_ifa-tuzolto-benke-donat.jpg\" \/>\n\t\t\t\t<\/a>\n\t\t\t<\/div>\n\n\n\t\t\t\n\n<div class=\"img2\">\n\t\t\t\t\n\n<p class=\"imageNext\">\n\t\t\t\t\t<a href=\"javascript:void(0);\" onclick=\"javascript:winopen('\/galeria\/41034');\">\n\t\t\t\t\t\tTekintse meg k\u00e9pgal\u00e9ri\u00e1nkat!\n\t\t\t\t\t<\/a>\n\t\t\t\t<\/p>\n\n\n\t\t\t\t\n\n<p class=\"imageNext\">\n\t\t\t\t\t<a href=\"javascript:void(0);\" onclick=\"javascript:winopen('\/galeria\/41034');\">\n\t\t\t\t\t\t<img decoding=\"async\" alt=\"image\" src=\"\/images\/cam.gif\" \/>\n\t\t\t\t\t<\/a>\n\t\t\t\t<\/p>\n\n\n\t\t\t<\/div>\n\n\n\t\t\t\n\n<p class=\"imageText\">\n\t\t\t\tT\u0171zolt\u00f3 IFA a m\u00fazeumban. A mint\u00e1ul szolg\u00e1l\u00f3 eredeti a f\u0151v\u00e1ros \u00fatjait r\u00f3ja. Fot\u00f3: L\u00e9n\u00e1rt M\u00e1rton\n\t\t\t<\/p>\n\n\n\t\t<\/div-->\n<p>Gy\u0171jtem&eacute;nye mintegy 300 darabra r&uacute;g, melyek az 1880-as &eacute;vek l&oacute;vontatta g\u0151zfecskend\u0151j&eacute;t\u0151l napjainkig mutatj&aacute;k be sz&aacute;mos orsz&aacute;g t\u0171zolt&oacute; szereit. Legk&uuml;l&ouml;nlegesebb darabja egy, az 1900-es &eacute;vek elej&eacute;nek egyik amerikai t\u0171zolt&oacute;aut&oacute;j&aacute;t mint&aacute;z&oacute; modell, amely igencsak kalandos &uacute;ton jutott a gy\u0171jt\u0151h&ouml;z.<\/p>\n<p>&nbsp;<\/p>\n<div class=\"cikkpic\" style=\"width: 344px;\"><a href=\"javascript: void(0);\" onclick=\"javascript:window.open('\/galeria\/41034','kepgaleria','height=690,width=1020,status=no,toolbar=no,menubar=no,resizable=no,scrollbars=no,titlebar=no')\"> <span class=\"nagyit\"> &nbsp; <\/span> <img loading=\"lazy\" decoding=\"async\" align=\"left\" alt=\"Benke Don\u00e1t egyik b\u00fcszkes\u00e9ge ez az amerikai darab, amelyhez nem mindennapi m\u00f3don jutott hozz\u00e1. Fot\u00f3: L\u00e9n\u00e1rt M\u00e1rton\" height=\"135\" src=\"http:\/\/heol.hu\/lapokkepek\/cikkek\/120000\/120032_benke-donat-amerikai-tuzolto.jpg\" style=\"width: 207px; height: 135px;\" title=\"Benke Don\u00e1t egyik b\u00fcszkes\u00e9ge ez az amerikai darab, amelyhez nem mindennapi m\u00f3don jutott hozz\u00e1. Fot\u00f3: L\u00e9n\u00e1rt M\u00e1rton\" width=\"207\" \/> <\/a> <span class=\"cap\">Benke Don&aacute;t egyik b&uuml;szkes&eacute;ge ez az amerikai darab, amelyhez nem mindennapi m&oacute;don jutott hozz&aacute;. Fot&oacute;: L&eacute;n&aacute;rt M&aacute;rton<\/span><\/div>\n<div class=\"cikkpic\" style=\"width: 344px;\">&nbsp;<\/div>\n<div class=\"cikkpic\" style=\"width: 344px;\">&nbsp;<\/div>\n<p><!--div class=\"imageWrapperCenter\" style=\"width: 366px;\">\n\t\t\t\n\n<div class=\"img1\">\n\t\t\t\t<a href=\"javascript:void(0);\" onclick=\"javascript:winopen('\/galeria\/41034');\">\n\t\t\t\t\t<img decoding=\"async\" alt=\"Benke Don\u00e1t egyik b\u00fcszkes\u00e9ge ez az amerikai darab, amelyhez nem mindennapi m\u00f3don jutott hozz\u00e1. Fot\u00f3: L\u00e9n\u00e1rt M\u00e1rton\" width=\"344\" src=\"http:\/\/heol.hu\/lapokkepek\/cikkek\/120000\/120032_benke-donat-amerikai-tuzolto.jpg\" \/>\n\t\t\t\t<\/a>\n\t\t\t<\/div>\n\n\n\t\t\t\n\n<div class=\"img2\">\n\t\t\t\t\n\n<p class=\"imageNext\">\n\t\t\t\t\t<a href=\"javascript:void(0);\" onclick=\"javascript:winopen('\/galeria\/41034');\">\n\t\t\t\t\t\tTekintse meg k\u00e9pgal\u00e9ri\u00e1nkat!\n\t\t\t\t\t<\/a>\n\t\t\t\t<\/p>\n\n\n\t\t\t\t\n\n<p class=\"imageNext\">\n\t\t\t\t\t<a href=\"javascript:void(0);\" onclick=\"javascript:winopen('\/galeria\/41034');\">\n\t\t\t\t\t\t<img decoding=\"async\" alt=\"image\" src=\"\/images\/cam.gif\" \/>\n\t\t\t\t\t<\/a>\n\t\t\t\t<\/p>\n\n\n\t\t\t<\/div>\n\n\n\t\t\t\n\n<p class=\"imageText\">\n\t\t\t\tBenke Don\u00e1t egyik b\u00fcszkes\u00e9ge ez az amerikai darab, amelyhez nem mindennapi m\u00f3don jutott hozz\u00e1. Fot\u00f3: L\u00e9n\u00e1rt M\u00e1rton\n\t\t\t<\/p>\n\n\n\t\t<\/div-->\n<p>&ndash; Egyszer egy id\u0151s szentendrei f&eacute;rfi h&aacute;z&aacute;hoz k&eacute;rtek t\u0151l&uuml;nk seg&iacute;ts&eacute;get a ment\u0151k. A koros ember ugyanis leesett az &aacute;gyr&oacute;l, s combcsontt&ouml;r&eacute;st szenvedett, &aacute;m \u0151k nem tudt&aacute;k felemelni a s&uacute;lya miatt. A koll&eacute;g&aacute;im vitt&eacute;k le a ment\u0151h&ouml;z, &aacute;m a lak&aacute;sban felfigyeltek az egyik sarokban kall&oacute;d&oacute; t\u0171zolt&oacute;aut&oacute;ra. Tudj&aacute;k, hogy fanatikusan gy\u0171jt&ouml;m a modelleket, &iacute;gy le is fot&oacute;zt&aacute;k nekem &ndash; id&eacute;zi fel az esem&eacute;nyeket Benke Don&aacute;t, aki &uacute;gy d&ouml;nt&ouml;tt: tesz egy k&iacute;s&eacute;rletet, hogy megszerezze a modellt. Az id\u0151s ember sajnos &eacute;let&eacute;t vesztette a k&oacute;rh&aacute;zban, a kor&aacute;bban sok&aacute;ig az USA-ban &eacute;l\u0151 rokonok azonban fogadt&aacute;k a f\u0151t&ouml;rzs\u0151rmestert. Az elhunyt unokatestv&eacute;re kor&aacute;bban szint&eacute;n ment\u0151z&ouml;tt, s sz&iacute;vesen adta oda ingyen is az &eacute;rt&eacute;kes darabot a t\u0171zolt&oacute;nak. Az egy m&eacute;ter hossz&uacute; j&aacute;rm\u0171 gy&aacute;rt&oacute;ja &eacute;s k&eacute;sz&iacute;t&eacute;si ideje ismeretlen, s a t&ouml;ml\u0151k &eacute;s kerekek kiv&eacute;tel&eacute;vel minden eleme vasb&oacute;l k&eacute;sz&uuml;lt. Annyit tudni r&oacute;la, hogy az eredeti tulajdonos, Pali b&aacute;csi egy amerikai t\u0171zolt&oacute;parancsnokt&oacute;l kapta aj&aacute;nd&eacute;kba.<\/p>\n<p><!-- keretes tartalom a cikkben --><\/p>\n<div class=\"keretes\">\n<div class=\"inner\">\n<h4>Nem k&ouml;nny\u0171 a magyar gy\u0171jt\u0151k dolga<\/h4>\n<p class=\"keretesSzovege\">Legyen sz&oacute; modellr\u0151l, vagy makettr\u0151l, a hazai boltokban el&eacute;rhet\u0151 k&iacute;n&aacute;lat k&ouml;zel sem el&eacute;g&iacute;ti ki a gy\u0171jt\u0151k ig&eacute;nyeit. Az ut&oacute;bbi &eacute;vekben azonban egyre nagyobb seg&iacute;ts&eacute;get ny&uacute;jt a vil&aacute;gh&aacute;l&oacute;. Az interneten kereszt&uuml;l el&eacute;rhet\u0151ek &uacute;gy a k&uuml;lf&ouml;ldi szak&uuml;zletek friss term&eacute;kei, mint a hazai licit&aacute;l&oacute;s oldalakon fellelhet\u0151 ritkas&aacute;gok.<\/p>\n<\/p><\/div>\n<\/div>\n<p><!-- \/keretes tartalom a cikkben --><\/p>\n<p>A T\u0171zolt&oacute; M&uacute;zeum emeleti ki&aacute;ll&iacute;t&oacute;term&eacute;ben felsorakoztatott j&aacute;rm\u0171vek sor&aacute;ban t&ouml;bbek k&ouml;z&ouml;tt l&aacute;that&oacute; ment\u0151aut&oacute;k&eacute;nt funkcion&aacute;l&oacute; UAZ, a b\u0171n&ouml;z\u0151k nyom&aacute;ban sz&aacute;guld&oacute; Volga &eacute;s Zsiguli, t\u0171zesethez vonul&oacute; Csepel, de nem hi&aacute;nyozhatnak napjaink Fordjai, Skod&aacute;i &eacute;s IF&Aacute;-i, Mercedesei sem. Akit teh&aacute;t vonz a k&eacute;kl&aacute;mp&aacute;s j&aacute;rm\u0171vek vil&aacute;ga, vagy csak egy kis nosztalgi&aacute;z&aacute;sra v&aacute;gyik, annak &eacute;rdemes bet&eacute;rnie a valaha laktanyak&eacute;nt m\u0171k&ouml;d&ouml;tt m&uacute;zeumba.<\/p>\n<p>Forr&aacute;s: Heol<\/p>\n","protected":false},"excerpt":{"rendered":"<p>Jelent\u0151s t\u0171zolt&oacute;i er\u0151ket vontak &ouml;ssze Egerben. Eg&eacute;szen pontosan a T\u0171zolt&oacute; M&uacute;zeumban, ahol t&ouml;bb mint sz&aacute;z speci&aacute;lis j&aacute;rm\u0171 t&ouml;lti meg a vitrineket.<br \/>\nMindenkinek kell legyen valami hobbija &ndash; vallja az a k&eacute;t hivat&aacute;sos t\u0171zolt&oacute;, akiknek makett- &eacute;s modellgy\u0171jtem&eacute;ny&eacute;b\u0151l a h&eacute;ten ny&iacute;lt ki&aacute;ll&iacute;t&aacute;s az egri T\u0171zolt&oacute; M&uacute;zeumban. S mi m&aacute;sb&oacute;l is &aacute;llhatna kettej&uuml;k k&ouml;z&ouml;s t&aacute;rlata, mint a l&aacute;nglovagok [&#8230;]<\/p>\n","protected":false},"author":4,"featured_media":0,"comment_status":"closed","ping_status":"closed","sticky":false,"template":"","format":"standard","meta":{"footnotes":""},"categories":[4],"tags":[],"class_list":["post-688","post","type-post","status-publish","format-standard","hentry","category-szabadido"],"_links":{"self":[{"href":"https:\/\/www.agriatv.hu\/index.php?rest_route=\/wp\/v2\/posts\/688","targetHints":{"allow":["GET"]}}],"collection":[{"href":"https:\/\/www.agriatv.hu\/index.php?rest_route=\/wp\/v2\/posts"}],"about":[{"href":"https:\/\/www.agriatv.hu\/index.php?rest_route=\/wp\/v2\/types\/post"}],"author":[{"embeddable":true,"href":"https:\/\/www.agriatv.hu\/index.php?rest_route=\/wp\/v2\/users\/4"}],"replies":[{"embeddable":true,"href":"https:\/\/www.agriatv.hu\/index.php?rest_route=%2Fwp%2Fv2%2Fcomments&post=688"}],"version-history":[{"count":4,"href":"https:\/\/www.agriatv.hu\/index.php?rest_route=\/wp\/v2\/posts\/688\/revisions"}],"predecessor-version":[{"id":692,"href":"https:\/\/www.agriatv.hu\/index.php?rest_route=\/wp\/v2\/posts\/688\/revisions\/692"}],"wp:attachment":[{"href":"https:\/\/www.agriatv.hu\/index.php?rest_route=%2Fwp%2Fv2%2Fmedia&parent=688"}],"wp:term":[{"taxonomy":"category","embeddable":true,"href":"https:\/\/www.agriatv.hu\/index.php?rest_route=%2Fwp%2Fv2%2Fcategories&post=688"},{"taxonomy":"post_tag","embeddable":true,"href":"https:\/\/www.agriatv.hu\/index.php?rest_route=%2Fwp%2Fv2%2Ftags&post=688"}],"curies":[{"name":"wp","href":"https:\/\/api.w.org\/{rel}","templated":true}]}}