{"id":693,"date":"2010-07-25T14:53:07","date_gmt":"2010-07-25T14:53:07","guid":{"rendered":"http:\/\/www.agriatv.hu\/?p=693"},"modified":"2010-07-25T14:54:39","modified_gmt":"2010-07-25T14:54:39","slug":"bukki-nemzeti-park-fotopalyazat","status":"publish","type":"post","link":"https:\/\/www.agriatv.hu\/?p=693","title":{"rendered":"B\u00fckki Nemzeti Park fot\u00f3p\u00e1ly\u00e1zat"},"content":{"rendered":"<p class=\"cikkcikkei\">&nbsp;<\/p>\n<p><img decoding=\"async\" align=\"left\" class=\"kiskepcikkhez\" src=\"http:\/\/www.egriszin.hu\/RenderedContents\/IndexImages\/5\/5858-20100725134932-SANY2400.JPG\" title=\"\" \/><\/p>\n<p><b>Fot&oacute;p&aacute;ly&aacute;zatot hirdetett a B&uuml;kki Nemzeti Park Igazgat&oacute;s&aacute;ga 25 t&eacute;mak&ouml;rben, a hegys&eacute;gben tal&aacute;lhat&oacute; term&eacute;szeti &eacute;s kultur&aacute;lis &ouml;r&ouml;ks&eacute;g, a karakteres t&aacute;jr&eacute;szletek, e vid&eacute;k k&uuml;l&ouml;n&ouml;s &eacute;s egyedi &eacute;rt&eacute;kei &eacute;s az itt &eacute;l\u0151, az itt munk&aacute;lkod&oacute; emberek &eacute;let&eacute;nek bemutat&aacute;s&aacute;ra. A k&eacute;pek a &bdquo;B&uuml;kki Nemzeti Park&rdquo; c&iacute;m\u0171 fot&oacute;albumban jelennek meg.<\/b><\/p>\n<p align=\"justify\">A p&aacute;ly&aacute;zat c&eacute;lja a B&uuml;kk hegys&eacute;g &eacute;rt&eacute;keinek bemutat&aacute;sa, dokument&aacute;l&aacute;sa. A m\u0171v&eacute;szi kompoz&iacute;ci&oacute;n t&uacute;l, els\u0151sorban a bemutatott t&eacute;ma informat&iacute;v, t&aacute;j&eacute;koztat&oacute;, ismeretk&ouml;zl\u0151, dokumentat&iacute;v, didakt&iacute;v jelleg&eacute;t veszik figyelembe az &eacute;rt&eacute;kel&eacute;sn&eacute;l.<br \/>\n\tSzerz\u0151k&eacute;nt maximum 10 db k&eacute;pet v&aacute;rnak, amelyek lehetnek digit&aacute;lis fot&oacute;k, vagy hagyom&aacute;nyos technik&aacute;val k&eacute;sz&uuml;lt &eacute;s ut&oacute;lag digitaliz&aacute;lt (beszkennelt) felv&eacute;telek. A p&aacute;ly&aacute;z&oacute;k a digit&aacute;lis felv&eacute;teleiket a BNP &aacute;ltal l&eacute;trehozott k&eacute;pfelt&ouml;lt\u0151 webes fel&uuml;leten t&ouml;lthetik fel 2010. j&uacute;lius 15-t\u0151l szeptember 15-ig. A k&eacute;pfelt&ouml;lt\u0151 a <a href=\"http:\/\/www.bnpi.turul-lab.org\/\">www.bnpi.turul-lab.org<\/a> c&iacute;men &eacute;rhet\u0151 el. Tov&aacute;bbi r&eacute;szletek a <a href=\"http:\/\/bnp.nemzetipark.gov.hu\/?m=hir&amp;id=654\">http:\/\/bnp.nemzetipark.gov.hu\/?m=hir&amp;id=654<\/a> oldalon tal&aacute;lhat&oacute;k.<\/p>\n<p align=\"justify\"><strong>A fot&oacute;album tematik&aacute;ja (25 t&eacute;mak&ouml;r):<\/strong><\/p>\n<p align=\"justify\">\n\tTerm&eacute;szeti &ouml;r&ouml;ks&eacute;g<br \/>\n\t1.F&ouml;ldtani-term&eacute;szetf&ouml;ldrajzi t&eacute;m&aacute;j&uacute; fot&oacute;k <br \/>\n\t2.Karszt t&eacute;m&aacute;j&uacute; fot&oacute;k (barlangok, felsz&iacute;ni karsztform&aacute;k) <br \/>\n\t3.Vizek (forr&aacute;sok, patakok, tavak) <br \/>\n\t4.A n&ouml;v&eacute;nyvil&aacute;got bemutat&oacute; fot&oacute;k (fajok, t&aacute;rsul&aacute;sok) <br \/>\n\t5.Erd\u0151rezerv&aacute;tumok <br \/>\n\t6.A B&uuml;kk &aacute;llatvil&aacute;ga (fajok, &eacute;l\u0151helyek) <br \/>\n\t7.Term&eacute;szetv&eacute;delem (akt&iacute;v term&eacute;szetv&eacute;delmi tev&eacute;kenys&eacute;g, v&eacute;dett fajok, kezel&eacute;si tev&eacute;kenys&eacute;gek, fajmeg\u0151rz&eacute;si programok stb.) <br \/>\n\tEmber a B&uuml;kkben<br \/>\n\t8.\u0150sk\u0151kori kult&uacute;r&aacute;k nyomai (&quot;\u0151semberbarlangok&quot;) <br \/>\n\t9.R&eacute;g&eacute;szeti vonatkoz&aacute;s&uacute; helysz&iacute;nek, m\u0171eml&eacute;kek (pl. f&ouml;ldv&aacute;rak, er\u0151d&iacute;tett \u0151skori telepek, v&aacute;rak, kolostorok) <br \/>\n\t10.Utak a B&uuml;kkben (k&ouml;z&eacute;pkori utak, kisvasutak, zar&aacute;ndokutak, turistautak stb.) <br \/>\n\t11.Erd\u0151gazd&aacute;lkod&aacute;s &eacute;s erdei iparok (ipari m\u0171eml&eacute;kek) <br \/>\n\t12.Term&eacute;szetj&aacute;r&aacute;s, &ouml;koturizmus, akt&iacute;v turizmus <br \/>\n\tT&aacute;jak, t&aacute;jr&eacute;szletek<br \/>\n\t13.Az &quot;&Oacute;ri&aacute;sok asztala&quot; &#8211; a B&uuml;kk-fenns&iacute;k (Nagy-fenns&iacute;k) <br \/>\n\t14.A &quot;K&ouml;vek vonulata&quot; <br \/>\n\t15.A B&eacute;l-k\u0151 <br \/>\n\t16.A Garadna v&ouml;lgye &eacute;s a Kis-fenns&iacute;k <br \/>\n\t17.Szurdokv&ouml;lgyek, m&eacute;szk\u0151szirtek &#8211; &Eacute;szaki-B&uuml;kk <br \/>\n\t18.Vulkanitok &#8211; D&eacute;lnyugati-B&uuml;kk (Szarvask\u0151 k&ouml;rny&eacute;ke) <br \/>\n\t19.A &quot;kisgy\u0151ri Galy&aacute;k&quot; &#8211; D&eacute;lkeleti-B&uuml;kk <br \/>\n\t20.A H&oacute;r-v&ouml;lgy <br \/>\n\t21.Tufaszikl&aacute;k, &quot;kapt&aacute;rk&ouml;vek&quot; &#8211; B&uuml;kkalja (k\u0151kult&uacute;ra) <br \/>\n\tEgy&eacute;b<br \/>\n\t22.&Eacute;vszakok a B&uuml;kkben <br \/>\n\t23.L&eacute;gifot&oacute;k <br \/>\n\t24.Arch&iacute;v fot&oacute;k <br \/>\n\t25.Hangulatok<\/p>\n<p align=\"justify\">Forr&aacute;s: Egrisz&iacute;n<\/p>\n","protected":false},"excerpt":{"rendered":"<p>&nbsp;<\/p>\n<p>Fot&oacute;p&aacute;ly&aacute;zatot hirdetett a B&uuml;kki Nemzeti Park Igazgat&oacute;s&aacute;ga 25 t&eacute;mak&ouml;rben, a hegys&eacute;gben tal&aacute;lhat&oacute; term&eacute;szeti &eacute;s kultur&aacute;lis &ouml;r&ouml;ks&eacute;g, a karakteres t&aacute;jr&eacute;szletek, e vid&eacute;k k&uuml;l&ouml;n&ouml;s &eacute;s egyedi &eacute;rt&eacute;kei &eacute;s az itt &eacute;l\u0151, az itt munk&aacute;lkod&oacute; emberek &eacute;let&eacute;nek bemutat&aacute;s&aacute;ra. A k&eacute;pek a &bdquo;B&uuml;kki Nemzeti Park&rdquo; c&iacute;m\u0171 fot&oacute;albumban jelennek meg.<br \/>\nA p&aacute;ly&aacute;zat c&eacute;lja a B&uuml;kk hegys&eacute;g &eacute;rt&eacute;keinek bemutat&aacute;sa, dokument&aacute;l&aacute;sa. A m\u0171v&eacute;szi [&#8230;]<\/p>\n","protected":false},"author":4,"featured_media":0,"comment_status":"closed","ping_status":"closed","sticky":false,"template":"","format":"standard","meta":{"footnotes":""},"categories":[4],"tags":[],"class_list":["post-693","post","type-post","status-publish","format-standard","hentry","category-szabadido"],"_links":{"self":[{"href":"https:\/\/www.agriatv.hu\/index.php?rest_route=\/wp\/v2\/posts\/693","targetHints":{"allow":["GET"]}}],"collection":[{"href":"https:\/\/www.agriatv.hu\/index.php?rest_route=\/wp\/v2\/posts"}],"about":[{"href":"https:\/\/www.agriatv.hu\/index.php?rest_route=\/wp\/v2\/types\/post"}],"author":[{"embeddable":true,"href":"https:\/\/www.agriatv.hu\/index.php?rest_route=\/wp\/v2\/users\/4"}],"replies":[{"embeddable":true,"href":"https:\/\/www.agriatv.hu\/index.php?rest_route=%2Fwp%2Fv2%2Fcomments&post=693"}],"version-history":[{"count":2,"href":"https:\/\/www.agriatv.hu\/index.php?rest_route=\/wp\/v2\/posts\/693\/revisions"}],"predecessor-version":[{"id":697,"href":"https:\/\/www.agriatv.hu\/index.php?rest_route=\/wp\/v2\/posts\/693\/revisions\/697"}],"wp:attachment":[{"href":"https:\/\/www.agriatv.hu\/index.php?rest_route=%2Fwp%2Fv2%2Fmedia&parent=693"}],"wp:term":[{"taxonomy":"category","embeddable":true,"href":"https:\/\/www.agriatv.hu\/index.php?rest_route=%2Fwp%2Fv2%2Fcategories&post=693"},{"taxonomy":"post_tag","embeddable":true,"href":"https:\/\/www.agriatv.hu\/index.php?rest_route=%2Fwp%2Fv2%2Ftags&post=693"}],"curies":[{"name":"wp","href":"https:\/\/api.w.org\/{rel}","templated":true}]}}