{"id":695,"date":"2010-07-25T14:54:25","date_gmt":"2010-07-25T14:54:25","guid":{"rendered":"http:\/\/www.agriatv.hu\/?p=695"},"modified":"2010-07-25T14:54:25","modified_gmt":"2010-07-25T14:54:25","slug":"csokkent-a-munkanelkuliek-szama-heves-megyeben","status":"publish","type":"post","link":"https:\/\/www.agriatv.hu\/?p=695","title":{"rendered":"Cs\u00f6kkent a munkan\u00e9lk\u00fcliek sz\u00e1ma Heves megy\u00e9ben"},"content":{"rendered":"<p class=\"cikkcikkei\">&nbsp;<\/p>\n<p><img decoding=\"async\" align=\"left\" class=\"kiskepcikkhez\" src=\"http:\/\/www.egriszin.hu\/RenderedContents\/IndexImages\/5\/5861-20100725153109-jobloss.jpg\" title=\"\" \/><\/p>\n<p><b>Az &Aacute;llami Foglalkoztat&aacute;si Szolg&aacute;lat j&uacute;niusi adatai alapj&aacute;n 3,6 %-kal cs&ouml;kkent a nyilv&aacute;ntartott &aacute;ll&aacute;skeres\u0151k sz&aacute;ma Heves megy&eacute;ben az egy h&oacute;nappal kor&aacute;bbi adatokhoz k&eacute;pest.<\/b><\/p>\n<div align=\"justify\">A nyilv&aacute;noss&aacute;gra hozott adatok alapj&aacute;n a megy&eacute;ben 19475-en k&eacute;nytelenek bejelentett munka n&eacute;lk&uuml;l &eacute;lni. J&uacute;niusban 726-an tal&aacute;ltak maguknak munkahelyet. Ez azt jelenti, hogy jelenleg a megy&eacute;ben a gazdas&aacute;gilag akt&iacute;v n&eacute;pess&eacute;g 14,7 sz&aacute;zal&eacute;ka &eacute;l munka n&eacute;lk&uuml;l.<\/div>\n<div align=\"justify\">Sz\u0171kebb haz&aacute;nkban a j&uacute;niusi adatok szerint 1858 volt a nyilv&aacute;ntartott &aacute;ll&aacute;skeres\u0151 p&aacute;lyakezd\u0151k l&eacute;tsz&aacute;ma, ez mind&ouml;ssze 9-el t&ouml;bb, mint az el\u0151z\u0151 havi &ouml;sszes&iacute;t&eacute;s eredm&eacute;nye. J&uacute;niusban Heves megy&eacute;ben 1713 &aacute;ll&aacute;shelyet jelentettek be, m&iacute;g a h&oacute;nap folyam&aacute;n megsz\u0171nt &aacute;ll&aacute;shelyek sz&aacute;ma 1387 volt.<\/div>\n<div align=\"justify\">Forr&aacute;s: Egrisz&iacute;n<\/div>\n","protected":false},"excerpt":{"rendered":"<p>&nbsp;<\/p>\n<p>Az &Aacute;llami Foglalkoztat&aacute;si Szolg&aacute;lat j&uacute;niusi adatai alapj&aacute;n 3,6 %-kal cs&ouml;kkent a nyilv&aacute;ntartott &aacute;ll&aacute;skeres\u0151k sz&aacute;ma Heves megy&eacute;ben az egy h&oacute;nappal kor&aacute;bbi adatokhoz k&eacute;pest.<br \/>\nA nyilv&aacute;noss&aacute;gra hozott adatok alapj&aacute;n a megy&eacute;ben 19475-en k&eacute;nytelenek bejelentett munka n&eacute;lk&uuml;l &eacute;lni. J&uacute;niusban 726-an tal&aacute;ltak maguknak munkahelyet. Ez azt jelenti, hogy jelenleg a megy&eacute;ben a gazdas&aacute;gilag akt&iacute;v n&eacute;pess&eacute;g 14,7 sz&aacute;zal&eacute;ka &eacute;l munka n&eacute;lk&uuml;l.<br \/>\nSz\u0171kebb [&#8230;]<\/p>\n","protected":false},"author":4,"featured_media":0,"comment_status":"closed","ping_status":"closed","sticky":false,"template":"","format":"standard","meta":{"footnotes":""},"categories":[6],"tags":[],"class_list":["post-695","post","type-post","status-publish","format-standard","hentry","category-belfold"],"_links":{"self":[{"href":"https:\/\/www.agriatv.hu\/index.php?rest_route=\/wp\/v2\/posts\/695","targetHints":{"allow":["GET"]}}],"collection":[{"href":"https:\/\/www.agriatv.hu\/index.php?rest_route=\/wp\/v2\/posts"}],"about":[{"href":"https:\/\/www.agriatv.hu\/index.php?rest_route=\/wp\/v2\/types\/post"}],"author":[{"embeddable":true,"href":"https:\/\/www.agriatv.hu\/index.php?rest_route=\/wp\/v2\/users\/4"}],"replies":[{"embeddable":true,"href":"https:\/\/www.agriatv.hu\/index.php?rest_route=%2Fwp%2Fv2%2Fcomments&post=695"}],"version-history":[{"count":1,"href":"https:\/\/www.agriatv.hu\/index.php?rest_route=\/wp\/v2\/posts\/695\/revisions"}],"predecessor-version":[{"id":696,"href":"https:\/\/www.agriatv.hu\/index.php?rest_route=\/wp\/v2\/posts\/695\/revisions\/696"}],"wp:attachment":[{"href":"https:\/\/www.agriatv.hu\/index.php?rest_route=%2Fwp%2Fv2%2Fmedia&parent=695"}],"wp:term":[{"taxonomy":"category","embeddable":true,"href":"https:\/\/www.agriatv.hu\/index.php?rest_route=%2Fwp%2Fv2%2Fcategories&post=695"},{"taxonomy":"post_tag","embeddable":true,"href":"https:\/\/www.agriatv.hu\/index.php?rest_route=%2Fwp%2Fv2%2Ftags&post=695"}],"curies":[{"name":"wp","href":"https:\/\/api.w.org\/{rel}","templated":true}]}}