{"id":698,"date":"2010-07-25T14:56:01","date_gmt":"2010-07-25T14:56:01","guid":{"rendered":"http:\/\/www.agriatv.hu\/?p=698"},"modified":"2010-07-25T14:56:01","modified_gmt":"2010-07-25T14:56:01","slug":"kabitoszer-es-veszelyes-eszkozok-az-egri-ejszakaban","status":"publish","type":"post","link":"https:\/\/www.agriatv.hu\/?p=698","title":{"rendered":"K\u00e1b\u00edt\u00f3szer \u00e9s vesz\u00e9lyes eszk\u00f6z\u00f6k az egri \u00e9jszak\u00e1ban"},"content":{"rendered":"<p><img loading=\"lazy\" decoding=\"async\" align=\"left\" alt=\"\" height=\"239\" src=\"http:\/\/heol.hu\/lapokkepek\/cikkek\/120000\/120100_kertesz.jpg\" style=\"width: 399px; height: 239px;\" title=\"\" width=\"399\" \/><strong>Fokozott rend\u0151ri ellen\u0151rz&eacute;s keret&eacute;ben t&ouml;bb fiatalt is igazoltattak Egerben. H&eacute;t ifj&uacute;n&aacute;l k&aacute;b&iacute;t&oacute;szert &eacute;s k&ouml;zbiztons&aacute;gra vesz&eacute;lyes eszk&ouml;z&ouml;ket tal&aacute;ltak.<\/strong><\/p>\n<p>El\u0151&aacute;ll&iacute;tott&aacute;k &eacute;s kihallgatt&aacute;k azt a h&eacute;t fiatalembert, akikn&eacute;l&nbsp;vas&aacute;rnapra virrad&oacute; &eacute;jjel egy&nbsp;rend\u0151ri ellen\u0151rz&eacute;s sor&aacute;n k&aacute;b&iacute;t&oacute;szert &eacute;s k&uuml;l&ouml;nf&eacute;le, a k&ouml;zbiztons&aacute;gra vesz&eacute;lyes eszk&ouml;z&ouml;ket tal&aacute;ltak. <strong>Solt&eacute;sz B&aacute;lint, <\/strong>a Heves Megyei Rend\u0151r-f\u0151kapit&aacute;nys&aacute;g sajt&oacute;sz&oacute;viv\u0151je<strong>&nbsp;<\/strong>ezt a t&aacute;j&eacute;koztat&aacute;st azt k&ouml;vet\u0151en adta, hogy egy olvas&oacute;nk bek&uuml;ld&ouml;tt egy &eacute;jszakai felv&eacute;telt, amelyen fiatalok &#8211; h&aacute;tuk m&ouml;g&ouml;tt rend\u0151r&ouml;kkel &#8211; t&aacute;masztj&aacute;k az egyik &uuml;zlet falait a Makl&aacute;ri utc&aacute;ban.<\/p>\n<p>Forr&aacute;s: Heol<\/p>\n","protected":false},"excerpt":{"rendered":"<p>Fokozott rend\u0151ri ellen\u0151rz&eacute;s keret&eacute;ben t&ouml;bb fiatalt is igazoltattak Egerben. H&eacute;t ifj&uacute;n&aacute;l k&aacute;b&iacute;t&oacute;szert &eacute;s k&ouml;zbiztons&aacute;gra vesz&eacute;lyes eszk&ouml;z&ouml;ket tal&aacute;ltak.<br \/>\nEl\u0151&aacute;ll&iacute;tott&aacute;k &eacute;s kihallgatt&aacute;k azt a h&eacute;t fiatalembert, akikn&eacute;l&nbsp;vas&aacute;rnapra virrad&oacute; &eacute;jjel egy&nbsp;rend\u0151ri ellen\u0151rz&eacute;s sor&aacute;n k&aacute;b&iacute;t&oacute;szert &eacute;s k&uuml;l&ouml;nf&eacute;le, a k&ouml;zbiztons&aacute;gra vesz&eacute;lyes eszk&ouml;z&ouml;ket tal&aacute;ltak. Solt&eacute;sz B&aacute;lint, a Heves Megyei Rend\u0151r-f\u0151kapit&aacute;nys&aacute;g sajt&oacute;sz&oacute;viv\u0151je&nbsp;ezt a t&aacute;j&eacute;koztat&aacute;st azt k&ouml;vet\u0151en adta, hogy egy olvas&oacute;nk bek&uuml;ld&ouml;tt egy &eacute;jszakai [&#8230;]<\/p>\n","protected":false},"author":4,"featured_media":0,"comment_status":"closed","ping_status":"closed","sticky":false,"template":"","format":"standard","meta":{"footnotes":""},"categories":[5],"tags":[],"class_list":["post-698","post","type-post","status-publish","format-standard","hentry","category-kek-hirek"],"_links":{"self":[{"href":"https:\/\/www.agriatv.hu\/index.php?rest_route=\/wp\/v2\/posts\/698","targetHints":{"allow":["GET"]}}],"collection":[{"href":"https:\/\/www.agriatv.hu\/index.php?rest_route=\/wp\/v2\/posts"}],"about":[{"href":"https:\/\/www.agriatv.hu\/index.php?rest_route=\/wp\/v2\/types\/post"}],"author":[{"embeddable":true,"href":"https:\/\/www.agriatv.hu\/index.php?rest_route=\/wp\/v2\/users\/4"}],"replies":[{"embeddable":true,"href":"https:\/\/www.agriatv.hu\/index.php?rest_route=%2Fwp%2Fv2%2Fcomments&post=698"}],"version-history":[{"count":1,"href":"https:\/\/www.agriatv.hu\/index.php?rest_route=\/wp\/v2\/posts\/698\/revisions"}],"predecessor-version":[{"id":699,"href":"https:\/\/www.agriatv.hu\/index.php?rest_route=\/wp\/v2\/posts\/698\/revisions\/699"}],"wp:attachment":[{"href":"https:\/\/www.agriatv.hu\/index.php?rest_route=%2Fwp%2Fv2%2Fmedia&parent=698"}],"wp:term":[{"taxonomy":"category","embeddable":true,"href":"https:\/\/www.agriatv.hu\/index.php?rest_route=%2Fwp%2Fv2%2Fcategories&post=698"},{"taxonomy":"post_tag","embeddable":true,"href":"https:\/\/www.agriatv.hu\/index.php?rest_route=%2Fwp%2Fv2%2Ftags&post=698"}],"curies":[{"name":"wp","href":"https:\/\/api.w.org\/{rel}","templated":true}]}}