{"id":7002,"date":"2012-03-14T00:09:07","date_gmt":"2012-03-14T00:09:07","guid":{"rendered":"http:\/\/www.agriatv.hu\/?p=7002"},"modified":"2012-03-15T12:59:31","modified_gmt":"2012-03-15T12:59:31","slug":"nepszavazas-az-egri-var-falarol-uzent-az-lmp","status":"publish","type":"post","link":"https:\/\/www.agriatv.hu\/?p=7002","title":{"rendered":"N\u00e9pszavaz\u00e1s: az egri v\u00e1r fal\u00e1r\u00f3l \u00fczent az LMP"},"content":{"rendered":"<p><strong><a href=\"https:\/\/www.agriatv.hu\/wp-content\/uploads\/2012\/03\/0314lmp_V.jpg\"><img loading=\"lazy\" decoding=\"async\" class=\"alignleft  wp-image-7004\" title=\"0314lmp_V\" src=\"https:\/\/www.agriatv.hu\/wp-content\/uploads\/2012\/03\/0314lmp_V-300x240.jpg\" alt=\"\" width=\"135\" height=\"86\" \/><\/a>Szerda d\u00e9lut\u00e1n a Lehet M\u00e1s a Politika egri aktivist\u00e1i hatalmas leplet engedtek le az egri v\u00e1r oldal\u00e1r\u00f3l, a Dob\u00f3 b\u00e1stya melletti toronyb\u00f3l. A megyesz\u00e9khelyen eddig szokatlan akci\u00f3val az LMP \u00e1ltal ind\u00edtott al\u00e1\u00edr\u00e1sgy\u0171jt\u00e9si kamp\u00e1nyra h\u00edvt\u00e1k fel a figyelmet.<\/strong><\/p>\n<p>\u201eA falak ereje nem a k\u0151ben vagyon, hanem a v\u00e9d\u0151k lelk\u00e9ben\u201d \u2013 sz\u00f3lt az \u00fczenet. Dob\u00f3 Istv\u00e1n v\u00e1rkapit\u00e1ny h\u00edres szavaival az akci\u00f3 a n\u00e9pszavaz\u00e1si kezdem\u00e9nyez\u00e9sre \u00e9s al\u00e1\u00edr\u00e1sgy\u0171jt\u00e9sre h\u00edvt\u00e1k fel a figyelmet. Az al\u00e1\u00edr\u00e1sgy\u0171jt\u00e9s Egerben \u00e9s Heves megy\u00e9ben dr. Csarn\u00f3 \u00c1kos egri \u00f6nkorm\u00e1nyzati k\u00e9pvisel\u0151 szerint j\u00f3l halad, de \u201em\u00e9g k\u00f6zel sem \u00e9rt v\u00e9get, a lepel pedig ak\u00e1rhol felt\u0171nhet az orsz\u00e1gban\u201d.<div class=\"wordtube\">\n<div class=\"wordtube single527\" id=\"WT1_1\" style=\"width:320px; height:240px;\">\n<a href=\"http:\/\/www.macromedia.com\/go\/getflashplayer\">Get the Flash Player<\/a> to see the wordTube Media Player.\n<\/div><\/div>\n\t<script type=\"text\/javascript\" defer=\"defer\">\nvar WT1_1 = {\n\tparams : {\n\t\twmode : \"opaque\",\n\t\tallowscriptaccess : \"always\",\n\t\tallownetworking : \"all\",\n\t\tallowfullscreen : \"true\"},\n\tflashvars : {\n\t\tfile : \"http%3A%2F%2Fwww.agriatv.hu%2Fwp-content%2Fuploads%2F2012%2F03%2F0314lmp.flv\",\n\t\tvolume : \"80\",\n\t\tbufferlength : \"5\",\n\t\tquality : \"false\",\n\t\t'logo.hide' : \"false\",\n\t\timage : \"http%3A%2F%2Fwww.agriatv.hu%2Fwp-content%2Fuploads%2F2012%2F03%2F0314lmp.jpg\",\n\t\ttitle : \"0314lmp.flv\",\n\t\tlinktarget : \"_self\"},\n\tattr : {\n\t\tid : \"WT1\",\n\t\tname : \"WT1\"},\n\tstart : function() {\n\t\tswfobject.embedSWF(\"https:\/\/www.agriatv.hu\/\/player.swf\", \"WT1_1\", \"320\", \"240\", \"9.0.0\", false, this.flashvars, this.params , this.attr );\n\t}\n}\nWT1_1.start();\n\t<\/script>\n<\/p>\n<p>Az al\u00e1\u00edr\u00e1sgy\u0171jt\u00e9s megkezd\u00e9se \u00f3ta eltelt t\u00f6bb mint egy h\u00e9t alatt 30 ezer al\u00e1\u00edr\u00e1st siker\u00fclt \u00f6sszegy\u0171jtenie az LMP-nek n\u00e9pszavaz\u00e1s-kezdem\u00e9nyez\u00e9s\u00e9hez az \u00e1ltala feltett n\u00e9gy k\u00e9rd\u00e9sben &#8211; mondta el kor\u00e1bban Kar\u00e1csony Gergely, a p\u00e1rt frakci\u00f3vezet\u0151-helyettese g\u00f6d\u00f6ll\u0151i sajt\u00f3t\u00e1j\u00e9koztat\u00f3j\u00e1n kedden.<\/p>\n<p>Az egy h\u00e9t alatt \u00f6sszegy\u0171jt\u00f6tt 30 ezer al\u00e1\u00edr\u00e1s azt mutatja, hogy j\u00f3l indult a gy\u0171jt\u00e9s, de enn\u00e9l is fontosabb, hogy k\u00f6zel 10 ezer \u00e1llampolg\u00e1r v\u00e1llalta, maga is r\u00e9szt vesz az al\u00e1\u00edr\u00e1sok \u00f6sszeszed\u00e9s\u00e9ben &#8211; k\u00f6z\u00f6lte Kar\u00e1csony Gergely a Talpra magyar! c\u00edmmel megtartott sajt\u00f3t\u00e1j\u00e9koztat\u00f3n.<\/p>\n<p>&#8222;Ez az\u00e9rt fontos, mert ez nem egy hagyom\u00e1nyos p\u00e1rt hagyom\u00e1nyos n\u00e9pszavaz\u00e1si kezdem\u00e9nyez\u00e9se. Nagyon b\u00edzunk az \u00f6nk\u00e9ntesekben, \u00e9s igaz\u00e1b\u00f3l r\u00e1juk szeretn\u00e9nk ezt a kamp\u00e1nyt alapozni. Azt szeretn\u00e9nk, ha val\u00f3ban az \u00e1llampolg\u00e1rok venn\u00e9k kez\u00fckbe az orsz\u00e1g sors\u00e1t&#8221; &#8211; hangs\u00falyozta a politikus.Az al\u00e1\u00edr\u00e1sgy\u0171jt\u00e9ssel c\u00e9l az is, hogy besz\u00e9lgethessenek azokkal, akiket \u00e9rdekelnek a feltett k\u00e9rd\u00e9sek. Az eddigi tapasztalatok azt mutatj\u00e1k, az emberek nagyon pozit\u00edvan fogadj\u00e1k a kezdem\u00e9nyez\u00e9st, \u00e9s &#8222;\u00f6r\u00fclnek annak, hogy lehet\u0151s\u00e9g\u00fck van kifejezni sokszor meglehet\u0151sen kritikus v\u00e9lem\u00e9ny\u00fcket a korm\u00e1ny politik\u00e1j\u00e1val kapcsolatban&#8221; &#8211; fogalmazott Kar\u00e1csony Gergely.\u00a0A n\u00e9pszavaz\u00e1s ki\u00edr\u00e1s\u00e1hoz sz\u00fcks\u00e9ges 200 ezer al\u00e1\u00edr\u00e1st \u00e1prilis 2-ig kell \u00f6sszegy\u0171jteni. A politikus hozz\u00e1tette: rem\u00e9nyeik szerint a mostani n\u00e9gy k\u00e9rd\u00e9s mell\u00e9 egy \u00f6t\u00f6dik is csatlakozhat, amennyiben az Alkotm\u00e1nyb\u00edr\u00f3s\u00e1g pozit\u00edvan d\u00f6nt nyugd\u00edj\u00fcgyi beadv\u00e1nyukr\u00f3l, hogy a kor\u00e1bban megszerzett nyugd\u00edjjogosults\u00e1gokat ne lehessen elvenni.<\/p>\n<p>A Lehet M\u00e1s a Politika m\u00e1rcius 5-\u00e9n n\u00e9gy k\u00e9rd\u00e9sben kezdte meg az orsz\u00e1gos al\u00e1\u00edr\u00e1sgy\u0171jt\u00e9st a 2012-es n\u00e9pszavaz\u00e1shoz. A kezdem\u00e9nyez\u00e9ssel azt szeretn\u00e9k el\u00e9rni, hogy a tank\u00f6telezetts\u00e9g korhat\u00e1ra tov\u00e1bbra is 18 \u00e9v maradjon, emelj\u00e9k vissza az \u00e1ll\u00e1skeres\u00e9si j\u00e1rad\u00e9k foly\u00f3s\u00edt\u00e1s\u00e1nak id\u0151tartam\u00e1t a jelenlegi kilencven napr\u00f3l a kor\u00e1bbi 260 napra, 100 napn\u00e1l hosszabb pr\u00f3baid\u0151t ne lehessen kik\u00f6tni \u00e9s v\u00e9g\u00fcl a szabads\u00e1g k\u00e9tharmad\u00e1t a munkav\u00e1llal\u00f3 k\u00e9r\u00e9s\u00e9nek megfelel\u0151en kelljen kiadni.<\/p>\n<p>Egri \u00dcgyek\/MTI<\/p>\n<div><\/div>\n","protected":false},"excerpt":{"rendered":"<p>Szerda d\u00e9lut\u00e1n a Lehet M\u00e1s a Politika egri aktivist\u00e1i hatalmas leplet engedtek le az egri v\u00e1r oldal\u00e1r\u00f3l, a Dob\u00f3 b\u00e1stya melletti toronyb\u00f3l. A megyesz\u00e9khelyen eddig szokatlan akci\u00f3val az LMP \u00e1ltal ind\u00edtott al\u00e1\u00edr\u00e1sgy\u0171jt\u00e9si kamp\u00e1nyra h\u00edvt\u00e1k fel a figyelmet.<br \/>\n\u201eA falak ereje nem a k\u0151ben vagyon, hanem a v\u00e9d\u0151k lelk\u00e9ben\u201d \u2013 sz\u00f3lt az \u00fczenet. Dob\u00f3 Istv\u00e1n v\u00e1rkapit\u00e1ny h\u00edres [&#8230;]<\/p>\n","protected":false},"author":4,"featured_media":0,"comment_status":"open","ping_status":"open","sticky":false,"template":"","format":"standard","meta":{"footnotes":""},"categories":[3],"tags":[342,1034,1002,224,193],"class_list":["post-7002","post","type-post","status-publish","format-standard","hentry","category-politika","tag-akcio","tag-alairas","tag-kampany","tag-lmp","tag-var"],"_links":{"self":[{"href":"https:\/\/www.agriatv.hu\/index.php?rest_route=\/wp\/v2\/posts\/7002","targetHints":{"allow":["GET"]}}],"collection":[{"href":"https:\/\/www.agriatv.hu\/index.php?rest_route=\/wp\/v2\/posts"}],"about":[{"href":"https:\/\/www.agriatv.hu\/index.php?rest_route=\/wp\/v2\/types\/post"}],"author":[{"embeddable":true,"href":"https:\/\/www.agriatv.hu\/index.php?rest_route=\/wp\/v2\/users\/4"}],"replies":[{"embeddable":true,"href":"https:\/\/www.agriatv.hu\/index.php?rest_route=%2Fwp%2Fv2%2Fcomments&post=7002"}],"version-history":[{"count":5,"href":"https:\/\/www.agriatv.hu\/index.php?rest_route=\/wp\/v2\/posts\/7002\/revisions"}],"predecessor-version":[{"id":7007,"href":"https:\/\/www.agriatv.hu\/index.php?rest_route=\/wp\/v2\/posts\/7002\/revisions\/7007"}],"wp:attachment":[{"href":"https:\/\/www.agriatv.hu\/index.php?rest_route=%2Fwp%2Fv2%2Fmedia&parent=7002"}],"wp:term":[{"taxonomy":"category","embeddable":true,"href":"https:\/\/www.agriatv.hu\/index.php?rest_route=%2Fwp%2Fv2%2Fcategories&post=7002"},{"taxonomy":"post_tag","embeddable":true,"href":"https:\/\/www.agriatv.hu\/index.php?rest_route=%2Fwp%2Fv2%2Ftags&post=7002"}],"curies":[{"name":"wp","href":"https:\/\/api.w.org\/{rel}","templated":true}]}}