{"id":7096,"date":"2012-03-23T20:45:43","date_gmt":"2012-03-23T20:45:43","guid":{"rendered":"http:\/\/www.agriatv.hu\/?p=7096"},"modified":"2012-03-23T20:45:43","modified_gmt":"2012-03-23T20:45:43","slug":"pert-vesztett-a-hir-tv-az-mszp-s-kepviselovel-szemben","status":"publish","type":"post","link":"https:\/\/www.agriatv.hu\/?p=7096","title":{"rendered":"Pert vesztett a H\u00edr TV az MSZP-s k\u00e9pvisel\u0151vel szemben"},"content":{"rendered":"<p>&nbsp;<\/p>\n<p><img loading=\"lazy\" decoding=\"async\" class=\"alignleft\" src=\"http:\/\/www.egriszin.hu\/RenderedContents\/IndexImages\/9\/9249-20120323123040-Sos_Tamas.jpg\" alt=\"\" width=\"113\" height=\"150\" \/><\/p>\n<p><strong>Dr. S\u00f3s Tam\u00e1s, az MSZP orsz\u00e1ggy\u0171l\u00e9si k\u00e9pvisel\u0151je, a Heves Megyei K\u00f6zgy\u0171l\u00e9s kor\u00e1bbi eln\u00f6ke perelte be a H\u00edr TV-t, a C\u00e9lpont c\u00edm\u0171 oknyomoz\u00f3 m\u0171sor 2010. augusztusi ad\u00e1s\u00e1ban vele kapcsolatban elhangzottak miatt- \u00edrja a N\u00e9pszava online.<\/strong><\/p>\n<div align=\"justify\">A b\u00edr\u00f3s\u00e1gon az alperes H\u00edr TV-t a c\u00e9g \u00fcgyv\u00e9dje k\u00e9pviselte, tan\u00fak\u00e9nt pedig kiz\u00e1r\u00f3lag Kisberk Szabolcsot, a C\u00e9lpont m\u0171sorvezet\u0151j\u00e9t hallgatt\u00e1k meg.<\/p>\n<p>A b\u00edr\u00f3s\u00e1g \u00edt\u00e9let\u00e9ben kimondta, hogy a H\u00edr TV megs\u00e9rtette Dr. S\u00f3s Tam\u00e1s szem\u00e9lyis\u00e9gi jogait. Alaptalanul azt h\u00edresztelt\u00e9k, hogy a politikus megyei k\u00f6zgy\u0171l\u00e9si eln\u00f6kk\u00e9nt k\u00f6zrem\u0171k\u00f6d\u00f6tt a k\u00f6zp\u00e9nzek jogellenes felhaszn\u00e1l\u00e1s\u00e1ban. A b\u00edr\u00f3s\u00e1g helyreigaz\u00edt\u00e1sra \u00e9s a perk\u00f6lts\u00e9g megfizet\u00e9s\u00e9re k\u00f6telezte a telev\u00edzi\u00f3t, illetve eltiltott\u00e1k azt a jogs\u00e9rt\u0151 magatart\u00e1s folytat\u00e1s\u00e1t\u00f3l. Az \u00edt\u00e9let nem joger\u0151s.<\/p><\/div>\n<div align=\"justify\"><\/div>\n<p>forr\u00e1s. n\u00e9pszava.hu<\/p>\n","protected":false},"excerpt":{"rendered":"<p>&nbsp;<\/p>\n<p>Dr. S\u00f3s Tam\u00e1s, az MSZP orsz\u00e1ggy\u0171l\u00e9si k\u00e9pvisel\u0151je, a Heves Megyei K\u00f6zgy\u0171l\u00e9s kor\u00e1bbi eln\u00f6ke perelte be a H\u00edr TV-t, a C\u00e9lpont c\u00edm\u0171 oknyomoz\u00f3 m\u0171sor 2010. augusztusi ad\u00e1s\u00e1ban vele kapcsolatban elhangzottak miatt- \u00edrja a N\u00e9pszava online.<br \/>\nA b\u00edr\u00f3s\u00e1gon az alperes H\u00edr TV-t a c\u00e9g \u00fcgyv\u00e9dje k\u00e9pviselte, tan\u00fak\u00e9nt pedig kiz\u00e1r\u00f3lag Kisberk Szabolcsot, a C\u00e9lpont m\u0171sorvezet\u0151j\u00e9t hallgatt\u00e1k meg.<br \/>\nA b\u00edr\u00f3s\u00e1g \u00edt\u00e9let\u00e9ben [&#8230;]<\/p>\n","protected":false},"author":4,"featured_media":0,"comment_status":"open","ping_status":"open","sticky":false,"template":"","format":"standard","meta":{"footnotes":""},"categories":[3],"tags":[71,1064,1030,68],"class_list":["post-7096","post","type-post","status-publish","format-standard","hentry","category-politika","tag-birosag","tag-hir-tv","tag-per","tag-sos-tamas"],"_links":{"self":[{"href":"https:\/\/www.agriatv.hu\/index.php?rest_route=\/wp\/v2\/posts\/7096","targetHints":{"allow":["GET"]}}],"collection":[{"href":"https:\/\/www.agriatv.hu\/index.php?rest_route=\/wp\/v2\/posts"}],"about":[{"href":"https:\/\/www.agriatv.hu\/index.php?rest_route=\/wp\/v2\/types\/post"}],"author":[{"embeddable":true,"href":"https:\/\/www.agriatv.hu\/index.php?rest_route=\/wp\/v2\/users\/4"}],"replies":[{"embeddable":true,"href":"https:\/\/www.agriatv.hu\/index.php?rest_route=%2Fwp%2Fv2%2Fcomments&post=7096"}],"version-history":[{"count":1,"href":"https:\/\/www.agriatv.hu\/index.php?rest_route=\/wp\/v2\/posts\/7096\/revisions"}],"predecessor-version":[{"id":7097,"href":"https:\/\/www.agriatv.hu\/index.php?rest_route=\/wp\/v2\/posts\/7096\/revisions\/7097"}],"wp:attachment":[{"href":"https:\/\/www.agriatv.hu\/index.php?rest_route=%2Fwp%2Fv2%2Fmedia&parent=7096"}],"wp:term":[{"taxonomy":"category","embeddable":true,"href":"https:\/\/www.agriatv.hu\/index.php?rest_route=%2Fwp%2Fv2%2Fcategories&post=7096"},{"taxonomy":"post_tag","embeddable":true,"href":"https:\/\/www.agriatv.hu\/index.php?rest_route=%2Fwp%2Fv2%2Ftags&post=7096"}],"curies":[{"name":"wp","href":"https:\/\/api.w.org\/{rel}","templated":true}]}}