{"id":7098,"date":"2012-03-23T20:47:40","date_gmt":"2012-03-23T20:47:40","guid":{"rendered":"http:\/\/www.agriatv.hu\/?p=7098"},"modified":"2012-03-23T20:47:40","modified_gmt":"2012-03-23T20:47:40","slug":"eger-vegre-uthet-mar-az-ora","status":"publish","type":"post","link":"https:\/\/www.agriatv.hu\/?p=7098","title":{"rendered":"Eger: v\u00e9gre \u00fcthet m\u00e1r az \u00f3ra"},"content":{"rendered":"<p><img loading=\"lazy\" decoding=\"async\" class=\"alignleft\" style=\"border: 0pt none;\" src=\"http:\/\/egriugyek.hu\/images\/stories\/hirek\/eger-bazilika.jpg\" alt=\"\" width=\"147\" height=\"109\" border=\"0\" \/><strong>A tervek szerint h\u00fasv\u00e9tra \u00fajra mutatja az id\u0151t az egri bazilika torony\u00f3r\u00e1ja, amely k\u00e9t \u00e9ve romlott el &#8211; h\u00edvta fel a figyelmet a f\u0151sz\u00e9kesegyh\u00e1z pl\u00e9b\u00e1nosa.<\/strong><\/p>\n<p>A fel\u00faj\u00edt\u00e1shoz sz\u00fcks\u00e9ges 2,5 milli\u00f3 forint egy j\u00f3t\u00e9konys\u00e1gi koncert bev\u00e9tel\u00e9b\u0151l, illetve a h\u00edvek \u00e9s v\u00e1llalkoz\u00f3k adom\u00e1nyaib\u00f3l sz\u00e1rmazik &#8211; k\u00f6z\u00f6lte Csizmadia Istv\u00e1n.<\/p>\n<p>Mint elmondta: a munk\u00e1latok sor\u00e1n kicser\u00e9lik mag\u00e1t az \u00f3raszerkezetet \u00e9s a k\u00e9t tornyon tal\u00e1lhat\u00f3 6 sz\u00e1mlapot. A r\u00e9gi mutat\u00f3k azonban megmaradnak, azokat csak fel\u00faj\u00edtj\u00e1k.<\/p>\n<p>Hangs\u00falyozta, hogy a rekonstrukci\u00f3t nem csup\u00e1n a technikai \u00e9s eszt\u00e9tikai szempontok indokolj\u00e1k. Eger ugyanis vonz\u00f3 turisztikai k\u00f6zpont, \u00e9s a v\u00e1rosba l\u00e1togat\u00f3k nem \u00e9rtik, hogy mik\u00f6zben minden kis faluban m\u0171k\u00f6dik a torony\u00f3ra, a f\u0151egyh\u00e1zmegye k\u00f6zpontj\u00e1ban mi\u00e9rt nem &#8211; magyar\u00e1zta a pl\u00e9b\u00e1nos.<\/p>\n<p>MTI<\/p>\n","protected":false},"excerpt":{"rendered":"<p>A tervek szerint h\u00fasv\u00e9tra \u00fajra mutatja az id\u0151t az egri bazilika torony\u00f3r\u00e1ja, amely k\u00e9t \u00e9ve romlott el &#8211; h\u00edvta fel a figyelmet a f\u0151sz\u00e9kesegyh\u00e1z pl\u00e9b\u00e1nosa.<br \/>\nA fel\u00faj\u00edt\u00e1shoz sz\u00fcks\u00e9ges 2,5 milli\u00f3 forint egy j\u00f3t\u00e9konys\u00e1gi koncert bev\u00e9tel\u00e9b\u0151l, illetve a h\u00edvek \u00e9s v\u00e1llalkoz\u00f3k adom\u00e1nyaib\u00f3l sz\u00e1rmazik &#8211; k\u00f6z\u00f6lte Csizmadia Istv\u00e1n.<br \/>\nMint elmondta: a munk\u00e1latok sor\u00e1n kicser\u00e9lik mag\u00e1t az \u00f3raszerkezetet \u00e9s a [&#8230;]<\/p>\n","protected":false},"author":4,"featured_media":0,"comment_status":"open","ping_status":"open","sticky":false,"template":"","format":"standard","meta":{"footnotes":""},"categories":[6],"tags":[27,347,1066,1065],"class_list":["post-7098","post","type-post","status-publish","format-standard","hentry","category-belfold","tag-adomany","tag-bazilika","tag-szerkezet","tag-toronyora"],"_links":{"self":[{"href":"https:\/\/www.agriatv.hu\/index.php?rest_route=\/wp\/v2\/posts\/7098","targetHints":{"allow":["GET"]}}],"collection":[{"href":"https:\/\/www.agriatv.hu\/index.php?rest_route=\/wp\/v2\/posts"}],"about":[{"href":"https:\/\/www.agriatv.hu\/index.php?rest_route=\/wp\/v2\/types\/post"}],"author":[{"embeddable":true,"href":"https:\/\/www.agriatv.hu\/index.php?rest_route=\/wp\/v2\/users\/4"}],"replies":[{"embeddable":true,"href":"https:\/\/www.agriatv.hu\/index.php?rest_route=%2Fwp%2Fv2%2Fcomments&post=7098"}],"version-history":[{"count":2,"href":"https:\/\/www.agriatv.hu\/index.php?rest_route=\/wp\/v2\/posts\/7098\/revisions"}],"predecessor-version":[{"id":7100,"href":"https:\/\/www.agriatv.hu\/index.php?rest_route=\/wp\/v2\/posts\/7098\/revisions\/7100"}],"wp:attachment":[{"href":"https:\/\/www.agriatv.hu\/index.php?rest_route=%2Fwp%2Fv2%2Fmedia&parent=7098"}],"wp:term":[{"taxonomy":"category","embeddable":true,"href":"https:\/\/www.agriatv.hu\/index.php?rest_route=%2Fwp%2Fv2%2Fcategories&post=7098"},{"taxonomy":"post_tag","embeddable":true,"href":"https:\/\/www.agriatv.hu\/index.php?rest_route=%2Fwp%2Fv2%2Ftags&post=7098"}],"curies":[{"name":"wp","href":"https:\/\/api.w.org\/{rel}","templated":true}]}}