{"id":7196,"date":"2012-04-01T19:16:45","date_gmt":"2012-04-01T19:16:45","guid":{"rendered":"http:\/\/www.agriatv.hu\/?p=7196"},"modified":"2012-04-01T19:16:45","modified_gmt":"2012-04-01T19:16:45","slug":"a-tdm-tagjai-egyuttmukodesre-vannak-itelve","status":"publish","type":"post","link":"https:\/\/www.agriatv.hu\/?p=7196","title":{"rendered":"A TDM tagjai egy\u00fcttm\u0171k\u00f6d\u00e9sre vannak \u00edt\u00e9lve"},"content":{"rendered":"<p>&nbsp;<\/p>\n<p><img loading=\"lazy\" decoding=\"async\" class=\"alignleft\" src=\"http:\/\/www.egriszin.hu\/RenderedContents\/IndexImages\/9\/9292-20120401134805-csil.jpg\" alt=\"\" width=\"150\" height=\"66\" \/><\/p>\n<p><strong>Projektz\u00e1r\u00f3 rendezv\u00e9ny\u00e9hez \u00e9rkezett p\u00e9nteken a helyi TDM szervezet fejleszt\u00e9s\u00e9t szolg\u00e1l\u00f3 program, melyet k\u00f6zel \u00f6tven milli\u00f3 forintos Eur\u00f3pai Uni\u00f3s forr\u00e1sb\u00f3l val\u00f3s\u00edtottak meg.<\/strong><\/p>\n<div align=\"justify\">Fontos, hogy Eger k\u00e9pes volt az orsz\u00e1gban els\u0151k\u00e9nt l\u00e9trehozni egy ilyen egy\u00fcttm\u0171k\u00f6d\u00e9st- emelte ki <em>Habis L\u00e1szl\u00f3 <\/em>Eger polg\u00e1rmestere. A v\u00e1ros k\u00f6zel sz\u00e1z \u00e9ve dolgozik azon, hogy a l\u00e1togatotts\u00e1g\u00e1t n\u00f6vekedje. A rendszerv\u00e1lt\u00e1s ut\u00e1n Egerben volt el\u0151sz\u00f6r Tourinform iroda \u00e9s k\u00e9s\u0151bb itt l\u00e9tes\u00fclt els\u0151k\u00e9nt Idegenforgalmi hivatal is. Vannak konfliktusok \u00e9s vit\u00e1k, de helyes \u00faton j\u00e1runk- fogalmazott a polg\u00e1rmester. Tavaly k\u00f6zel 350 ezer vend\u00e9g\u00e9jszak\u00e1t t\u00f6lt\u00f6ttek Egerben a turist\u00e1k, \u00e9s a kir\u00e1ndul\u00f3k forgalma megk\u00f6zel\u00edtette az 500 ezret. Benne voltunk a 10 legl\u00e1togatottabb v\u00e1rosok rangsor\u00e1ban. A c\u00e9l az, hogy az \u00e1tlagos 2,6 elt\u00f6lt\u00f6tt napot n\u00f6velj\u00fck. A TDM szervezet l\u00e9trej\u00f6tt\u00e9n\u00e9l az volt a elhat\u00e1roz\u00e1sunk, hogy \u00f6sszevonjuk a turizmusban \u00e9rintett szolg\u00e1ltat\u00f3kat \u00e9s szervezeteket. A r\u00e9szvev\u0151k egy\u00fcttm\u0171k\u00f6d\u00e9sre vannak \u00edt\u00e9lve. Ez a siker kulcsa- hangs\u00falyozta Habis L\u00e1szl\u00f3.<\/div>\n<div align=\"justify\"><\/div>\n<p>A projektz\u00e1r\u00f3n <em>Pataki Zsuzsanna<\/em> a M\u0171v\u00e9szetek H\u00e1za Kht. \u00fcgyvezet\u0151 igazgat\u00f3ja ismertette az elm\u00falt m\u00e1sf\u00e9l \u00e9v eredm\u00e9nyeit, a fejleszt\u00e9seket, k\u00e9pz\u00e9seket \u00e9s a szervezet eddigi tev\u00e9kenys\u00e9geit.<\/p>\n<p>Forr\u00e1s: <a href=\"http:\/\/egriszin.hu\">Egrisz\u00edn<\/a><\/p>\n","protected":false},"excerpt":{"rendered":"<p>&nbsp;<\/p>\n<p>Projektz\u00e1r\u00f3 rendezv\u00e9ny\u00e9hez \u00e9rkezett p\u00e9nteken a helyi TDM szervezet fejleszt\u00e9s\u00e9t szolg\u00e1l\u00f3 program, melyet k\u00f6zel \u00f6tven milli\u00f3 forintos Eur\u00f3pai Uni\u00f3s forr\u00e1sb\u00f3l val\u00f3s\u00edtottak meg.<br \/>\nFontos, hogy Eger k\u00e9pes volt az orsz\u00e1gban els\u0151k\u00e9nt l\u00e9trehozni egy ilyen egy\u00fcttm\u0171k\u00f6d\u00e9st- emelte ki Habis L\u00e1szl\u00f3 Eger polg\u00e1rmestere. A v\u00e1ros k\u00f6zel sz\u00e1z \u00e9ve dolgozik azon, hogy a l\u00e1togatotts\u00e1g\u00e1t n\u00f6vekedje. A rendszerv\u00e1lt\u00e1s ut\u00e1n Egerben volt el\u0151sz\u00f6r [&#8230;]<\/p>\n","protected":false},"author":4,"featured_media":0,"comment_status":"open","ping_status":"open","sticky":false,"template":"","format":"standard","meta":{"footnotes":""},"categories":[6,4],"tags":[452,1084,86],"class_list":["post-7196","post","type-post","status-publish","format-standard","hentry","category-belfold","category-szabadido","tag-egyuttmukodes","tag-projektzaro","tag-tdm"],"_links":{"self":[{"href":"https:\/\/www.agriatv.hu\/index.php?rest_route=\/wp\/v2\/posts\/7196","targetHints":{"allow":["GET"]}}],"collection":[{"href":"https:\/\/www.agriatv.hu\/index.php?rest_route=\/wp\/v2\/posts"}],"about":[{"href":"https:\/\/www.agriatv.hu\/index.php?rest_route=\/wp\/v2\/types\/post"}],"author":[{"embeddable":true,"href":"https:\/\/www.agriatv.hu\/index.php?rest_route=\/wp\/v2\/users\/4"}],"replies":[{"embeddable":true,"href":"https:\/\/www.agriatv.hu\/index.php?rest_route=%2Fwp%2Fv2%2Fcomments&post=7196"}],"version-history":[{"count":1,"href":"https:\/\/www.agriatv.hu\/index.php?rest_route=\/wp\/v2\/posts\/7196\/revisions"}],"predecessor-version":[{"id":7197,"href":"https:\/\/www.agriatv.hu\/index.php?rest_route=\/wp\/v2\/posts\/7196\/revisions\/7197"}],"wp:attachment":[{"href":"https:\/\/www.agriatv.hu\/index.php?rest_route=%2Fwp%2Fv2%2Fmedia&parent=7196"}],"wp:term":[{"taxonomy":"category","embeddable":true,"href":"https:\/\/www.agriatv.hu\/index.php?rest_route=%2Fwp%2Fv2%2Fcategories&post=7196"},{"taxonomy":"post_tag","embeddable":true,"href":"https:\/\/www.agriatv.hu\/index.php?rest_route=%2Fwp%2Fv2%2Ftags&post=7196"}],"curies":[{"name":"wp","href":"https:\/\/api.w.org\/{rel}","templated":true}]}}