{"id":7218,"date":"2012-04-05T15:18:58","date_gmt":"2012-04-05T15:18:58","guid":{"rendered":"http:\/\/www.agriatv.hu\/?p=7218"},"modified":"2012-04-05T15:20:30","modified_gmt":"2012-04-05T15:20:30","slug":"sikeres-tabort-tartottak-a-karatesok","status":"publish","type":"post","link":"https:\/\/www.agriatv.hu\/?p=7218","title":{"rendered":"Sikeres t\u00e1bort tartottak a karat\u00e9sok"},"content":{"rendered":"<p><a href=\"https:\/\/www.agriatv.hu\/wp-content\/uploads\/2012\/04\/0401karate_v.jpg\"><img loading=\"lazy\" decoding=\"async\" class=\"alignleft  wp-image-7219\" title=\"0401karate_v\" src=\"https:\/\/www.agriatv.hu\/wp-content\/uploads\/2012\/04\/0401karate_v-300x240.jpg\" alt=\"\" width=\"130\" height=\"84\" \/><\/a>Nagy \u00e9rdekl\u0151d\u00e9s mellett, sikeres t\u00e1bort tartottak a h\u00e9t v\u00e9g\u00e9n Egerben a Shito Ryu karate k\u00e9pvisel\u0151i. A sport fort\u00e9lyaira\u00a0 Hidetoshi Nakahashi 9. danos mester tan\u00edtotta az \u00e9rdekl\u0151d\u0151ket.<div class=\"wordtube\">\n<div class=\"wordtube single543\" id=\"WT1_1\" style=\"width:320px; height:240px;\">\n<a href=\"http:\/\/www.macromedia.com\/go\/getflashplayer\">Get the Flash Player<\/a> to see the wordTube Media Player.\n<\/div><\/div>\n\t<script type=\"text\/javascript\" defer=\"defer\">\nvar WT1_1 = {\n\tparams : {\n\t\twmode : \"opaque\",\n\t\tallowscriptaccess : \"always\",\n\t\tallownetworking : \"all\",\n\t\tallowfullscreen : \"true\"},\n\tflashvars : {\n\t\tfile : \"http%3A%2F%2Fwww.agriatv.hu%2Fwp-content%2Fuploads%2F2012%2F04%2F0401karate.flv\",\n\t\tvolume : \"80\",\n\t\tbufferlength : \"5\",\n\t\tquality : \"false\",\n\t\t'logo.hide' : \"false\",\n\t\timage : \"http%3A%2F%2Fwww.agriatv.hu%2Fwp-content%2Fuploads%2F2012%2F04%2F0401karate.jpg\",\n\t\ttitle : \"0401karate.flv\",\n\t\tlinktarget : \"_self\"},\n\tattr : {\n\t\tid : \"WT1\",\n\t\tname : \"WT1\"},\n\tstart : function() {\n\t\tswfobject.embedSWF(\"https:\/\/www.agriatv.hu\/\/player.swf\", \"WT1_1\", \"320\", \"240\", \"9.0.0\", false, this.flashvars, this.params , this.attr );\n\t}\n}\nWT1_1.start();\n\t<\/script>\n<\/p>\n","protected":false},"excerpt":{"rendered":"<p>Nagy \u00e9rdekl\u0151d\u00e9s mellett, sikeres t\u00e1bort tartottak a h\u00e9t v\u00e9g\u00e9n Egerben a Shito Ryu karate k\u00e9pvisel\u0151i. A sport fort\u00e9lyaira\u00a0 Hidetoshi Nakahashi 9. danos mester tan\u00edtotta az \u00e9rdekl\u0151d\u0151ket.<\/p>\n","protected":false},"author":4,"featured_media":0,"comment_status":"open","ping_status":"open","sticky":false,"template":"","format":"standard","meta":{"footnotes":""},"categories":[11],"tags":[36,183],"class_list":["post-7218","post","type-post","status-publish","format-standard","hentry","category-sport","tag-eger","tag-karate"],"_links":{"self":[{"href":"https:\/\/www.agriatv.hu\/index.php?rest_route=\/wp\/v2\/posts\/7218","targetHints":{"allow":["GET"]}}],"collection":[{"href":"https:\/\/www.agriatv.hu\/index.php?rest_route=\/wp\/v2\/posts"}],"about":[{"href":"https:\/\/www.agriatv.hu\/index.php?rest_route=\/wp\/v2\/types\/post"}],"author":[{"embeddable":true,"href":"https:\/\/www.agriatv.hu\/index.php?rest_route=\/wp\/v2\/users\/4"}],"replies":[{"embeddable":true,"href":"https:\/\/www.agriatv.hu\/index.php?rest_route=%2Fwp%2Fv2%2Fcomments&post=7218"}],"version-history":[{"count":5,"href":"https:\/\/www.agriatv.hu\/index.php?rest_route=\/wp\/v2\/posts\/7218\/revisions"}],"predecessor-version":[{"id":7224,"href":"https:\/\/www.agriatv.hu\/index.php?rest_route=\/wp\/v2\/posts\/7218\/revisions\/7224"}],"wp:attachment":[{"href":"https:\/\/www.agriatv.hu\/index.php?rest_route=%2Fwp%2Fv2%2Fmedia&parent=7218"}],"wp:term":[{"taxonomy":"category","embeddable":true,"href":"https:\/\/www.agriatv.hu\/index.php?rest_route=%2Fwp%2Fv2%2Fcategories&post=7218"},{"taxonomy":"post_tag","embeddable":true,"href":"https:\/\/www.agriatv.hu\/index.php?rest_route=%2Fwp%2Fv2%2Ftags&post=7218"}],"curies":[{"name":"wp","href":"https:\/\/api.w.org\/{rel}","templated":true}]}}