{"id":7225,"date":"2012-04-05T15:48:35","date_gmt":"2012-04-05T15:48:35","guid":{"rendered":"http:\/\/www.agriatv.hu\/?p=7225"},"modified":"2012-04-05T15:48:35","modified_gmt":"2012-04-05T15:48:35","slug":"kiugrott-az-otodikrol-azonnal-meghalt","status":"publish","type":"post","link":"https:\/\/www.agriatv.hu\/?p=7225","title":{"rendered":"Kiugrott az \u00f6t\u00f6dikr\u0151l: azonnal meghalt"},"content":{"rendered":"<p><strong><a href=\"https:\/\/www.agriatv.hu\/wp-content\/uploads\/2012\/04\/0405ablak_V.jpg\"><img loading=\"lazy\" decoding=\"async\" class=\"alignleft  wp-image-7227\" title=\"0405ablak_V\" src=\"https:\/\/www.agriatv.hu\/wp-content\/uploads\/2012\/04\/0405ablak_V-300x240.jpg\" alt=\"\" width=\"121\" height=\"71\" \/><\/a>Az egri f\u00e9rfi a rend\u0151rs\u00e9g szerint val\u00f3sz\u00edn\u0171leg \u00f6ngyilkoss\u00e1gi sz\u00e1nd\u00e9kkal ugrott ki \u00f6t\u00f6dik emeleti lak\u00e1s\u00e1b\u00f3l.<\/strong><\/p>\n<p>Cs\u00fct\u00f6rt\u00f6k\u00f6n d\u00e9lut\u00e1n \u00e9rkezett a jelz\u00e9s a rend\u0151rs\u00e9g \u00fcgyelet\u00e9re, miszerint kiugrott egy f\u00e9rfi az \u00f6t\u00f6dikr\u0151l Egerben. L\u00e1z\u00e1r Levente,\u00a0a HMRFK sajt\u00f3sz\u00f3viv\u0151je elmondta, hogy feltehet\u0151en \u00f6ngyilkoss\u00e1gi sz\u00e1nd\u00e9kkal ugrott ki az 1985-\u00f6s sz\u00fclet\u00e9s\u0171 egri f\u00e9rfi a\u00a0Malom\u00e1rok utcai lak\u00e1sa \u00f6t\u00f6dik emelet\u00e9r\u0151l. A f\u00e9rfi a helysz\u00ednen \u00e9let\u00e9t vesztette.\u00a0A helysz\u00ednel\u00e9s jelenleg is tart, az idegenkez\u0171s\u00e9get kiz\u00e1rta a rend\u0151rs\u00e9g.<div class=\"wordtube\">\n<div class=\"wordtube single544\" id=\"WT1_1\" style=\"width:320px; height:240px;\">\n<a href=\"http:\/\/www.macromedia.com\/go\/getflashplayer\">Get the Flash Player<\/a> to see the wordTube Media Player.\n<\/div><\/div>\n\t<script type=\"text\/javascript\" defer=\"defer\">\nvar WT1_1 = {\n\tparams : {\n\t\twmode : \"opaque\",\n\t\tallowscriptaccess : \"always\",\n\t\tallownetworking : \"all\",\n\t\tallowfullscreen : \"true\"},\n\tflashvars : {\n\t\tfile : \"http%3A%2F%2Fwww.agriatv.hu%2Fwp-content%2Fuploads%2F2012%2F04%2F0405ablak.flv\",\n\t\tvolume : \"80\",\n\t\tbufferlength : \"5\",\n\t\tquality : \"false\",\n\t\t'logo.hide' : \"false\",\n\t\timage : \"http%3A%2F%2Fwww.agriatv.hu%2Fwp-content%2Fuploads%2F2012%2F04%2F0405ablak.jpg\",\n\t\ttitle : \"0405ablak.flv\",\n\t\tlinktarget : \"_self\"},\n\tattr : {\n\t\tid : \"WT1\",\n\t\tname : \"WT1\"},\n\tstart : function() {\n\t\tswfobject.embedSWF(\"https:\/\/www.agriatv.hu\/\/player.swf\", \"WT1_1\", \"320\", \"240\", \"9.0.0\", false, this.flashvars, this.params , this.attr );\n\t}\n}\nWT1_1.start();\n\t<\/script>\n<\/p>\n<p>Inform\u00e1ci\u00f3ink szerint a f\u00e9rfi\u00a0 a t\u00f6rt\u00e9ntek el\u0151tt az \u00e9desanyj\u00e1val veszekedett, majd felrohant a lak\u00e1s\u00e1ba \u00e9s leugrott a teraszr\u00f3l.<\/p>\n<p>Forr\u00e1s:<a href=\"http:\/\/heol.hu\"> Heol<\/a><\/p>\n<p>&nbsp;<\/p>\n<p><strong><br \/>\n<\/strong><\/p>\n","protected":false},"excerpt":{"rendered":"<p>Az egri f\u00e9rfi a rend\u0151rs\u00e9g szerint val\u00f3sz\u00edn\u0171leg \u00f6ngyilkoss\u00e1gi sz\u00e1nd\u00e9kkal ugrott ki \u00f6t\u00f6dik emeleti lak\u00e1s\u00e1b\u00f3l.<br \/>\nCs\u00fct\u00f6rt\u00f6k\u00f6n d\u00e9lut\u00e1n \u00e9rkezett a jelz\u00e9s a rend\u0151rs\u00e9g \u00fcgyelet\u00e9re, miszerint kiugrott egy f\u00e9rfi az \u00f6t\u00f6dikr\u0151l Egerben. L\u00e1z\u00e1r Levente,\u00a0a HMRFK sajt\u00f3sz\u00f3viv\u0151je elmondta, hogy feltehet\u0151en \u00f6ngyilkoss\u00e1gi sz\u00e1nd\u00e9kkal ugrott ki az 1985-\u00f6s sz\u00fclet\u00e9s\u0171 egri f\u00e9rfi a\u00a0Malom\u00e1rok utcai lak\u00e1sa \u00f6t\u00f6dik emelet\u00e9r\u0151l. A f\u00e9rfi a helysz\u00ednen \u00e9let\u00e9t vesztette.\u00a0A [&#8230;]<\/p>\n","protected":false},"author":4,"featured_media":0,"comment_status":"open","ping_status":"open","sticky":false,"template":"","format":"standard","meta":{"footnotes":""},"categories":[5],"tags":[487,771,122],"class_list":["post-7225","post","type-post","status-publish","format-standard","hentry","category-kek-hirek","tag-csalad","tag-halal","tag-rendorseg"],"_links":{"self":[{"href":"https:\/\/www.agriatv.hu\/index.php?rest_route=\/wp\/v2\/posts\/7225","targetHints":{"allow":["GET"]}}],"collection":[{"href":"https:\/\/www.agriatv.hu\/index.php?rest_route=\/wp\/v2\/posts"}],"about":[{"href":"https:\/\/www.agriatv.hu\/index.php?rest_route=\/wp\/v2\/types\/post"}],"author":[{"embeddable":true,"href":"https:\/\/www.agriatv.hu\/index.php?rest_route=\/wp\/v2\/users\/4"}],"replies":[{"embeddable":true,"href":"https:\/\/www.agriatv.hu\/index.php?rest_route=%2Fwp%2Fv2%2Fcomments&post=7225"}],"version-history":[{"count":3,"href":"https:\/\/www.agriatv.hu\/index.php?rest_route=\/wp\/v2\/posts\/7225\/revisions"}],"predecessor-version":[{"id":7229,"href":"https:\/\/www.agriatv.hu\/index.php?rest_route=\/wp\/v2\/posts\/7225\/revisions\/7229"}],"wp:attachment":[{"href":"https:\/\/www.agriatv.hu\/index.php?rest_route=%2Fwp%2Fv2%2Fmedia&parent=7225"}],"wp:term":[{"taxonomy":"category","embeddable":true,"href":"https:\/\/www.agriatv.hu\/index.php?rest_route=%2Fwp%2Fv2%2Fcategories&post=7225"},{"taxonomy":"post_tag","embeddable":true,"href":"https:\/\/www.agriatv.hu\/index.php?rest_route=%2Fwp%2Fv2%2Ftags&post=7225"}],"curies":[{"name":"wp","href":"https:\/\/api.w.org\/{rel}","templated":true}]}}