{"id":7230,"date":"2012-04-05T16:14:47","date_gmt":"2012-04-05T16:14:47","guid":{"rendered":"http:\/\/www.agriatv.hu\/?p=7230"},"modified":"2012-04-05T16:14:47","modified_gmt":"2012-04-05T16:14:47","slug":"mszp-kozos-jeloltet-allamfonek","status":"publish","type":"post","link":"https:\/\/www.agriatv.hu\/?p=7230","title":{"rendered":"MSZP: K\u00f6z\u00f6s jel\u00f6ltet \u00e1llamf\u0151nek!"},"content":{"rendered":"<p><a href=\"https:\/\/www.agriatv.hu\/wp-content\/uploads\/2012\/04\/0405st_v.jpg\"><img loading=\"lazy\" decoding=\"async\" class=\"alignleft  wp-image-7232\" title=\"0405st_v\" src=\"https:\/\/www.agriatv.hu\/wp-content\/uploads\/2012\/04\/0405st_v-300x240.jpg\" alt=\"\" width=\"149\" height=\"94\" \/><\/a>Az igazi az lenne, ha a lakoss\u00e1gnak lehet\u0151s\u00e9ge lenne k\u00f6zvetlen\u00fcl v\u00e1lasztani az \u00e1llamf\u0151t. Az MSZP a rendszerv\u00e1lt\u00e1skor k\u00e9pviselt \u00e1ll\u00e1spontj\u00e1hoz visszat\u00e9rve azt javasolja, hogy <strong>az emberek k\u00f6zvetlen\u00fcl v\u00e1laszthassanak k\u00f6zt\u00e1rsas\u00e1gi eln\u00f6k\u00f6t. <\/strong><\/p>\n<p><strong>A szocialista p\u00e1rt \u00f6t p\u00e1rti egyeztet\u00e9st javasol. Elv\u00e1rjuk, hogy az \u00e1llamf\u0151jel\u00f6lt b\u00edrja a lakoss\u00e1g sz\u00e9lesk\u00f6r\u0171 t\u00e1mogatotts\u00e1g\u00e1t. Kifejezze a nemzet egys\u00e9g\u00e9t, k\u00f6ztiszteletben \u00e1ll\u00f3, p\u00e1rtok feletti, nemzetk\u00f6zileg elismert \u00e9s fedhetetlen szem\u00e9lyis\u00e9g legyen.<\/strong><\/p>\n<p><strong>Az \u00e1llamf\u0151 nem lehet narancsos p\u00e1rtkatona, nem lehet Orb\u00e1n Viktor \u00edr\u00f3de\u00e1kja.<\/strong> Tartsa be a demokr\u00e1cia \u00edrott \u00e9s \u00edratlan szab\u00e1lyait, t\u00e1mogassa az eur\u00f3atlanti integr\u00e1ci\u00f3t. Szuver\u00e9n, konszenzuskeres\u0151 \u2013 \u00e9s teremt\u0151 szem\u00e9lyis\u00e9g legyen.<div class=\"wordtube\">\n<div class=\"wordtube single545\" id=\"WT1_1\" style=\"width:320px; height:240px;\">\n<a href=\"http:\/\/www.macromedia.com\/go\/getflashplayer\">Get the Flash Player<\/a> to see the wordTube Media Player.\n<\/div><\/div>\n\t<script type=\"text\/javascript\" defer=\"defer\">\nvar WT1_1 = {\n\tparams : {\n\t\twmode : \"opaque\",\n\t\tallowscriptaccess : \"always\",\n\t\tallownetworking : \"all\",\n\t\tallowfullscreen : \"true\"},\n\tflashvars : {\n\t\tfile : \"http%3A%2F%2Fwww.agriatv.hu%2Fwp-content%2Fuploads%2F2012%2F04%2F0405st.flv\",\n\t\tvolume : \"80\",\n\t\tbufferlength : \"5\",\n\t\tquality : \"false\",\n\t\t'logo.hide' : \"false\",\n\t\timage : \"http%3A%2F%2Fwww.agriatv.hu%2Fwp-content%2Fuploads%2F2012%2F04%2F0405st.jpg\",\n\t\ttitle : \"0405st.flv\",\n\t\tlinktarget : \"_self\"},\n\tattr : {\n\t\tid : \"WT1\",\n\t\tname : \"WT1\"},\n\tstart : function() {\n\t\tswfobject.embedSWF(\"https:\/\/www.agriatv.hu\/\/player.swf\", \"WT1_1\", \"320\", \"240\", \"9.0.0\", false, this.flashvars, this.params , this.attr );\n\t}\n}\nWT1_1.start();\n\t<\/script>\n<\/p>\n<p><strong>Ez\u00e9rt az MSZP az alapt\u00f6rv\u00e9ny m\u00f3dos\u00edt\u00e1s\u00e1t kezdem\u00e9nyezi<\/strong> annak \u00e9rdek\u00e9ben, hogy az \u00e1llamf\u0151t ne k\u00e9tharmados, hanem n\u00e9gy\u00f6t\u00f6d\u00f6s t\u00f6bbs\u00e9ggel v\u00e1lassza az Orsz\u00e1ggy\u0171l\u00e9s. Azt is elfogadhat\u00f3nak tartjuk, ha a Fidesz v\u00e1llalja, hogy jel\u00f6ltj\u00e9t nem k\u00e9tharmaddal, hanem n\u00e9gy\u00f6t\u00f6ddel jel\u00f6li.<\/p>\n<p>Az MSZP k\u00f6zvetlen\u00fcl is v\u00e1rja helyi irod\u00e1j\u00e1ban, szem\u00e9lyesen \u00e9s e-mailben a v\u00e1laszt\u00f3polg\u00e1rok javaslatait a k\u00f6zt\u00e1rsas\u00e1gi eln\u00f6k szem\u00e9ly\u00e9re vonatkoz\u00f3an.<\/p>\n<p>A korm\u00e1nyz\u00f3 p\u00e1rtok az alapt\u00f6rv\u00e9nyben a l\u00e9tsz\u00e1m felemel\u00e9s\u00e9vel megfosztott\u00e1k a demokratikus ellenz\u00e9ket a jel\u00f6l\u00e9s jog\u00e1t\u00f3l.<\/p>\n<p>Az MSZP sem egyed\u00fcl, sem a demokratikus, ellenz\u00e9ki p\u00e1rtokkal egy\u00fctt sem tud hivatalosan eln\u00f6kjel\u00f6ltet aj\u00e1nlani, mivel az \u00faj Alapt\u00f6rv\u00e9ny a kor\u00e1bbi \u00f6tven helyett 78 k\u00e9pvisel\u0151 t\u00e1mogatotts\u00e1g\u00e1hoz k\u00f6ti az \u00e1llamf\u0151jel\u00f6l\u00e9st.<\/p>\n<p>H\u00e1tt\u00e9r inform\u00e1ci\u00f3k szerint, Orb\u00e1n Viktor \u00e9s k\u00f6rei el sem tudj\u00e1k k\u00e9pzelni, hogy f\u00fcggetlen \u00e1llameln\u00f6k legyen. Leges\u00e9lyesebb a posztra K\u00f6v\u00e9r L\u00e1szl\u00f3, \u00c1der J\u00e1nos \u00e9s Sz\u00e1jer J\u00f3zsef.<\/p>\n<p>Az elfogadhatatlan, hogy a jel\u00f6ltet egyed\u00fcl Orb\u00e1n Viktor v\u00e1lassza ki.<\/p>\n<p align=\"right\"><strong><em>Dr. S\u00f3s Tam\u00e1s<\/em><\/strong><\/p>\n<p align=\"right\"><strong><em>Orsz\u00e1ggy\u0171l\u00e9si k\u00e9pvisel\u0151<\/em><\/strong><\/p>\n<p align=\"right\"><strong><em>MSZP<\/em><\/strong><\/p>\n","protected":false},"excerpt":{"rendered":"<p>Az igazi az lenne, ha a lakoss\u00e1gnak lehet\u0151s\u00e9ge lenne k\u00f6zvetlen\u00fcl v\u00e1lasztani az \u00e1llamf\u0151t. Az MSZP a rendszerv\u00e1lt\u00e1skor k\u00e9pviselt \u00e1ll\u00e1spontj\u00e1hoz visszat\u00e9rve azt javasolja, hogy az emberek k\u00f6zvetlen\u00fcl v\u00e1laszthassanak k\u00f6zt\u00e1rsas\u00e1gi eln\u00f6k\u00f6t.<br \/>\nA szocialista p\u00e1rt \u00f6t p\u00e1rti egyeztet\u00e9st javasol. Elv\u00e1rjuk, hogy az \u00e1llamf\u0151jel\u00f6lt b\u00edrja a lakoss\u00e1g sz\u00e9lesk\u00f6r\u0171 t\u00e1mogatotts\u00e1g\u00e1t. Kifejezze a nemzet egys\u00e9g\u00e9t, k\u00f6ztiszteletben \u00e1ll\u00f3, p\u00e1rtok feletti, nemzetk\u00f6zileg elismert [&#8230;]<\/p>\n","protected":false},"author":4,"featured_media":0,"comment_status":"open","ping_status":"open","sticky":false,"template":"","format":"standard","meta":{"footnotes":""},"categories":[6,3],"tags":[1095,79,68,711],"class_list":["post-7230","post","type-post","status-publish","format-standard","hentry","category-belfold","category-politika","tag-allamelnok","tag-mszp","tag-sos-tamas","tag-valasztas"],"_links":{"self":[{"href":"https:\/\/www.agriatv.hu\/index.php?rest_route=\/wp\/v2\/posts\/7230","targetHints":{"allow":["GET"]}}],"collection":[{"href":"https:\/\/www.agriatv.hu\/index.php?rest_route=\/wp\/v2\/posts"}],"about":[{"href":"https:\/\/www.agriatv.hu\/index.php?rest_route=\/wp\/v2\/types\/post"}],"author":[{"embeddable":true,"href":"https:\/\/www.agriatv.hu\/index.php?rest_route=\/wp\/v2\/users\/4"}],"replies":[{"embeddable":true,"href":"https:\/\/www.agriatv.hu\/index.php?rest_route=%2Fwp%2Fv2%2Fcomments&post=7230"}],"version-history":[{"count":2,"href":"https:\/\/www.agriatv.hu\/index.php?rest_route=\/wp\/v2\/posts\/7230\/revisions"}],"predecessor-version":[{"id":7233,"href":"https:\/\/www.agriatv.hu\/index.php?rest_route=\/wp\/v2\/posts\/7230\/revisions\/7233"}],"wp:attachment":[{"href":"https:\/\/www.agriatv.hu\/index.php?rest_route=%2Fwp%2Fv2%2Fmedia&parent=7230"}],"wp:term":[{"taxonomy":"category","embeddable":true,"href":"https:\/\/www.agriatv.hu\/index.php?rest_route=%2Fwp%2Fv2%2Fcategories&post=7230"},{"taxonomy":"post_tag","embeddable":true,"href":"https:\/\/www.agriatv.hu\/index.php?rest_route=%2Fwp%2Fv2%2Ftags&post=7230"}],"curies":[{"name":"wp","href":"https:\/\/api.w.org\/{rel}","templated":true}]}}