{"id":7240,"date":"2012-04-06T12:44:19","date_gmt":"2012-04-06T12:44:19","guid":{"rendered":"http:\/\/www.agriatv.hu\/?p=7240"},"modified":"2012-04-06T20:47:30","modified_gmt":"2012-04-06T20:47:30","slug":"a-husveti-ellenorzesek-tapasztalatai","status":"publish","type":"post","link":"https:\/\/www.agriatv.hu\/?p=7240","title":{"rendered":"A h\u00fasv\u00e9ti ellen\u0151rz\u00e9sek tapasztalatai"},"content":{"rendered":"<p>&nbsp;<\/p>\n<p><img loading=\"lazy\" decoding=\"async\" class=\"alignleft\" src=\"http:\/\/www.egriszin.hu\/RenderedContents\/IndexImages\/9\/9322-20120406135337-sonka.jpg\" alt=\"\" width=\"150\" height=\"117\" \/><\/p>\n<p><strong> A Heves Megyei Korm\u00e1nyhivatal Fogyaszt\u00f3v\u00e9delmi Fel\u00fcgyel\u0151s\u00e9ge a h\u00fasv\u00e9ti \u00fcnnepeket megel\u0151z\u0151 fokozott ellen\u0151rz\u00e9seit m\u00e1rcius 26. \u00e9s \u00e1prilis 6. k\u00f6z\u00f6tt v\u00e9gezte el. A vizsg\u00e1latok helysz\u00ednei els\u0151sorban a szezon\u00e1lis term\u00e9keket \u00e1rus\u00edt\u00f3, sz\u00e9les fogyaszt\u00f3i t\u00f6megeket vonz\u00f3 \u00e1ruh\u00e1zl\u00e1ncok \u00fczletei, hipermarketek, szupermarketek, \u00e9lelmiszer\u00fczletek, v\u00e1s\u00e1rcsarnokok, piacok, p\u00e9ks\u00e9gek, h\u00fas-hentes\u00e1ru \u00e9s z\u00f6lds\u00e9g-gy\u00fcm\u00f6lcs \u00fczletek voltak.<\/strong><\/p>\n<p align=\"justify\">Jellemz\u0151en csak kisebb probl\u00e9m\u00e1kkal tal\u00e1lkoztak a szakemberek, \u00edgy az elad\u00e1si \u00e1rak \u00e9s egys\u00e9g\u00e1rak felt\u00fcntet\u00e9s\u00e9nek hi\u00e1ny\u00e1val t\u00f6bb esetben is, az \u00f6sszes helyi vizsg\u00e1lat sz\u00e1m\u00e1t tekintve mintegy 35%-os ar\u00e1nyban. Emellett a fogyaszt\u00f3k vagyoni \u00e9rdekeinek s\u00e9relme fordult m\u00e9g el\u0151 t\u00f6bbletsz\u00e1mol\u00e1sok form\u00e1j\u00e1ban a vizsg\u00e1latok mintegy 11 %-\u00e1ban. Ez a jogs\u00e9rt\u00e9s azt jelenti, hogy az \u00e9rintett \u00fczletekben a csomagolt sonk\u00e1kat csomagol\u00f3anyaggal egy\u00fctt m\u00e9rt\u00e9k le, \u00edgy a vev\u0151k \u2013 b\u00e1r abban a feltev\u00e9sben v\u00e1s\u00e1roltak, hogy csak a sonk\u00e1\u00e9rt fizetnek \u2013 a csomagol\u00f3anyagot is megvett\u00e9k.<\/p>\n<div align=\"justify\">\u00a0A fogyaszt\u00f3k sz\u00e9les k\u00f6r\u00e9t \u00e9rint\u0151, s\u00falyos jogs\u00e9rt\u00e9st nem \u00e1llap\u00edtottak meg a vizsg\u00e1latok sor\u00e1n. Az el\u0151z\u0151 \u00e9vekt\u0151l elt\u00e9r\u0151en nem t\u00f6rt\u00e9nt olyan jelleg\u0171 megt\u00e9veszt\u00e9s sem, mint p\u00e9ld\u00e1ul a tejmassz\u00e1b\u00f3l k\u00e9sz\u00fclt term\u00e9k csokol\u00e1d\u00e9ny\u00falnak nevez\u00e9se. Az akci\u00f3s aj\u00e1nlatok val\u00f3s\u00e1gtartalma ugyancsak megfelel\u0151nek bizonyult, nem voltak fikt\u00edv \u00e1rkedvezm\u00e9nyek.<\/div>\n","protected":false},"excerpt":{"rendered":"<p>&nbsp;<\/p>\n<p> A Heves Megyei Korm\u00e1nyhivatal Fogyaszt\u00f3v\u00e9delmi Fel\u00fcgyel\u0151s\u00e9ge a h\u00fasv\u00e9ti \u00fcnnepeket megel\u0151z\u0151 fokozott ellen\u0151rz\u00e9seit m\u00e1rcius 26. \u00e9s \u00e1prilis 6. k\u00f6z\u00f6tt v\u00e9gezte el. A vizsg\u00e1latok helysz\u00ednei els\u0151sorban a szezon\u00e1lis term\u00e9keket \u00e1rus\u00edt\u00f3, sz\u00e9les fogyaszt\u00f3i t\u00f6megeket vonz\u00f3 \u00e1ruh\u00e1zl\u00e1ncok \u00fczletei, hipermarketek, szupermarketek, \u00e9lelmiszer\u00fczletek, v\u00e1s\u00e1rcsarnokok, piacok, p\u00e9ks\u00e9gek, h\u00fas-hentes\u00e1ru \u00e9s z\u00f6lds\u00e9g-gy\u00fcm\u00f6lcs \u00fczletek voltak.<br \/>\nJellemz\u0151en csak kisebb probl\u00e9m\u00e1kkal tal\u00e1lkoztak a szakemberek, \u00edgy az elad\u00e1si [&#8230;]<\/p>\n","protected":false},"author":4,"featured_media":0,"comment_status":"open","ping_status":"open","sticky":false,"template":"","format":"standard","meta":{"footnotes":""},"categories":[6,450],"tags":[73,24,1097,952],"class_list":["post-7240","post","type-post","status-publish","format-standard","hentry","category-belfold","category-gazdasag-2","tag-fogyasztovedelem","tag-kormanyhivatal","tag-sonka","tag-uzlet"],"_links":{"self":[{"href":"https:\/\/www.agriatv.hu\/index.php?rest_route=\/wp\/v2\/posts\/7240","targetHints":{"allow":["GET"]}}],"collection":[{"href":"https:\/\/www.agriatv.hu\/index.php?rest_route=\/wp\/v2\/posts"}],"about":[{"href":"https:\/\/www.agriatv.hu\/index.php?rest_route=\/wp\/v2\/types\/post"}],"author":[{"embeddable":true,"href":"https:\/\/www.agriatv.hu\/index.php?rest_route=\/wp\/v2\/users\/4"}],"replies":[{"embeddable":true,"href":"https:\/\/www.agriatv.hu\/index.php?rest_route=%2Fwp%2Fv2%2Fcomments&post=7240"}],"version-history":[{"count":2,"href":"https:\/\/www.agriatv.hu\/index.php?rest_route=\/wp\/v2\/posts\/7240\/revisions"}],"predecessor-version":[{"id":7242,"href":"https:\/\/www.agriatv.hu\/index.php?rest_route=\/wp\/v2\/posts\/7240\/revisions\/7242"}],"wp:attachment":[{"href":"https:\/\/www.agriatv.hu\/index.php?rest_route=%2Fwp%2Fv2%2Fmedia&parent=7240"}],"wp:term":[{"taxonomy":"category","embeddable":true,"href":"https:\/\/www.agriatv.hu\/index.php?rest_route=%2Fwp%2Fv2%2Fcategories&post=7240"},{"taxonomy":"post_tag","embeddable":true,"href":"https:\/\/www.agriatv.hu\/index.php?rest_route=%2Fwp%2Fv2%2Ftags&post=7240"}],"curies":[{"name":"wp","href":"https:\/\/api.w.org\/{rel}","templated":true}]}}