{"id":7325,"date":"2012-04-15T16:42:56","date_gmt":"2012-04-15T16:42:56","guid":{"rendered":"http:\/\/www.agriatv.hu\/?p=7325"},"modified":"2012-04-15T16:42:56","modified_gmt":"2012-04-15T16:42:56","slug":"halalos-baleset-verpeleten","status":"publish","type":"post","link":"https:\/\/www.agriatv.hu\/?p=7325","title":{"rendered":"Hal\u00e1los baleset Verpel\u00e9ten"},"content":{"rendered":"<p><strong><a href=\"https:\/\/www.agriatv.hu\/wp-content\/uploads\/2012\/04\/0415verpelet_v.jpg\"><img loading=\"lazy\" decoding=\"async\" class=\"alignleft  wp-image-7327\" title=\"0415verpelet_v\" src=\"https:\/\/www.agriatv.hu\/wp-content\/uploads\/2012\/04\/0415verpelet_v-300x240.jpg\" alt=\"\" width=\"122\" height=\"69\" \/><\/a>Hal\u00e1los kimenetel\u0171 baleset t\u00f6rt\u00e9nt Verpel\u00e9ten. Az aut\u00f3 vezet\u0151je meghalt, a balesetben egy g\u00e1zvezet\u00e9k is megs\u00e9r\u00fclt. <\/strong><\/p>\n<p>Hal\u00e1los baleset t\u00f6rt\u00e9nt vas\u00e1rnap d\u00e9lut\u00e1n Verpel\u00e9ten. A F\u0151 \u00faton halad\u00f3 Suzuki eddig ismeretlen okokb\u00f3l kisodr\u00f3dott az \u00fattestr\u0151l, \u00e1tt\u00e9rt a m\u00e1sik s\u00e1vba, majd egy ker\u00edt\u00e9snek csap\u00f3dva \u00e1llt meg. A balesetben meghalt az aut\u00f3 vezet\u0151je, a mellette \u00fcl\u0151 utasa k\u00f6nnyebb s\u00e9r\u00fcl\u00e9seket szerzett. A becsap\u00f3d\u00e1s helysz\u00edn\u00e9n megs\u00e9r\u00fclt egy g\u00e1zvezet\u00e9k, g\u00e1zsziv\u00e1rg\u00e1s miatt kitelep\u00edtett\u00e9k a k\u00f6rny\u00e9ken lak\u00f3kat. A s\u00e9r\u00fclt g\u00e1zcsonkot v\u00edzzel locsolt\u00e1k, t\u00f6bb t\u0171zolt\u00f3aut\u00f3 kivonult a helysz\u00ednre. A baleset helysz\u00edn\u00e9t lez\u00e1rt\u00e1k, a forgalmat elterelt\u00e9k.<div class=\"wordtube\">\n<div class=\"wordtube single556\" id=\"WT1_1\" style=\"width:320px; height:240px;\">\n<a href=\"http:\/\/www.macromedia.com\/go\/getflashplayer\">Get the Flash Player<\/a> to see the wordTube Media Player.\n<\/div><\/div>\n\t<script type=\"text\/javascript\" defer=\"defer\">\nvar WT1_1 = {\n\tparams : {\n\t\twmode : \"opaque\",\n\t\tallowscriptaccess : \"always\",\n\t\tallownetworking : \"all\",\n\t\tallowfullscreen : \"true\"},\n\tflashvars : {\n\t\tfile : \"http%3A%2F%2Fwww.agriatv.hu%2Fwp-content%2Fuploads%2F2012%2F04%2F0415verpelet.flv\",\n\t\tvolume : \"80\",\n\t\tbufferlength : \"5\",\n\t\tquality : \"false\",\n\t\t'logo.hide' : \"false\",\n\t\timage : \"http%3A%2F%2Fwww.agriatv.hu%2Fwp-content%2Fuploads%2F2012%2F04%2F0415verpelet.jpg\",\n\t\ttitle : \"0415verpelet.flv\",\n\t\tlinktarget : \"_self\"},\n\tattr : {\n\t\tid : \"WT1\",\n\t\tname : \"WT1\"},\n\tstart : function() {\n\t\tswfobject.embedSWF(\"https:\/\/www.agriatv.hu\/\/player.swf\", \"WT1_1\", \"320\", \"240\", \"9.0.0\", false, this.flashvars, this.params , this.attr );\n\t}\n}\nWT1_1.start();\n\t<\/script>\n<\/p>\n","protected":false},"excerpt":{"rendered":"<p>Hal\u00e1los kimenetel\u0171 baleset t\u00f6rt\u00e9nt Verpel\u00e9ten. Az aut\u00f3 vezet\u0151je meghalt, a balesetben egy g\u00e1zvezet\u00e9k is megs\u00e9r\u00fclt.<br \/>\nHal\u00e1los baleset t\u00f6rt\u00e9nt vas\u00e1rnap d\u00e9lut\u00e1n Verpel\u00e9ten. A F\u0151 \u00faton halad\u00f3 Suzuki eddig ismeretlen okokb\u00f3l kisodr\u00f3dott az \u00fattestr\u0151l, \u00e1tt\u00e9rt a m\u00e1sik s\u00e1vba, majd egy ker\u00edt\u00e9snek csap\u00f3dva \u00e1llt meg. A balesetben meghalt az aut\u00f3 vezet\u0151je, a mellette \u00fcl\u0151 utasa k\u00f6nnyebb s\u00e9r\u00fcl\u00e9seket szerzett. [&#8230;]<\/p>\n","protected":false},"author":4,"featured_media":0,"comment_status":"open","ping_status":"open","sticky":false,"template":"","format":"standard","meta":{"footnotes":""},"categories":[5],"tags":[41,1128,771,781],"class_list":["post-7325","post","type-post","status-publish","format-standard","hentry","category-kek-hirek","tag-baleset","tag-gaz","tag-halal","tag-verpelet"],"_links":{"self":[{"href":"https:\/\/www.agriatv.hu\/index.php?rest_route=\/wp\/v2\/posts\/7325","targetHints":{"allow":["GET"]}}],"collection":[{"href":"https:\/\/www.agriatv.hu\/index.php?rest_route=\/wp\/v2\/posts"}],"about":[{"href":"https:\/\/www.agriatv.hu\/index.php?rest_route=\/wp\/v2\/types\/post"}],"author":[{"embeddable":true,"href":"https:\/\/www.agriatv.hu\/index.php?rest_route=\/wp\/v2\/users\/4"}],"replies":[{"embeddable":true,"href":"https:\/\/www.agriatv.hu\/index.php?rest_route=%2Fwp%2Fv2%2Fcomments&post=7325"}],"version-history":[{"count":3,"href":"https:\/\/www.agriatv.hu\/index.php?rest_route=\/wp\/v2\/posts\/7325\/revisions"}],"predecessor-version":[{"id":7329,"href":"https:\/\/www.agriatv.hu\/index.php?rest_route=\/wp\/v2\/posts\/7325\/revisions\/7329"}],"wp:attachment":[{"href":"https:\/\/www.agriatv.hu\/index.php?rest_route=%2Fwp%2Fv2%2Fmedia&parent=7325"}],"wp:term":[{"taxonomy":"category","embeddable":true,"href":"https:\/\/www.agriatv.hu\/index.php?rest_route=%2Fwp%2Fv2%2Fcategories&post=7325"},{"taxonomy":"post_tag","embeddable":true,"href":"https:\/\/www.agriatv.hu\/index.php?rest_route=%2Fwp%2Fv2%2Ftags&post=7325"}],"curies":[{"name":"wp","href":"https:\/\/api.w.org\/{rel}","templated":true}]}}