{"id":7411,"date":"2012-04-25T13:55:46","date_gmt":"2012-04-25T13:55:46","guid":{"rendered":"http:\/\/www.agriatv.hu\/?p=7411"},"modified":"2012-04-25T14:14:00","modified_gmt":"2012-04-25T14:14:00","slug":"atadtak-a-liceum-megujult-epuletet","status":"publish","type":"post","link":"https:\/\/www.agriatv.hu\/?p=7411","title":{"rendered":"\u00c1tadt\u00e1k a L\u00edceum meg\u00fajult \u00e9p\u00fclet\u00e9t"},"content":{"rendered":"<p><strong><a href=\"https:\/\/www.agriatv.hu\/wp-content\/uploads\/2012\/04\/0425egr_liceum_V.jpg\"><img loading=\"lazy\" decoding=\"async\" class=\"alignleft  wp-image-7416\" title=\"0425egr_liceum_V\" src=\"https:\/\/www.agriatv.hu\/wp-content\/uploads\/2012\/04\/0425egr_liceum_V-300x240.jpg\" alt=\"\" width=\"138\" height=\"85\" \/><\/a>Mintegy 5 milli\u00e1rd forintos beruh\u00e1z\u00e1son van t\u00fal az Eszterh\u00e1zy K\u00e1roly F\u0151iskola. A 2007-ben elkezdett p\u00e1ly\u00e1zat eredm\u00e9ny\u00e9t a szerdai napon adt\u00e1k \u00e1t \u00fcnnep\u00e9lyes keretek k\u00f6z\u00f6tt. Az 5 \u00e9v alatt meg\u00fajult a L\u00edceum \u00e9p\u00fclete, az Almagyar dombon tal\u00e1lhat\u00f3 D \u00e9p\u00fclet, illetve ugyanott kialak\u00edt\u00e1sra ker\u00fclt egy \u00fajabb l\u00e9tes\u00edtm\u00e9ny is.<\/strong><\/p>\n<p>Gr\u00f3f Eszterh\u00e1zy K\u00e1roly a 18. sz\u00e1zadban \u00e9p\u00edttette meg a r\u00f3la elnevezett egri f\u0151iskol\u00e1t. Az az\u00f3ta eltelt 250 \u00e9vben sz\u00e1mtalanszor korszer\u0171s\u00edtett\u00e9k az \u00e9p\u00fcletet, hogy az megfeleljen a kor sz\u00ednvonal\u00e1nak. \u00cdgy tettek 2007-ben is, az akkor elkezdett p\u00e1ly\u00e1zat az \u00e9p\u00fcletek fel\u00faj\u00edt\u00e1s\u00e1ra illetve a technikai meg\u00fajul\u00e1sra ir\u00e1nyult. A TIOP 1.3.1 \u201eL\u00edceum a term\u00e9szettudom\u00e1ny\u00e9rt\u201d p\u00e1ly\u00e1zat sikerrel z\u00e1rult, szerda d\u00e9lel\u0151tt \u00fcnnep\u00e9lyes keretek k\u00f6z\u00f6tt adt\u00e1k \u00e1t a meg\u00fajult L\u00edceumot.<\/p>\n<p>A beruh\u00e1z\u00e1sra 5 milli\u00e1rd forintot k\u00f6lt\u00f6tt el a f\u0151iskola, tov\u00e1bbi 300 milli\u00f3 forint \u00f6nk\u00f6lts\u00e9get fizetett ezen fel\u00fcl. A p\u00e1ly\u00e1zat sor\u00e1n teljesen meg\u00fajult a L\u00edceum \u00e9p\u00fclete, a tet\u0151szerkezett\u0151l a ny\u00edl\u00e1sz\u00e1r\u00f3kig mindent kicser\u00e9ltek az \u00e9p\u00fcletben.<div class=\"wordtube\">\n<div class=\"wordtube single568\" id=\"WT1_1\" style=\"width:320px; height:240px;\">\n<a href=\"http:\/\/www.macromedia.com\/go\/getflashplayer\">Get the Flash Player<\/a> to see the wordTube Media Player.\n<\/div><\/div>\n\t<script type=\"text\/javascript\" defer=\"defer\">\nvar WT1_1 = {\n\tparams : {\n\t\twmode : \"opaque\",\n\t\tallowscriptaccess : \"always\",\n\t\tallownetworking : \"all\",\n\t\tallowfullscreen : \"true\"},\n\tflashvars : {\n\t\tfile : \"http%3A%2F%2Fwww.agriatv.hu%2Fwp-content%2Fuploads%2F2012%2F04%2F0425eger_liceum.flv\",\n\t\tvolume : \"80\",\n\t\tbufferlength : \"5\",\n\t\tquality : \"false\",\n\t\t'logo.hide' : \"false\",\n\t\timage : \"http%3A%2F%2Fwww.agriatv.hu%2Fwp-content%2Fuploads%2F2012%2F04%2F0425egr_liceum.jpg\",\n\t\ttitle : \"0425eger_liceum.flv\",\n\t\tlinktarget : \"_self\"},\n\tattr : {\n\t\tid : \"WT1\",\n\t\tname : \"WT1\"},\n\tstart : function() {\n\t\tswfobject.embedSWF(\"https:\/\/www.agriatv.hu\/\/player.swf\", \"WT1_1\", \"320\", \"240\", \"9.0.0\", false, this.flashvars, this.params , this.attr );\n\t}\n}\nWT1_1.start();\n\t<\/script>\n<\/p>\n<p>Dr. Hauser Zolt\u00e1n, az EKF rektora elmondta: az eddigi 3 k\u00f6rfolyos\u00f3 mellett kialak\u00edt\u00e1sra ker\u00fclt az alagsor is, ahova tantermek, laborat\u00f3riumok illetve mozg\u00f3k\u00e9p-st\u00fadi\u00f3 is ker\u00fclt.<\/p>\n<p>Nyitrai Zsolt, minisztereln\u00f6ki biztos elmondta: b\u00e1r sz\u0171k\u00f6sek a keretek, sz\u00e1mos p\u00e1ly\u00e1zat \u00e9s forr\u00e1s ad lehet\u0151s\u00e9get a meg\u00fajul\u00e1sra. Az Eszterh\u00e1zy K\u00e1roly F\u0151iskola most m\u00e1r komoly es\u00e9llyel p\u00e1ly\u00e1zhat ezekre, rem\u00e9li, hogy tov\u00e1bbi meg\u00fajul\u00e1sokra is lehet\u0151s\u00e9ge lesz a f\u0151iskol\u00e1nak.<\/p>\n","protected":false},"excerpt":{"rendered":"<p>Mintegy 5 milli\u00e1rd forintos beruh\u00e1z\u00e1son van t\u00fal az Eszterh\u00e1zy K\u00e1roly F\u0151iskola. A 2007-ben elkezdett p\u00e1ly\u00e1zat eredm\u00e9ny\u00e9t a szerdai napon adt\u00e1k \u00e1t \u00fcnnep\u00e9lyes keretek k\u00f6z\u00f6tt. Az 5 \u00e9v alatt meg\u00fajult a L\u00edceum \u00e9p\u00fclete, az Almagyar dombon tal\u00e1lhat\u00f3 D \u00e9p\u00fclet, illetve ugyanott kialak\u00edt\u00e1sra ker\u00fclt egy \u00fajabb l\u00e9tes\u00edtm\u00e9ny is.<br \/>\nGr\u00f3f Eszterh\u00e1zy K\u00e1roly a 18. sz\u00e1zadban \u00e9p\u00edttette meg a r\u00f3la [&#8230;]<\/p>\n","protected":false},"author":4,"featured_media":0,"comment_status":"open","ping_status":"open","sticky":false,"template":"","format":"standard","meta":{"footnotes":""},"categories":[9],"tags":[34,300,299],"class_list":["post-7411","post","type-post","status-publish","format-standard","hentry","category-oktatas","tag-ekf","tag-felujitas","tag-liceum"],"_links":{"self":[{"href":"https:\/\/www.agriatv.hu\/index.php?rest_route=\/wp\/v2\/posts\/7411","targetHints":{"allow":["GET"]}}],"collection":[{"href":"https:\/\/www.agriatv.hu\/index.php?rest_route=\/wp\/v2\/posts"}],"about":[{"href":"https:\/\/www.agriatv.hu\/index.php?rest_route=\/wp\/v2\/types\/post"}],"author":[{"embeddable":true,"href":"https:\/\/www.agriatv.hu\/index.php?rest_route=\/wp\/v2\/users\/4"}],"replies":[{"embeddable":true,"href":"https:\/\/www.agriatv.hu\/index.php?rest_route=%2Fwp%2Fv2%2Fcomments&post=7411"}],"version-history":[{"count":5,"href":"https:\/\/www.agriatv.hu\/index.php?rest_route=\/wp\/v2\/posts\/7411\/revisions"}],"predecessor-version":[{"id":7418,"href":"https:\/\/www.agriatv.hu\/index.php?rest_route=\/wp\/v2\/posts\/7411\/revisions\/7418"}],"wp:attachment":[{"href":"https:\/\/www.agriatv.hu\/index.php?rest_route=%2Fwp%2Fv2%2Fmedia&parent=7411"}],"wp:term":[{"taxonomy":"category","embeddable":true,"href":"https:\/\/www.agriatv.hu\/index.php?rest_route=%2Fwp%2Fv2%2Fcategories&post=7411"},{"taxonomy":"post_tag","embeddable":true,"href":"https:\/\/www.agriatv.hu\/index.php?rest_route=%2Fwp%2Fv2%2Ftags&post=7411"}],"curies":[{"name":"wp","href":"https:\/\/api.w.org\/{rel}","templated":true}]}}