{"id":755,"date":"2010-07-29T11:02:21","date_gmt":"2010-07-29T11:02:21","guid":{"rendered":"http:\/\/www.agriatv.hu\/?p=755"},"modified":"2010-07-29T11:02:21","modified_gmt":"2010-07-29T11:02:21","slug":"indul-a-x-bukk-maraton","status":"publish","type":"post","link":"https:\/\/www.agriatv.hu\/?p=755","title":{"rendered":"Indul a X. B\u00fckk Maraton"},"content":{"rendered":"<p class=\"cikkcikkei\">&nbsp;<\/p>\n<p><img decoding=\"async\" align=\"left\" class=\"kiskepcikkhez\" src=\"http:\/\/www.egriszin.hu\/RenderedContents\/IndexImages\/5\/5885-20100729111524-bukkmaraton2009.jpg\" title=\"\" \/><\/p>\n<p><b>H&eacute;t orsz&aacute;g mintegy 1400 kerekes&eacute;t v&aacute;rj&aacute;k a vas&aacute;rnapi, jubileumi X. B&uuml;kk Maratonra. A mez\u0151ny a fels\u0151t&aacute;rk&aacute;nyi Egeres-v&ouml;lgyb\u0151l rajtol reggel 9 &oacute;rakor.<\/b><\/p>\n<p>A T-Mobile Top Maraton sorozat 3. &aacute;llom&aacute;sa el\u0151tt a tavalyi k&eacute;t &ouml;sszetett feln\u0151tt gy\u0151ztes Blazs&oacute; M&aacute;rton &eacute;s D&oacute;sa Eszter vezet. A tavaly magyar bajnoks&aacute;gnak is helyt ad&oacute; verseny rajt-c&eacute;l ter&uuml;lete az Eger melletti Berva-v&ouml;lgyb\u0151l id&eacute;n a fels\u0151t&aacute;rk&aacute;nyi Egeres-v&ouml;lgybe k&ouml;lt&ouml;zik. A kerekesek a Sintesi Bike B&uuml;kk Maratont h&aacute;rom t&aacute;von teljes&iacute;thetik: 93, 57 vagy 37 kilom&eacute;teren. A hossz&uacute;t&aacute;vosok kilenckor, a k&ouml;zepesek f&eacute;l t&iacute;zkor, a r&ouml;videt v&aacute;laszt&oacute;k t&iacute;z &oacute;rakor rajtolnak.<\/p>\n<p>\tA T-Mobile Top Maraton sorozat f&eacute;lidej&eacute;n&eacute;l &ndash; k&eacute;t futam ut&aacute;n &ndash; &ouml;sszetett abszol&uacute;tban, f&eacute;rfiakn&aacute;l Blazs&oacute; M&aacute;rton (k&eacute;t m&aacute;sodik hellyel, 540 pont), Szalay P&eacute;ter (450) &eacute;s Vas P&eacute;ter (420), m&iacute;g a h&ouml;lgyekn&eacute;l D&oacute;sa Eszter (k&eacute;t gy\u0151zelemmel, 600 pont), Cseh Veronika (500) illetve Farkasdi Edina (460) a sorrend.<\/p>\n<p>\tA B&uuml;kk Maraton alkalm&aacute;val, k&iacute;s&eacute;r\u0151rendezv&eacute;nyk&eacute;nt, ez&uacute;ttal is sor ker&uuml;l a ker&eacute;kp&aacute;ros T-Mobile Term&eacute;szetj&aacute;r&oacute; T&uacute;r&aacute;ra. A 10.15-kor indul&oacute;, ingyenes, mintegy 10 kilom&eacute;teres t&uacute;ra a kisvas&uacute;ttal p&aacute;rhuzamosan, sz&eacute;les, j&oacute;l tekerhet\u0151 d&oacute;zer&uacute;ton vezet a V&ouml;r&ouml;sk\u0151-v&ouml;lgybe, a Stimecz-\u0151rh&aacute;zhoz. A r&eacute;sztvev\u0151k megtekinthetik az id\u0151szakos V&ouml;r&ouml;sk\u0151-forr&aacute;st is; a t&uacute;ravezet\u0151 a szilv&aacute;sv&aacute;radi maraton f\u0151szervez\u0151je, Tarnai Csaba lesz. A csal&aacute;dok sz&aacute;m&aacute;ra t&ouml;bbek k&ouml;zt barlang&aacute;szat, lovagl&aacute;s, falm&aacute;sz&aacute;s, tan\u0151sv&eacute;ny-t&uacute;ra, kisvas&uacute;taz&aacute;s, cs&oacute;nak&aacute;z&aacute;s jelentheti a ker&eacute;kp&aacute;roz&aacute;s melletti kikapcsol&oacute;d&aacute;st. A k&eacute;tnapos programban az U7-U13-as koroszt&aacute;ly&uacute; gyermekek a szombati, ker&eacute;kp&aacute;ros Tit&aacute;n-kup&aacute;n m&eacute;rk\u0151zhetnek.<\/p>\n<p>\t&#8211; M&aacute;r t&ouml;bb mint 1400-an neveztek, re&aacute;lisan 1300-1400 versenyz\u0151t v&aacute;rok vas&aacute;rnap a rajtvonalhoz. Regisztr&aacute;ltunk a hazai bring&aacute;sok mellett amerikai, rom&aacute;n, n&eacute;met, osztr&aacute;k, szlov&aacute;k &eacute;s szlov&eacute;n kerekeseket. Finisben az el\u0151k&eacute;sz&uuml;letek, &eacute;rdekess&eacute;gk&eacute;nt elmondhatom, hogy a befut&oacute; el\u0151tt f&eacute;l kilom&eacute;terrel m&eacute;g hidat is kellett &aacute;csolnunk &ndash; mondta Nagy &Aacute;d&aacute;m f\u0151szervez\u0151.<\/p>\n<p>\tA T-Mobile Top Maraton sorozat 0-24 &oacute;r&aacute;s seg&eacute;lyh&iacute;v&oacute; sz&aacute;ma a B&uuml;kk Maratonon is +36 30 331 5555.<\/p>\n<p>Forr&aacute;s: Egrisz&iacute;n<\/p>\n","protected":false},"excerpt":{"rendered":"<p>&nbsp;<\/p>\n<p>H&eacute;t orsz&aacute;g mintegy 1400 kerekes&eacute;t v&aacute;rj&aacute;k a vas&aacute;rnapi, jubileumi X. B&uuml;kk Maratonra. A mez\u0151ny a fels\u0151t&aacute;rk&aacute;nyi Egeres-v&ouml;lgyb\u0151l rajtol reggel 9 &oacute;rakor.<br \/>\nA T-Mobile Top Maraton sorozat 3. &aacute;llom&aacute;sa el\u0151tt a tavalyi k&eacute;t &ouml;sszetett feln\u0151tt gy\u0151ztes Blazs&oacute; M&aacute;rton &eacute;s D&oacute;sa Eszter vezet. A tavaly magyar bajnoks&aacute;gnak is helyt ad&oacute; verseny rajt-c&eacute;l ter&uuml;lete az Eger melletti Berva-v&ouml;lgyb\u0151l id&eacute;n [&#8230;]<\/p>\n","protected":false},"author":4,"featured_media":0,"comment_status":"closed","ping_status":"closed","sticky":false,"template":"","format":"standard","meta":{"footnotes":""},"categories":[11],"tags":[],"class_list":["post-755","post","type-post","status-publish","format-standard","hentry","category-sport"],"_links":{"self":[{"href":"https:\/\/www.agriatv.hu\/index.php?rest_route=\/wp\/v2\/posts\/755","targetHints":{"allow":["GET"]}}],"collection":[{"href":"https:\/\/www.agriatv.hu\/index.php?rest_route=\/wp\/v2\/posts"}],"about":[{"href":"https:\/\/www.agriatv.hu\/index.php?rest_route=\/wp\/v2\/types\/post"}],"author":[{"embeddable":true,"href":"https:\/\/www.agriatv.hu\/index.php?rest_route=\/wp\/v2\/users\/4"}],"replies":[{"embeddable":true,"href":"https:\/\/www.agriatv.hu\/index.php?rest_route=%2Fwp%2Fv2%2Fcomments&post=755"}],"version-history":[{"count":1,"href":"https:\/\/www.agriatv.hu\/index.php?rest_route=\/wp\/v2\/posts\/755\/revisions"}],"predecessor-version":[{"id":756,"href":"https:\/\/www.agriatv.hu\/index.php?rest_route=\/wp\/v2\/posts\/755\/revisions\/756"}],"wp:attachment":[{"href":"https:\/\/www.agriatv.hu\/index.php?rest_route=%2Fwp%2Fv2%2Fmedia&parent=755"}],"wp:term":[{"taxonomy":"category","embeddable":true,"href":"https:\/\/www.agriatv.hu\/index.php?rest_route=%2Fwp%2Fv2%2Fcategories&post=755"},{"taxonomy":"post_tag","embeddable":true,"href":"https:\/\/www.agriatv.hu\/index.php?rest_route=%2Fwp%2Fv2%2Ftags&post=755"}],"curies":[{"name":"wp","href":"https:\/\/api.w.org\/{rel}","templated":true}]}}