{"id":757,"date":"2010-07-30T08:50:23","date_gmt":"2010-07-30T08:50:23","guid":{"rendered":"http:\/\/www.agriatv.hu\/?p=757"},"modified":"2010-07-30T08:50:23","modified_gmt":"2010-07-30T08:50:23","slug":"nemzeti-szinekben-a-sportcsarnok-nezotere","status":"publish","type":"post","link":"https:\/\/www.agriatv.hu\/?p=757","title":{"rendered":"Nemzeti sz\u00ednekben a sportcsarnok n\u00e9z\u0151tere"},"content":{"rendered":"<p class=\"cikkcikkei\">&nbsp;<\/p>\n<p><img decoding=\"async\" align=\"left\" class=\"kiskepcikkhez\" src=\"http:\/\/www.egriszin.hu\/RenderedContents\/IndexImages\/5\/5884-20100729105814-nezoter.jpg\" title=\"\" \/><\/p>\n<p><b>Befejez\u0151d&ouml;tt a Dr. Kem&eacute;ny Ferenc Sportcsarnok n&eacute;z\u0151ter&eacute;nek fel&uacute;j&iacute;t&aacute;sa. A lel&aacute;t&oacute; piros-feh&eacute;r-z&ouml;ld sz&iacute;nekben pomp&aacute;zik, a sportiskola az &ouml;nkorm&aacute;nyzat t&aacute;mogat&aacute;s&aacute;val 850 &uacute;j m\u0171anyag sz&eacute;ket szereltetett fel.<\/b><\/p>\n<p align=\"justify\">K&ouml;zel 6 milli&oacute; forintb&oacute;l val&oacute;sult meg a beruh&aacute;z&aacute;s egy zalaegerszegi c&eacute;g kivitelez&eacute;s&eacute;ben. Kov&aacute;cs G&eacute;za az EVSI igazgat&oacute;ja a ma reggeli &aacute;tad&aacute;skor elmondta, hogy az &uuml;l\u0151helyek kiv&aacute;laszt&aacute;s&aacute;n&aacute;l a biztons&aacute;gi szempontok els\u0151bbs&eacute;get &eacute;lveztek a k&eacute;nyelemmel szemben, &iacute;gy h&aacute;tt&aacute;mla n&eacute;lk&uuml;li sz&eacute;keket helyeztek el az &eacute;p&uuml;letben. A nemzeti sz&iacute;neket k&ouml;vet\u0151 &uuml;l\u0151alkalmatoss&aacute;gok anyaga t&ouml;rhetetlen &eacute;s &eacute;ghetetlen. Az &ouml;nkorm&aacute;nyzat nev&eacute;ben Habis L&aacute;szl&oacute; polg&aacute;rmester &eacute;s Szeleczki J&aacute;nos alpolg&aacute;rmester is r&eacute;szt vett az &aacute;tad&aacute;son, akik szerint a mostani fejleszt&eacute;s egy &uacute;jabb bizony&iacute;t&eacute;ka annak, hogy a lehet\u0151s&eacute;gekhez k&eacute;pest a v&aacute;ros igyekszik a sportl&eacute;tes&iacute;tm&eacute;nyeket meg&oacute;vni, igazodni a kor elv&aacute;r&aacute;saihoz. A k&ouml;zelm&uacute;ltban ker&uuml;lt sor &ndash; ugyancsak a sportcsarnokban &#8211; a t&ouml;bb t&iacute;zmilli&oacute;s nagys&aacute;grend\u0171 azbesztmentes&iacute;t&eacute;si munk&aacute;latokra, valamint az &eacute;rsekkerti teniszp&aacute;ly&aacute;k fel&uacute;j&iacute;t&aacute;s&aacute;ra is, a pozit&iacute;v visszajelz&eacute;sek pedig nem maradtak el.<\/p>\n<p><span class=\"keptarolo kt_center_nf\" id=\"container2769\"><script type=\"text\/javascript\">\nfunction contcsere2769(belsodiv) {<\/p>\n<p>  obj=document.getElementById('bCont2769_1');\n  obj.style.display='none';<\/p>\n<p>  obj=document.getElementById('bCont2769_2');\n  obj.style.display='none';<\/p>\n<p>  obj=document.getElementById('bCont2769_3');\n  obj.style.display='none';<\/p>\n<p>  obj=document.getElementById('bCont2769_4');\n  obj.style.display='none';<\/p>\n<p>  obj=document.getElementById('bCont2769_5');\n  obj.style.display='none';<\/p>\n<p>  obj=document.getElementById('bCont2769_6');\n  obj.style.display='none';\n   obj=document.getElementById(belsodiv); \n  obj.style.display='block';\n}\n<\/script> <\/span><\/p>\n<p><span class=\"keptarolo kt_center_nf\" id=\"container2769\"><span id=\"bCont2769_1\" style=\"display: block;\"><a href=\"http:\/\/www.egriszin.hu\/RenderedContents\/middleImages\/8\/8887-20100729:110002-SANY0157.JPG\" rel=\"lightbox[container2769]\" title=\"\"><img decoding=\"async\" border=\"0\" src=\"http:\/\/www.egriszin.hu\/RenderedContents\/Images\/8\/8887-20100729:110002-SANY0157.JPG\" style=\"width: 138px; height: 103px;\" title=\"Kattintson!\" \/><\/a><br \/>\n\t<\/span><\/span><\/p>\n<p><span class=\"keptarolo kt_center_nf\" id=\"container2769\"><span id=\"bCont2769_1\" style=\"display: block;\">Forr&aacute;s: Egrisz&iacute;n<br \/>\n\t<\/span><\/span><\/p>\n","protected":false},"excerpt":{"rendered":"<p>&nbsp;<\/p>\n<p>Befejez\u0151d&ouml;tt a Dr. Kem&eacute;ny Ferenc Sportcsarnok n&eacute;z\u0151ter&eacute;nek fel&uacute;j&iacute;t&aacute;sa. A lel&aacute;t&oacute; piros-feh&eacute;r-z&ouml;ld sz&iacute;nekben pomp&aacute;zik, a sportiskola az &ouml;nkorm&aacute;nyzat t&aacute;mogat&aacute;s&aacute;val 850 &uacute;j m\u0171anyag sz&eacute;ket szereltetett fel.<br \/>\nK&ouml;zel 6 milli&oacute; forintb&oacute;l val&oacute;sult meg a beruh&aacute;z&aacute;s egy zalaegerszegi c&eacute;g kivitelez&eacute;s&eacute;ben. Kov&aacute;cs G&eacute;za az EVSI igazgat&oacute;ja a ma reggeli &aacute;tad&aacute;skor elmondta, hogy az &uuml;l\u0151helyek kiv&aacute;laszt&aacute;s&aacute;n&aacute;l a biztons&aacute;gi szempontok els\u0151bbs&eacute;get &eacute;lveztek a [&#8230;]<\/p>\n","protected":false},"author":4,"featured_media":0,"comment_status":"closed","ping_status":"closed","sticky":false,"template":"","format":"standard","meta":{"footnotes":""},"categories":[11],"tags":[],"class_list":["post-757","post","type-post","status-publish","format-standard","hentry","category-sport"],"_links":{"self":[{"href":"https:\/\/www.agriatv.hu\/index.php?rest_route=\/wp\/v2\/posts\/757","targetHints":{"allow":["GET"]}}],"collection":[{"href":"https:\/\/www.agriatv.hu\/index.php?rest_route=\/wp\/v2\/posts"}],"about":[{"href":"https:\/\/www.agriatv.hu\/index.php?rest_route=\/wp\/v2\/types\/post"}],"author":[{"embeddable":true,"href":"https:\/\/www.agriatv.hu\/index.php?rest_route=\/wp\/v2\/users\/4"}],"replies":[{"embeddable":true,"href":"https:\/\/www.agriatv.hu\/index.php?rest_route=%2Fwp%2Fv2%2Fcomments&post=757"}],"version-history":[{"count":1,"href":"https:\/\/www.agriatv.hu\/index.php?rest_route=\/wp\/v2\/posts\/757\/revisions"}],"predecessor-version":[{"id":760,"href":"https:\/\/www.agriatv.hu\/index.php?rest_route=\/wp\/v2\/posts\/757\/revisions\/760"}],"wp:attachment":[{"href":"https:\/\/www.agriatv.hu\/index.php?rest_route=%2Fwp%2Fv2%2Fmedia&parent=757"}],"wp:term":[{"taxonomy":"category","embeddable":true,"href":"https:\/\/www.agriatv.hu\/index.php?rest_route=%2Fwp%2Fv2%2Fcategories&post=757"},{"taxonomy":"post_tag","embeddable":true,"href":"https:\/\/www.agriatv.hu\/index.php?rest_route=%2Fwp%2Fv2%2Ftags&post=757"}],"curies":[{"name":"wp","href":"https:\/\/api.w.org\/{rel}","templated":true}]}}