{"id":761,"date":"2010-07-30T11:51:38","date_gmt":"2010-07-30T11:51:38","guid":{"rendered":"http:\/\/www.agriatv.hu\/?p=761"},"modified":"2010-07-30T11:54:20","modified_gmt":"2010-07-30T11:54:20","slug":"a-halalra-gazolt-rendor-csaladjat-segiti-a-fokapitany","status":"publish","type":"post","link":"https:\/\/www.agriatv.hu\/?p=761","title":{"rendered":"A hal\u00e1lra g\u00e1zolt rend\u0151r csal\u00e1dj\u00e1t seg\u00edti a f\u0151kapit\u00e1ny"},"content":{"rendered":"<p><a href=\"https:\/\/www.agriatv.hu\/wp-content\/uploads\/2010\/07\/himzettgolya2.jpg\"><img loading=\"lazy\" decoding=\"async\" align=\"left\" alt=\"\" class=\"alignleft size-medium wp-image-308\" height=\"124\" src=\"https:\/\/www.agriatv.hu\/wp-content\/uploads\/2010\/07\/himzettgolya2-217x300.jpg\" style=\"width: 90px; height: 124px;\" title=\"himzettgolya2\" width=\"90\" srcset=\"https:\/\/www.agriatv.hu\/wp-content\/uploads\/2010\/07\/himzettgolya2-217x300.jpg 217w, https:\/\/www.agriatv.hu\/wp-content\/uploads\/2010\/07\/himzettgolya2.jpg 640w\" sizes=\"auto, (max-width: 90px) 100vw, 90px\" \/><\/a><strong>K&eacute;tsz&aacute;zezer forintos j&oacute;v&aacute;t&eacute;telt aj&aacute;nlott fel dr. Juh&aacute;sz Istv&aacute;n r. dand&aacute;rt&aacute;bornoknak egy \u0151t megs&eacute;rt\u0151 internetez\u0151. Az &ouml;sszeget j&oacute;t&eacute;kony c&eacute;lra ford&iacute;totta a rend\u0151ri vezet\u0151.<\/strong><\/p>\n<p>Levelet kapott a napokban szerkeszt\u0151s&eacute;g&uuml;nk, amelyben egy f&eacute;rfi le&iacute;rta: m&eacute;g tavaly &eacute;v v&eacute;g&eacute;n a Heol.hu-ra k&uuml;ld&ouml;tt egyik hozz&aacute;sz&oacute;l&aacute;s&aacute;val ismeretlen&uuml;l is megb&aacute;ntotta dr. Juh&aacute;sz Istv&aacute;n r. dand&aacute;rt&aacute;bornokot, megy&eacute;nk rend\u0151r-f\u0151kapit&aacute;ny&aacute;t. &Eacute;ppen ez&eacute;rt nyilv&aacute;nosan is bocs&aacute;natot k&eacute;r t\u0151le, csal&aacute;dj&aacute;t&oacute;l &eacute;s a f\u0151kapit&aacute;nys&aacute;g dolgoz&oacute;it&oacute;l.<\/p>\n<p>Az eset el\u0151zm&eacute;nye, hogy a f&eacute;rfi a Heol.hu egyik h&iacute;r&eacute;hez hozz&aacute;sz&oacute;lva meglehet\u0151sen durva, becsm&eacute;rl\u0151 szavakkal adott hangot v&eacute;lem&eacute;ny&eacute;nek a magyar rend\u0151rs&eacute;g, s a megye els\u0151 sz&aacute;m&uacute; rend\u0151ri vezet\u0151j&eacute;nek munk&aacute;j&aacute;val kapcsolatban.<\/p>\n<p>A lev&eacute;l kapcs&aacute;n megkerest&uuml;k Solt&eacute;sz B&aacute;lint r. sz&aacute;zadost, a f\u0151kapit&aacute;nys&aacute;g sz&oacute;viv\u0151j&eacute;t, aki elmondta: a hozz&aacute;sz&oacute;l&aacute;s nyom&aacute;n becs&uuml;lets&eacute;rt&eacute;s miatt b&uuml;ntet\u0151elj&aacute;r&aacute;s is indult. Ennek sor&aacute;n a felek v&eacute;g&uuml;l k&ouml;zvet&iacute;t&eacute;s &uacute;tj&aacute;n rendezt&eacute;k a helyzetet. A f&eacute;rfi v&aacute;llalta, hogy nyilv&aacute;nosan bocs&aacute;natot k&eacute;r a rend\u0151ri vezet\u0151t\u0151l, ugyanakkor 200 ezer forintot is felaj&aacute;nlott a f\u0151kapit&aacute;nynak j&oacute;v&aacute;t&eacute;tel gyan&aacute;nt.<\/p>\n<p>Dr. Juh&aacute;sz Istv&aacute;n azzal a kik&ouml;t&eacute;ssel fogadta el az &ouml;sszeget, hogy azt nem saj&aacute;t c&eacute;lra haszn&aacute;lja fel, hanem a borsodi &aacute;rv&iacute;zk&aacute;rosultak t&aacute;mogat&aacute;s&aacute;ra aj&aacute;nlja fel. Az &eacute;let azonban k&ouml;zbesz&oacute;lt. M&uacute;lt h&eacute;ten szolg&aacute;lat k&ouml;zben <a href=\"http:\/\/www.heol.hu\/orszag-vilag\/kek-hirek\/halalra-gazolt-egy-rendort-az-uldozott-bmw-318474\" target=\"_blank\">&eacute;let&eacute;t vesztette egy rend\u0151r<\/a> a f\u0151v&aacute;rosban. A f\u0151kapit&aacute;ny &iacute;gy a gy&aacute;szol&oacute; csal&aacute;dnak aj&aacute;nlotta fel a 200 ezer forintot.<\/p>\n<p>Forr&aacute;s: Heol<\/p>\n","protected":false},"excerpt":{"rendered":"<p>K&eacute;tsz&aacute;zezer forintos j&oacute;v&aacute;t&eacute;telt aj&aacute;nlott fel dr. Juh&aacute;sz Istv&aacute;n r. dand&aacute;rt&aacute;bornoknak egy \u0151t megs&eacute;rt\u0151 internetez\u0151. Az &ouml;sszeget j&oacute;t&eacute;kony c&eacute;lra ford&iacute;totta a rend\u0151ri vezet\u0151.<br \/>\nLevelet kapott a napokban szerkeszt\u0151s&eacute;g&uuml;nk, amelyben egy f&eacute;rfi le&iacute;rta: m&eacute;g tavaly &eacute;v v&eacute;g&eacute;n a Heol.hu-ra k&uuml;ld&ouml;tt egyik hozz&aacute;sz&oacute;l&aacute;s&aacute;val ismeretlen&uuml;l is megb&aacute;ntotta dr. Juh&aacute;sz Istv&aacute;n r. dand&aacute;rt&aacute;bornokot, megy&eacute;nk rend\u0151r-f\u0151kapit&aacute;ny&aacute;t. &Eacute;ppen ez&eacute;rt nyilv&aacute;nosan is bocs&aacute;natot k&eacute;r [&#8230;]<\/p>\n","protected":false},"author":4,"featured_media":0,"comment_status":"closed","ping_status":"closed","sticky":false,"template":"","format":"standard","meta":{"footnotes":""},"categories":[5],"tags":[],"class_list":["post-761","post","type-post","status-publish","format-standard","hentry","category-kek-hirek"],"_links":{"self":[{"href":"https:\/\/www.agriatv.hu\/index.php?rest_route=\/wp\/v2\/posts\/761","targetHints":{"allow":["GET"]}}],"collection":[{"href":"https:\/\/www.agriatv.hu\/index.php?rest_route=\/wp\/v2\/posts"}],"about":[{"href":"https:\/\/www.agriatv.hu\/index.php?rest_route=\/wp\/v2\/types\/post"}],"author":[{"embeddable":true,"href":"https:\/\/www.agriatv.hu\/index.php?rest_route=\/wp\/v2\/users\/4"}],"replies":[{"embeddable":true,"href":"https:\/\/www.agriatv.hu\/index.php?rest_route=%2Fwp%2Fv2%2Fcomments&post=761"}],"version-history":[{"count":2,"href":"https:\/\/www.agriatv.hu\/index.php?rest_route=\/wp\/v2\/posts\/761\/revisions"}],"predecessor-version":[{"id":763,"href":"https:\/\/www.agriatv.hu\/index.php?rest_route=\/wp\/v2\/posts\/761\/revisions\/763"}],"wp:attachment":[{"href":"https:\/\/www.agriatv.hu\/index.php?rest_route=%2Fwp%2Fv2%2Fmedia&parent=761"}],"wp:term":[{"taxonomy":"category","embeddable":true,"href":"https:\/\/www.agriatv.hu\/index.php?rest_route=%2Fwp%2Fv2%2Fcategories&post=761"},{"taxonomy":"post_tag","embeddable":true,"href":"https:\/\/www.agriatv.hu\/index.php?rest_route=%2Fwp%2Fv2%2Ftags&post=761"}],"curies":[{"name":"wp","href":"https:\/\/api.w.org\/{rel}","templated":true}]}}