{"id":764,"date":"2010-07-30T18:00:31","date_gmt":"2010-07-30T18:00:31","guid":{"rendered":"http:\/\/www.agriatv.hu\/?p=764"},"modified":"2010-07-30T18:00:31","modified_gmt":"2010-07-30T18:00:31","slug":"mirkoczki-is-eger-polgarmestere-akar-lenni","status":"publish","type":"post","link":"https:\/\/www.agriatv.hu\/?p=764","title":{"rendered":"Mirk\u00f3czki is Eger polg\u00e1rmestere akar lenni"},"content":{"rendered":"<p class=\"cikkcikkei\">&nbsp;<\/p>\n<p><img decoding=\"async\" align=\"left\" class=\"kiskepcikkhez\" src=\"http:\/\/www.egriszin.hu\/RenderedContents\/IndexImages\/5\/5892-20100730172931-m057.jpg\" title=\"\" \/><\/p>\n<p><b>Mirk&oacute;czki &Aacute;d&aacute;m lett a Jobbik polg&aacute;rmester-jel&ouml;ltje Egerben. Az orsz&aacute;ggy\u0171l&eacute;si k&eacute;pvisel\u0151, ha nyer, lemond parlamenti tiszts&eacute;g&eacute;r\u0151l.<\/b><\/p>\n<p align=\"justify\">A Jobbik mai sajt&oacute;t&aacute;j&eacute;koztat&oacute;j&aacute;n jelentett&eacute;k be, hogy Mirk&oacute;czki &Aacute;d&aacute;mot, a p&aacute;rt megyei eln&ouml;k&eacute;t ind&iacute;tj&aacute;k Eger v&aacute;ros polg&aacute;rmesteri v&aacute;laszt&aacute;s&aacute;n. Az egri sz&uuml;let&eacute;si, orsz&aacute;gos list&aacute;n k&eacute;pvisel\u0151i mand&aacute;tumot szerzett politikus abban az esetben, ha nyerne a helyi v&aacute;laszt&aacute;sokon, a Jobbik bels\u0151 szab&aacute;lyzat&aacute;t k&ouml;vetve, nem lenne &aacute;ll&aacute;shalmoz&oacute;, ugyanis lemondana az orsz&aacute;ggy\u0171l&eacute;sben v&eacute;gzett tiszts&eacute;geir\u0151l.<\/p>\n<p align=\"justify\">A Jobbik egy&eacute;bk&eacute;nt mind a 12 egri egy&eacute;ni v&aacute;laszt&oacute;k&ouml;rzetben ind&iacute;t &ouml;n&aacute;ll&oacute; jel&ouml;ltet, de a pontos n&eacute;vsort csak augusztusban hozz&aacute;k majd nyilv&aacute;noss&aacute;gra.<\/p>\n<p align=\"justify\"><strong>Mirk&oacute;czki &Aacute;d&aacute;m &ouml;n&eacute;letrajza:<\/strong><\/p>\n<p>\t1978. j&uacute;nius 23-&aacute;n sz&uuml;letett Egerben.<\/p>\n<p>\t1997-ben &eacute;retts&eacute;gizett az egri G&aacute;rdonyi G&eacute;za Ciszterci Gimn&aacute;ziumban. 1998-ban gyermek- &eacute;s ifj&uacute;s&aacute;gv&eacute;delmi &uuml;gyint&eacute;z\u0151 k&eacute;pes&iacute;t&eacute;st szerzett ugyanott. 2002 &eacute;s 2007 k&ouml;z&ouml;tt az E&ouml;tv&ouml;s Lor&aacute;nd Tudom&aacute;nyegyetem T&aacute;rsadalomtudom&aacute;nyi Kar&aacute;n, szociol&oacute;gia szakon tanult. 2007-ben tett sikeres &aacute;llamvizsg&aacute;t. 2004 &eacute;s 2006 k&ouml;z&ouml;tt a Sz&aacute;zadv&eacute;g Politikai Iskola egri tagozat&aacute;nak hallgat&oacute;ja. 2007-ben &uacute;js&aacute;g&iacute;r&oacute;-szerkeszt\u0151 k&eacute;pes&iacute;t&eacute;st szerzett Budapesten, a F&uuml;ggetlen &Uacute;js&aacute;g&iacute;r&oacute;k Sz&ouml;vets&eacute;g&eacute;nek k&eacute;pz&eacute;s&eacute;n. 2005-ben megn\u0151s&uuml;lt.<\/p>\n<p>\t2007-t\u0151l &ouml;nkorm&aacute;nyzati k&eacute;pvisel\u0151 Feldebr\u0151n. 2008-ban a R&aacute;di&oacute; Eger h&iacute;rszerkeszt\u0151je, majd 2010. janu&aacute;r 1-ig a Szent Istv&aacute;n R&aacute;di&oacute; m\u0171sorvezet\u0151-szerkeszt\u0151je. 2008-t&oacute;l a Jobbik Magyarorsz&aacute;g&eacute;rt Mozgalom tagja. 2009-ben megv&aacute;lasztott&aacute;k a Jobbik Heves megyei aleln&ouml;k&eacute;v&eacute;, majd eln&ouml;k&eacute;v&eacute;. 2009-t\u0151l a p&aacute;rt Egyh&aacute;z&uuml;gyi Kabinet&eacute;nek eln&ouml;ke.<\/p>\n<p>\tAz orsz&aacute;ggy\u0171l&eacute;si v&aacute;laszt&aacute;sokon az orsz&aacute;gos list&aacute;r&oacute;l szerzett mand&aacute;tumot.&nbsp;<\/p>\n<p align=\"justify\">Forr&aacute;s: Egrisz&iacute;n<\/p>\n","protected":false},"excerpt":{"rendered":"<p>&nbsp;<\/p>\n<p>Mirk&oacute;czki &Aacute;d&aacute;m lett a Jobbik polg&aacute;rmester-jel&ouml;ltje Egerben. Az orsz&aacute;ggy\u0171l&eacute;si k&eacute;pvisel\u0151, ha nyer, lemond parlamenti tiszts&eacute;g&eacute;r\u0151l.<br \/>\nA Jobbik mai sajt&oacute;t&aacute;j&eacute;koztat&oacute;j&aacute;n jelentett&eacute;k be, hogy Mirk&oacute;czki &Aacute;d&aacute;mot, a p&aacute;rt megyei eln&ouml;k&eacute;t ind&iacute;tj&aacute;k Eger v&aacute;ros polg&aacute;rmesteri v&aacute;laszt&aacute;s&aacute;n. Az egri sz&uuml;let&eacute;si, orsz&aacute;gos list&aacute;n k&eacute;pvisel\u0151i mand&aacute;tumot szerzett politikus abban az esetben, ha nyerne a helyi v&aacute;laszt&aacute;sokon, a Jobbik bels\u0151 szab&aacute;lyzat&aacute;t k&ouml;vetve, nem [&#8230;]<\/p>\n","protected":false},"author":4,"featured_media":0,"comment_status":"closed","ping_status":"closed","sticky":false,"template":"","format":"standard","meta":{"footnotes":""},"categories":[3],"tags":[],"class_list":["post-764","post","type-post","status-publish","format-standard","hentry","category-politika"],"_links":{"self":[{"href":"https:\/\/www.agriatv.hu\/index.php?rest_route=\/wp\/v2\/posts\/764","targetHints":{"allow":["GET"]}}],"collection":[{"href":"https:\/\/www.agriatv.hu\/index.php?rest_route=\/wp\/v2\/posts"}],"about":[{"href":"https:\/\/www.agriatv.hu\/index.php?rest_route=\/wp\/v2\/types\/post"}],"author":[{"embeddable":true,"href":"https:\/\/www.agriatv.hu\/index.php?rest_route=\/wp\/v2\/users\/4"}],"replies":[{"embeddable":true,"href":"https:\/\/www.agriatv.hu\/index.php?rest_route=%2Fwp%2Fv2%2Fcomments&post=764"}],"version-history":[{"count":1,"href":"https:\/\/www.agriatv.hu\/index.php?rest_route=\/wp\/v2\/posts\/764\/revisions"}],"predecessor-version":[{"id":765,"href":"https:\/\/www.agriatv.hu\/index.php?rest_route=\/wp\/v2\/posts\/764\/revisions\/765"}],"wp:attachment":[{"href":"https:\/\/www.agriatv.hu\/index.php?rest_route=%2Fwp%2Fv2%2Fmedia&parent=764"}],"wp:term":[{"taxonomy":"category","embeddable":true,"href":"https:\/\/www.agriatv.hu\/index.php?rest_route=%2Fwp%2Fv2%2Fcategories&post=764"},{"taxonomy":"post_tag","embeddable":true,"href":"https:\/\/www.agriatv.hu\/index.php?rest_route=%2Fwp%2Fv2%2Ftags&post=764"}],"curies":[{"name":"wp","href":"https:\/\/api.w.org\/{rel}","templated":true}]}}