{"id":766,"date":"2010-07-30T18:04:48","date_gmt":"2010-07-30T18:04:48","guid":{"rendered":"http:\/\/www.agriatv.hu\/?p=766"},"modified":"2010-07-30T18:05:41","modified_gmt":"2010-07-30T18:05:41","slug":"fellepes-a-tisztessegtelen-kereskedelmi-gyakorlattal-szemben","status":"publish","type":"post","link":"https:\/\/www.agriatv.hu\/?p=766","title":{"rendered":"Fell\u00e9p\u00e9s a tisztess\u00e9gtelen kereskedelmi gyakorlattal szemben"},"content":{"rendered":"<p>&nbsp;<\/p>\n<p><img decoding=\"async\" align=\"left\" class=\"kiskepcikkhez\" src=\"http:\/\/www.egriszin.hu\/RenderedContents\/IndexImages\/5\/5891-20100730144255-SANY0182.JPG\" title=\"\" \/><\/p>\n<p><b>Orsz&aacute;gos konferenci&aacute;t rendezett Egerben a Fogyaszt&oacute;v&eacute;delmi Egyes&uuml;letek Orsz&aacute;gos Sz&ouml;vets&eacute;ge &eacute;s a Gazdas&aacute;gi Versenyhivatal &bdquo;A fogyaszt&oacute;kkal szembeni tisztess&eacute;gtelen kereskedelmi gyakorlat tilalm&aacute;r&oacute;l sz&oacute;l&oacute; ir&aacute;nyelv hat&aacute;sa &eacute;s &aacute;t&uuml;ltet&eacute;s&eacute;nek tapasztalatai&rdquo; c&iacute;mmel. Az eszmecser&eacute;r\u0151l sajt&oacute;t&aacute;j&eacute;koztat&oacute; keret&eacute;ben sz&aacute;moltak be ma d&eacute;lben a Hotel Fl&oacute;r&aacute;ban.<\/b><\/p>\n<div align=\"justify\">Dr. Baranovszky Gy&ouml;rgy a Fogyaszt&oacute;v&eacute;delmi Egyes&uuml;letek Orsz&aacute;gos Sz&ouml;vets&eacute;g&eacute;nek &uuml;gyvezet\u0151 eln&ouml;ke elmondta, hogy a k&eacute;tnapos konferenci&aacute;n a tisztess&eacute;gtelen kereskedelmi gyakorlatra vonatkoz&oacute; t&ouml;rv&eacute;ny tapasztalatait mutatt&aacute;k be az &eacute;rintett hat&oacute;s&aacute;gok vezet\u0151i. Felvet\u0151d&ouml;tt, hogy indokolt &aacute;ttekinteni a szab&aacute;lyoz&aacute;st, s ha sz&uuml;ks&eacute;ges, akkor m&oacute;dos&iacute;t&aacute;sokat kell v&eacute;gezni.<\/div>\n<div align=\"justify\">&nbsp;<\/div>\n<div align=\"justify\">A fogyaszt&oacute;v&eacute;delem ter&uuml;let&eacute;n nagy el\u0151rel&eacute;p&eacute;st jelentett a k&eacute;t &eacute;vvel ezel\u0151tt megjelent t&ouml;rv&eacute;ny &ndash; emelte ki dr. F&uuml;l&ouml;p Zsuzsanna a Nemzeti Fogyaszt&oacute;v&eacute;delmi hat&oacute;s&aacute;g munkat&aacute;rsa. A hat&oacute;s&aacute;g ezzel megkapta a lehet\u0151s&eacute;get, hogy &eacute;rdemben, hat&eacute;konyan, k&ouml;zigazgat&aacute;si &uacute;ton is fell&eacute;phessen a megt&eacute;veszt\u0151, tisztess&eacute;gtelen magatart&aacute;sform&aacute;kkal szemben. Az eddigi eredm&eacute;nyek tekintet&eacute;ben elmondhat&oacute;, hogy 2009-ben k&ouml;zel 100, m&iacute;g 2010 els\u0151 f&eacute;l&eacute;v&eacute;ben k&ouml;zel 400 esetben ker&uuml;lt sor jogs&eacute;rt&eacute;s meg&aacute;llap&iacute;t&aacute;s&aacute;ra. A tapasztalatok szerint ebben &eacute;len j&aacute;rnak a nagy &uuml;zletl&aacute;ncok. A kis- &eacute;s k&ouml;z&eacute;pv&aacute;llalkoz&aacute;sokn&aacute;l a jogszab&aacute;lyok megismertet&eacute;s&eacute;re, a fogyaszt&oacute;kn&aacute;l pedig a v&aacute;s&aacute;rl&aacute;si &ouml;ntudatoss&aacute;gra sz&uuml;ks&eacute;ges hangs&uacute;lyt fektetni &ndash; tette hozz&aacute;.<\/div>\n<div align=\"justify\">&nbsp;<\/div>\n<div align=\"justify\">\n<h2 class=\"keretescim\"><span class=\"keptarolo kt_right keretes\">K&eacute;pz&eacute;sekkel a j&oacute;l m\u0171k&ouml;d\u0151 piacgazdas&aacute;g&eacute;rt<\/span><\/h2>\n<div align=\"\\&quot;justify\\&quot;\"><span class=\"keptarolo kt_right keretes\">Pint&eacute;r Istv&aacute;n a Nemzeti Fogyaszt&oacute;v&eacute;delmi Hat&oacute;s&aacute;g (NFH) &uacute;jonnan kinevezett f\u0151igazgat&oacute;j&aacute;nak meggy\u0151z\u0151d&eacute;se, hogy a fogyaszt&oacute;k el&eacute;gedetts&eacute;g&eacute;hez sz&uuml;ks&eacute;g van a v&aacute;llalkoz&oacute;k k&eacute;pz&eacute;s&eacute;re.<\/p>\n<p>\t\t&quot;Ha a v&aacute;llalkoz&oacute;k nem ismerik a jogszab&aacute;lyokat, akkor nincsen v&aacute;llalkoz&oacute;i jogk&ouml;vet\u0151 magatart&aacute;si forma, ez&aacute;ltal nincs fogyaszt&oacute;i megel&eacute;gedetts&eacute;g. Ha nincs fogyaszt&oacute;i megel&eacute;gedetts&eacute;g, akkor a fogyaszt&oacute;knak nincs piaci r&eacute;szv&eacute;teli aktivit&aacute;suk. Ennek hi&aacute;ny&aacute;ban sehol a vil&aacute;gon nincs j&oacute;l m\u0171k&ouml;d\u0151 piacgazdas&aacute;g.&quot;<\/span><\/div>\n<p>\tDr. Kiss Attila, az Egerfood Region&aacute;lis Tud&aacute;sk&ouml;zpont igazgat&oacute;ja besz&aacute;molt arr&oacute;l, hogy a k&eacute;pz&eacute;s &eacute;s a t&aacute;rsadalmi &uuml;gyek ir&aacute;nt legink&aacute;bb fog&eacute;kony f\u0151iskolai hallgat&oacute;k k&ouml;r&eacute;ben pr&oacute;b&aacute;lj&aacute;k els\u0151sorban a tudatos fogyaszt&oacute;v&aacute; v&aacute;l&aacute;s folyamat&aacute;t el\u0151seg&iacute;teni. Ebben a folyamatban j&aacute;tszik kulcsszerepet az orsz&aacute;gban els\u0151k&eacute;nt az EKF-en l&eacute;trehozott tan&aacute;csad&oacute;i iroda, amely a magyar fels\u0151oktat&aacute;s rendszer&eacute;ben &uacute;tt&ouml;r\u0151 jelleg\u0171 kezdem&eacute;nyez&eacute;s. A projektet az egri f\u0151iskola &eacute;s a Fogyaszt&oacute;v&eacute;delmi Egyes&uuml;letek Orsz&aacute;gos Sz&ouml;vets&eacute;ge ind&iacute;tja, melyet szeretn&eacute;nek kiterjeszteni az orsz&aacute;g t&ouml;bb fels\u0151fok&uacute; int&eacute;zm&eacute;ny&eacute;re is, annak &eacute;rdek&eacute;ben, hogy a fogyaszt&oacute;k helyben fordulhassanak seg&iacute;ts&eacute;g&eacute;rt a tan&aacute;csad&oacute;khoz.<\/p><\/div>\n<div align=\"justify\">&nbsp;<\/div>\n<div align=\"justify\">Az oktat&aacute;sr&oacute;l sz&oacute;lva elhangzott, hogy az EKF kor&aacute;bban m&aacute;r elind&iacute;tott egy fogyaszt&oacute;v&eacute;delmi m&aacute;soddiplom&aacute;s k&eacute;pz&eacute;st. A tov&aacute;bbi c&eacute;lok, hogy ne csak a diplom&aacute;sokat, hanem a t&aacute;rsadalom sz&eacute;lesebb r&eacute;teg&eacute;t bevonj&aacute;k ebbe a folyamatba. Ez&eacute;rt kezdem&eacute;nyezt&eacute;k &ndash; a most m&eacute;g akkredit&aacute;ci&oacute; alatt &aacute;ll&oacute; &ndash; val&oacute;sz&iacute;n\u0171leg febru&aacute;rban indul&oacute; &bdquo;&Eacute;lelmiszermin\u0151s&eacute;gi &eacute;s fogyaszt&oacute;v&eacute;delmi szakasszisztens&rdquo; nev\u0171 fels\u0151fok&uacute; szakk&eacute;pz&eacute;st, ahov&aacute; &eacute;retts&eacute;givel rendelkez\u0151k jelentkezhetnek.<\/div>\n<div align=\"justify\">&nbsp;<\/div>\n<div align=\"justify\">Pint&eacute;r Istv&aacute;n a Nemzeti Fogyaszt&oacute;v&eacute;delmi Hat&oacute;s&aacute;g f\u0151igazgat&oacute;ja az &uacute;j fogyaszt&oacute;v&eacute;delmi politika c&eacute;ljair&oacute;l sz&oacute;lt. A v&aacute;llalkoz&oacute;i oldal sz&aacute;m&aacute;ra is szeretn&eacute;nek kidolgozni egy 30-60-90 &oacute;r&aacute;s k&eacute;pz&eacute;st, amelyet minden v&aacute;llalkoz&aacute;s, tev&eacute;kenys&eacute;g&eacute;nek megfelel\u0151en v&eacute;gezhetne el. Itt megismerhetn&eacute;k p&eacute;ld&aacute;ul a jogszab&aacute;lyokat, ami alapj&aacute;n lehet\u0151v&eacute; v&aacute;lna a v&aacute;llalkoz&oacute;i jogk&ouml;vet\u0151 magatart&aacute;si forma. A k&eacute;pz&eacute;st legk&eacute;s\u0151bb j&ouml;v\u0151 tavaszra le kell tenni&uuml;k a korm&aacute;ny el&eacute; &ndash; sz&ouml;gezte le Pint&eacute;r Istv&aacute;n. Ha a v&aacute;llalkoz&oacute;k megismerik a jogszab&aacute;lyokat, akkor megval&oacute;sulhat a fogyaszt&oacute;v&eacute;delem legf\u0151bb c&eacute;lkit\u0171z&eacute;se, vagyis a piaci egyens&uacute;ly l&eacute;trehoz&aacute;sa a piac k&eacute;t szerepl\u0151je, v&aacute;llalkoz&oacute; &eacute;s fogyaszt&oacute; k&ouml;z&ouml;tt.<\/div>\n<p>Forr&aacute;s: Egrisz&iacute;n<\/p>\n","protected":false},"excerpt":{"rendered":"<p>&nbsp;<\/p>\n<p>Orsz&aacute;gos konferenci&aacute;t rendezett Egerben a Fogyaszt&oacute;v&eacute;delmi Egyes&uuml;letek Orsz&aacute;gos Sz&ouml;vets&eacute;ge &eacute;s a Gazdas&aacute;gi Versenyhivatal &bdquo;A fogyaszt&oacute;kkal szembeni tisztess&eacute;gtelen kereskedelmi gyakorlat tilalm&aacute;r&oacute;l sz&oacute;l&oacute; ir&aacute;nyelv hat&aacute;sa &eacute;s &aacute;t&uuml;ltet&eacute;s&eacute;nek tapasztalatai&rdquo; c&iacute;mmel. Az eszmecser&eacute;r\u0151l sajt&oacute;t&aacute;j&eacute;koztat&oacute; keret&eacute;ben sz&aacute;moltak be ma d&eacute;lben a Hotel Fl&oacute;r&aacute;ban.<br \/>\nDr. Baranovszky Gy&ouml;rgy a Fogyaszt&oacute;v&eacute;delmi Egyes&uuml;letek Orsz&aacute;gos Sz&ouml;vets&eacute;g&eacute;nek &uuml;gyvezet\u0151 eln&ouml;ke elmondta, hogy a k&eacute;tnapos konferenci&aacute;n a tisztess&eacute;gtelen kereskedelmi [&#8230;]<\/p>\n","protected":false},"author":4,"featured_media":0,"comment_status":"open","ping_status":"open","sticky":false,"template":"","format":"standard","meta":{"footnotes":""},"categories":[6],"tags":[],"class_list":["post-766","post","type-post","status-publish","format-standard","hentry","category-belfold"],"_links":{"self":[{"href":"https:\/\/www.agriatv.hu\/index.php?rest_route=\/wp\/v2\/posts\/766","targetHints":{"allow":["GET"]}}],"collection":[{"href":"https:\/\/www.agriatv.hu\/index.php?rest_route=\/wp\/v2\/posts"}],"about":[{"href":"https:\/\/www.agriatv.hu\/index.php?rest_route=\/wp\/v2\/types\/post"}],"author":[{"embeddable":true,"href":"https:\/\/www.agriatv.hu\/index.php?rest_route=\/wp\/v2\/users\/4"}],"replies":[{"embeddable":true,"href":"https:\/\/www.agriatv.hu\/index.php?rest_route=%2Fwp%2Fv2%2Fcomments&post=766"}],"version-history":[{"count":2,"href":"https:\/\/www.agriatv.hu\/index.php?rest_route=\/wp\/v2\/posts\/766\/revisions"}],"predecessor-version":[{"id":768,"href":"https:\/\/www.agriatv.hu\/index.php?rest_route=\/wp\/v2\/posts\/766\/revisions\/768"}],"wp:attachment":[{"href":"https:\/\/www.agriatv.hu\/index.php?rest_route=%2Fwp%2Fv2%2Fmedia&parent=766"}],"wp:term":[{"taxonomy":"category","embeddable":true,"href":"https:\/\/www.agriatv.hu\/index.php?rest_route=%2Fwp%2Fv2%2Fcategories&post=766"},{"taxonomy":"post_tag","embeddable":true,"href":"https:\/\/www.agriatv.hu\/index.php?rest_route=%2Fwp%2Fv2%2Ftags&post=766"}],"curies":[{"name":"wp","href":"https:\/\/api.w.org\/{rel}","templated":true}]}}