{"id":770,"date":"2010-07-30T19:15:16","date_gmt":"2010-07-30T19:15:16","guid":{"rendered":"http:\/\/www.agriatv.hu\/?p=770"},"modified":"2010-07-30T19:16:21","modified_gmt":"2010-07-30T19:16:21","slug":"gyalazatos-mediatorvenyrol-beszelt-meszaros-tamas","status":"publish","type":"post","link":"https:\/\/www.agriatv.hu\/?p=770","title":{"rendered":"Gyal\u00e1zatos m\u00e9diat\u00f6rv\u00e9nyr\u0151l besz\u00e9lt M\u00e9sz\u00e1ros Tam\u00e1s"},"content":{"rendered":"<p>&nbsp; <img loading=\"lazy\" decoding=\"async\" align=\"left\" alt=\"\" class=\"alignleft size-full wp-image-772\" height=\"102\" src=\"https:\/\/www.agriatv.hu\/wp-content\/uploads\/2010\/07\/Sequence-01.Still0013.bmp\" style=\"width: 176px; height: 102px;\" title=\"Sequence 01.Still001\" width=\"176\" \/> <strong>Gyal&aacute;zatos a korm&aacute;ny &aacute;ltal bevezetni k&iacute;v&aacute;nt m&eacute;diat&ouml;rv&eacute;ny, betarthatatlan, egy olyan bumer&aacute;ng, amely vissza fog &uuml;tni &ndash; v&eacute;li M&eacute;sz&aacute;ros Tam&aacute;s &uacute;js&aacute;g&iacute;r&oacute;, sz&iacute;nikritikus, telev&iacute;zi&oacute;s szem&eacute;lyis&eacute;g.<\/strong><\/p>\n<p><a href=\"https:\/\/www.agriatv.hu\/wp-content\/uploads\/2010\/07\/M\u00e9sz\u00e1ros_T.flv\">N&eacute;zze meg vide&oacute;nkat!<\/a><\/p>\n<p><strong>M&eacute;sz&aacute;ros Tam&aacute;s<\/strong>&nbsp;<strong>Nagy Istv&aacute;n<\/strong> &ouml;nkorm&aacute;nyzati k&eacute;pvisel\u0151, tan&aacute;csnok, az MSZP egri polg&aacute;rmesterjel&ouml;ltj&eacute;nek megh&iacute;v&aacute;s&aacute;ra &eacute;rkezett cs&uuml;t&ouml;rt&ouml;k&ouml;n a hevesi megyesz&eacute;khelyre. M&eacute;sz&aacute;ros szerint r&eacute;g bebizonyosodott, hogy az internetet nem lehet cenz&uacute;r&aacute;zni &ndash; eddig is hi&aacute;ba pr&oacute;b&aacute;lkoztak p&eacute;ld&aacute;nak ok&aacute;&eacute;rt a sz&eacute;ls\u0151s&eacute;ges port&aacute;lokkal &ndash;, a nyomtatott sajt&oacute; jelent\u0151s&eacute;g&eacute;t pedig t&uacute;l&eacute;rt&eacute;kelj&uuml;k. M&aacute;r egy hat esztend\u0151vel ezel\u0151tti felm&eacute;r&eacute;s szerint is csup&aacute;n az &ouml;sszn&eacute;pess&eacute;g 7 sz&aacute;zal&eacute;ka olvasott norm&aacute;lis, k&ouml;z&eacute;leti &ndash; azaz nem bulv&aacute;r &ndash; &uacute;js&aacute;got. Az internet &eacute;s a telev&iacute;zi&oacute; a meghat&aacute;roz&oacute;, ezek nem nyomhat&oacute;k el, a k&ouml;zszolg&aacute;lati m&eacute;diumok kiv&eacute;tel&eacute;vel, ahol viszont m&aacute;r meg is t&ouml;rt&eacute;ntek a &bdquo;fejcser&eacute;k&rdquo;.<\/p>\n<p>Ugyanakkor l&aacute;tni kell, hogy az el\u0151z\u0151, baloldali-liber&aacute;lis korm&aacute;nyzatok az elm&uacute;lt nyolc &eacute;v m&eacute;diapolitik&aacute;j&aacute;ban ami rosszat csak lehet, azt elk&ouml;vett&eacute;k.&nbsp; Dermedten n&eacute;zt&eacute;k a jobboldali sajt&oacute;birodalom ki&eacute;p&uuml;l&eacute;s&eacute;t, mik&ouml;zben a hozz&aacute;juk k&ouml;zelebb &aacute;ll&oacute; m&eacute;dia tisztess&eacute;ges, leg&aacute;lis anyagi csatorn&aacute;inak megteremt&eacute;s&eacute;t &ndash; a legjobb modell erre az alap&iacute;tv&aacute;nyi finansz&iacute;roz&aacute;s lett volna &ndash; elmulasztott&aacute;k.<\/p>\n<p>Forr&aacute;s: Heol<\/p>\n","protected":false},"excerpt":{"rendered":"<p>&nbsp;  Gyal&aacute;zatos a korm&aacute;ny &aacute;ltal bevezetni k&iacute;v&aacute;nt m&eacute;diat&ouml;rv&eacute;ny, betarthatatlan, egy olyan bumer&aacute;ng, amely vissza fog &uuml;tni &ndash; v&eacute;li M&eacute;sz&aacute;ros Tam&aacute;s &uacute;js&aacute;g&iacute;r&oacute;, sz&iacute;nikritikus, telev&iacute;zi&oacute;s szem&eacute;lyis&eacute;g.<br \/>\nN&eacute;zze meg vide&oacute;nkat!<br \/>\nM&eacute;sz&aacute;ros Tam&aacute;s&nbsp;Nagy Istv&aacute;n &ouml;nkorm&aacute;nyzati k&eacute;pvisel\u0151, tan&aacute;csnok, az MSZP egri polg&aacute;rmesterjel&ouml;ltj&eacute;nek megh&iacute;v&aacute;s&aacute;ra &eacute;rkezett cs&uuml;t&ouml;rt&ouml;k&ouml;n a hevesi megyesz&eacute;khelyre. M&eacute;sz&aacute;ros szerint r&eacute;g bebizonyosodott, hogy az internetet nem lehet cenz&uacute;r&aacute;zni &ndash; eddig is [&#8230;]<\/p>\n","protected":false},"author":4,"featured_media":0,"comment_status":"closed","ping_status":"closed","sticky":false,"template":"","format":"standard","meta":{"footnotes":""},"categories":[1],"tags":[],"class_list":["post-770","post","type-post","status-publish","format-standard","hentry","category-nincs-kategorizalva"],"_links":{"self":[{"href":"https:\/\/www.agriatv.hu\/index.php?rest_route=\/wp\/v2\/posts\/770","targetHints":{"allow":["GET"]}}],"collection":[{"href":"https:\/\/www.agriatv.hu\/index.php?rest_route=\/wp\/v2\/posts"}],"about":[{"href":"https:\/\/www.agriatv.hu\/index.php?rest_route=\/wp\/v2\/types\/post"}],"author":[{"embeddable":true,"href":"https:\/\/www.agriatv.hu\/index.php?rest_route=\/wp\/v2\/users\/4"}],"replies":[{"embeddable":true,"href":"https:\/\/www.agriatv.hu\/index.php?rest_route=%2Fwp%2Fv2%2Fcomments&post=770"}],"version-history":[{"count":2,"href":"https:\/\/www.agriatv.hu\/index.php?rest_route=\/wp\/v2\/posts\/770\/revisions"}],"predecessor-version":[{"id":774,"href":"https:\/\/www.agriatv.hu\/index.php?rest_route=\/wp\/v2\/posts\/770\/revisions\/774"}],"wp:attachment":[{"href":"https:\/\/www.agriatv.hu\/index.php?rest_route=%2Fwp%2Fv2%2Fmedia&parent=770"}],"wp:term":[{"taxonomy":"category","embeddable":true,"href":"https:\/\/www.agriatv.hu\/index.php?rest_route=%2Fwp%2Fv2%2Fcategories&post=770"},{"taxonomy":"post_tag","embeddable":true,"href":"https:\/\/www.agriatv.hu\/index.php?rest_route=%2Fwp%2Fv2%2Ftags&post=770"}],"curies":[{"name":"wp","href":"https:\/\/api.w.org\/{rel}","templated":true}]}}