{"id":7702,"date":"2012-05-26T21:45:00","date_gmt":"2012-05-26T21:45:00","guid":{"rendered":"http:\/\/www.agriatv.hu\/?p=7702"},"modified":"2012-05-28T21:52:59","modified_gmt":"2012-05-28T21:52:59","slug":"egyhazi-fenntartasba-kerul-az-andrassy","status":"publish","type":"post","link":"https:\/\/www.agriatv.hu\/?p=7702","title":{"rendered":"Egyh\u00e1zi fenntart\u00e1sba ker\u00fcl az Andr\u00e1ssy"},"content":{"rendered":"<p>&nbsp;<\/p>\n<p><img loading=\"lazy\" decoding=\"async\" class=\"alignleft\" src=\"http:\/\/www.egriszin.hu\/RenderedContents\/IndexImages\/9\/9543-20120526094322-kozge.jpg\" alt=\"\" width=\"150\" height=\"101\" \/><\/p>\n<p><strong>Eger Megyei Jog\u00fa V\u00e1ros \u00d6nkorm\u00e1nyzata \u00e1tadja az egri Andr\u00e1ssy Gy\u00f6rgy K\u00f6zgazdas\u00e1gi Szakk\u00f6z\u00e9piskola fenntart\u00f3i jog\u00e1t a Magyar Katolikus Egyh\u00e1z Egri F\u0151egyh\u00e1zmegy\u00e9j\u00e9nek &#8211; t\u00f6bbek k\u00f6zt err\u0151l is d\u00f6nt\u00f6ttek a m\u00e1jus 23-ai k\u00f6zgy\u0171l\u00e9sen.<\/strong><\/p>\n<p align=\"justify\"><em>Dr. Terny\u00e1k Csaba<\/em> \u00e9rsek 2012 \u00e1prilis\u00e1ban jelezte, hogy az egyh\u00e1z szeretn\u00e9 \u00e1tv\u00e1llalni az iskola fenntart\u00e1sai feladatait. Az \u00c9rseks\u00e9g v\u00e1llalta, hogy a tan\u00e1ri kart &#8211; v\u00e1ltozatlan l\u00e9tsz\u00e1mmal &#8211; a katolikus egyh\u00e1z foglalkoztatja tov\u00e1bb, s az eddigi juttat\u00e1sokat biztos\u00edtja a szakembereknek. A leend\u0151 egyh\u00e1zi fenntart\u00e1s\u00fa int\u00e9zm\u00e9nybe b\u00e1rmilyen felekezethez tartoz\u00f3 di\u00e1k jelentkezhet, aki az Andr\u00e1ssyban megismert magas sz\u00ednvonal\u00fa szakmai k\u00e9pz\u00e9s ir\u00e1nt \u00e9rdekl\u0151dik. A katolikus felekezethez val\u00f3 tartoz\u00e1s a F\u0151egyh\u00e1zmegye v\u00e1llal\u00e1sa szerint el\u0151nyt fog jelenteni a felv\u00e9teln\u00e9l, de nem lesz felt\u00e9tele az int\u00e9zm\u00e9nyben t\u00f6rt\u00e9n\u0151 tanul\u00e1snak, illetve munkav\u00e9gz\u00e9snek &#8211; olvashat\u00f3 a szerkeszt\u0151s\u00e9g\u00fcnkh\u00f6z eljuttatott k\u00f6zlem\u00e9nyben.<\/p>\n<p align=\"justify\">Az int\u00e9zm\u00e9nyt 90 \u00e9vvel ezel\u0151tt az \u00e9rseks\u00e9g alap\u00edtotta, \u00edgy j\u00f6tt l\u00e9tre az Egri \u00c9rseki Fels\u0151kereskedelmi Iskola, egy patin\u00e1s int\u00e9zm\u00e9ny, amely Egerben mindig is a k\u00f6z\u00e9pfok\u00fa gazdas\u00e1gi k\u00e9pz\u00e9st szolg\u00e1lta. Az \u00e9p\u00fclet a v\u00e1rhat\u00f3 t\u00f6rv\u00e9nyi rendelkez\u00e9sek nyom\u00e1n \u00f6nkorm\u00e1nyzati tulajdonban marad, \u00edgy hangs\u00falyozottan csak a fenntart\u00e1si feladatok \u00e1tad\u00e1s\u00e1r\u00f3l van sz\u00f3. A v\u00e1ros \u00e9s az egyh\u00e1z k\u00e9pvisel\u0151i meg\u00e1llapodtak abban, hogy f\u00e9l\u00e9vente \u00e1llapotfelm\u00e9r\u00e9st v\u00e9geznek az \u00e9p\u00fcletben.<\/p>\n","protected":false},"excerpt":{"rendered":"<p>&nbsp;<\/p>\n<p>Eger Megyei Jog\u00fa V\u00e1ros \u00d6nkorm\u00e1nyzata \u00e1tadja az egri Andr\u00e1ssy Gy\u00f6rgy K\u00f6zgazdas\u00e1gi Szakk\u00f6z\u00e9piskola fenntart\u00f3i jog\u00e1t a Magyar Katolikus Egyh\u00e1z Egri F\u0151egyh\u00e1zmegy\u00e9j\u00e9nek &#8211; t\u00f6bbek k\u00f6zt err\u0151l is d\u00f6nt\u00f6ttek a m\u00e1jus 23-ai k\u00f6zgy\u0171l\u00e9sen.<br \/>\nDr. Terny\u00e1k Csaba \u00e9rsek 2012 \u00e1prilis\u00e1ban jelezte, hogy az egyh\u00e1z szeretn\u00e9 \u00e1tv\u00e1llalni az iskola fenntart\u00e1sai feladatait. Az \u00c9rseks\u00e9g v\u00e1llalta, hogy a tan\u00e1ri kart &#8211; v\u00e1ltozatlan l\u00e9tsz\u00e1mmal [&#8230;]<\/p>\n","protected":false},"author":4,"featured_media":0,"comment_status":"open","ping_status":"open","sticky":false,"template":"","format":"standard","meta":{"footnotes":""},"categories":[9],"tags":[1232,521,1234,1233,119,1235],"class_list":["post-7702","post","type-post","status-publish","format-standard","hentry","category-oktatas","tag-andrassy","tag-egyhaz","tag-elony","tag-fenntartas","tag-kozgyules","tag-vallas"],"_links":{"self":[{"href":"https:\/\/www.agriatv.hu\/index.php?rest_route=\/wp\/v2\/posts\/7702","targetHints":{"allow":["GET"]}}],"collection":[{"href":"https:\/\/www.agriatv.hu\/index.php?rest_route=\/wp\/v2\/posts"}],"about":[{"href":"https:\/\/www.agriatv.hu\/index.php?rest_route=\/wp\/v2\/types\/post"}],"author":[{"embeddable":true,"href":"https:\/\/www.agriatv.hu\/index.php?rest_route=\/wp\/v2\/users\/4"}],"replies":[{"embeddable":true,"href":"https:\/\/www.agriatv.hu\/index.php?rest_route=%2Fwp%2Fv2%2Fcomments&post=7702"}],"version-history":[{"count":2,"href":"https:\/\/www.agriatv.hu\/index.php?rest_route=\/wp\/v2\/posts\/7702\/revisions"}],"predecessor-version":[{"id":7704,"href":"https:\/\/www.agriatv.hu\/index.php?rest_route=\/wp\/v2\/posts\/7702\/revisions\/7704"}],"wp:attachment":[{"href":"https:\/\/www.agriatv.hu\/index.php?rest_route=%2Fwp%2Fv2%2Fmedia&parent=7702"}],"wp:term":[{"taxonomy":"category","embeddable":true,"href":"https:\/\/www.agriatv.hu\/index.php?rest_route=%2Fwp%2Fv2%2Fcategories&post=7702"},{"taxonomy":"post_tag","embeddable":true,"href":"https:\/\/www.agriatv.hu\/index.php?rest_route=%2Fwp%2Fv2%2Ftags&post=7702"}],"curies":[{"name":"wp","href":"https:\/\/api.w.org\/{rel}","templated":true}]}}