{"id":7720,"date":"2012-05-31T11:24:51","date_gmt":"2012-05-31T11:24:51","guid":{"rendered":"http:\/\/www.agriatv.hu\/?p=7720"},"modified":"2012-05-31T11:24:51","modified_gmt":"2012-05-31T11:24:51","slug":"kerekparosok-versengenek-egerben","status":"publish","type":"post","link":"https:\/\/www.agriatv.hu\/?p=7720","title":{"rendered":"Ker\u00e9kp\u00e1rosok versengenek Egerben"},"content":{"rendered":"<p><a href=\"https:\/\/www.agriatv.hu\/wp-content\/uploads\/2012\/05\/0531police_verseny_V.jpg\"><img loading=\"lazy\" decoding=\"async\" class=\"alignleft  wp-image-7722\" title=\"0531police_verseny_V\" src=\"https:\/\/www.agriatv.hu\/wp-content\/uploads\/2012\/05\/0531police_verseny_V-300x240.jpg\" alt=\"\" width=\"122\" height=\"78\" \/><\/a>\u00c1ltal\u00e1nos iskolai tanul\u00f3k sz\u00e1m\u00e1ra szervezt\u00e9k meg a Ker\u00e9kp\u00e1ros Iskola Kupa elnevez\u00e9s\u0171 verseny orsz\u00e1gos d\u00f6nt\u0151j\u00e9t. A 10-14 \u00e9vesek sz\u00e1m\u00e1ra rendezett, felmen\u0151 rendszer\u0171 verseny legjobbjai &#8211; megy\u00e9j\u00fck k\u00e9pviselet\u00e9ben \u2013 a m\u00e1jus 30-a \u00e9s j\u00fanius 1-je k\u00f6z\u00f6tt Egerben megrendezett orsz\u00e1gos fin\u00e1l\u00e9ban m\u00e9rik \u00f6ssze elm\u00e9leti (KRESZ) \u00e9s gyakorlati (\u00fcgyess\u00e9gi \u00e9s szab\u00e1lyoss\u00e1gi) k\u00f6zleked\u00e9si tud\u00e1sukat.<\/p>\n<p>Az Orsz\u00e1gos Rend\u0151r-f\u0151kapit\u00e1nys\u00e1g Orsz\u00e1gos Baleset-megel\u0151z\u00e9si Bizotts\u00e1ga (ORFK-OBB) \u00e9vek \u00f3ta nagy gondot ford\u00edt az \u00e1ltal\u00e1nos iskol\u00e1s koroszt\u00e1ly baleseteinek megel\u0151z\u00e9s\u00e9re. Sajnos a statisztikai adatok azt bizony\u00edtj\u00e1k, hogy a 6-14 \u00e9v k\u00f6z\u00f6ttiekre a fokozott kock\u00e1zatv\u00e1llal\u00e1s a jellemz\u0151, habitusukn\u00e1l, gyakorlatlans\u00e1gukn\u00e1l fogva nagy vesz\u00e9lyt jelentenek a mindennapi k\u00f6zleked\u00e9sben. Az \u00e1ltal\u00e1nos iskol\u00e1s koroszt\u00e1ly \u00e1ltal okozott, illetve elszenvedett balesetek megel\u0151z\u00e9s\u00e9nek egyik hat\u00e9kony m\u00f3dja a k\u00f6zleked\u00e9sre nevel\u0151 tev\u00e9kenys\u00e9g, \u00e9s ilyen t\u00e1rgyk\u00f6r\u0171 orsz\u00e1gos versenyek megrendez\u00e9se.<div class=\"wordtube\">\n<div class=\"wordtube single599\" id=\"WT1_1\" style=\"width:320px; height:240px;\">\n<a href=\"http:\/\/www.macromedia.com\/go\/getflashplayer\">Get the Flash Player<\/a> to see the wordTube Media Player.\n<\/div><\/div>\n\t<script type=\"text\/javascript\" defer=\"defer\">\nvar WT1_1 = {\n\tparams : {\n\t\twmode : \"opaque\",\n\t\tallowscriptaccess : \"always\",\n\t\tallownetworking : \"all\",\n\t\tallowfullscreen : \"true\"},\n\tflashvars : {\n\t\tfile : \"http%3A%2F%2Fwww.agriatv.hu%2Fwp-content%2Fuploads%2F2012%2F05%2F0531police_verseny.flv\",\n\t\tvolume : \"80\",\n\t\tbufferlength : \"5\",\n\t\tquality : \"false\",\n\t\t'logo.hide' : \"false\",\n\t\timage : \"http%3A%2F%2Fwww.agriatv.hu%2Fwp-content%2Fuploads%2F2012%2F05%2F0531police_verseny.jpg\",\n\t\ttitle : \"0531police_verseny.flv\",\n\t\tlinktarget : \"_self\"},\n\tattr : {\n\t\tid : \"WT1\",\n\t\tname : \"WT1\"},\n\tstart : function() {\n\t\tswfobject.embedSWF(\"https:\/\/www.agriatv.hu\/\/player.swf\", \"WT1_1\", \"320\", \"240\", \"9.0.0\", false, this.flashvars, this.params , this.attr );\n\t}\n}\nWT1_1.start();\n\t<\/script>\n<\/p>\n","protected":false},"excerpt":{"rendered":"<p>\u00c1ltal\u00e1nos iskolai tanul\u00f3k sz\u00e1m\u00e1ra szervezt\u00e9k meg a Ker\u00e9kp\u00e1ros Iskola Kupa elnevez\u00e9s\u0171 verseny orsz\u00e1gos d\u00f6nt\u0151j\u00e9t. A 10-14 \u00e9vesek sz\u00e1m\u00e1ra rendezett, felmen\u0151 rendszer\u0171 verseny legjobbjai &#8211; megy\u00e9j\u00fck k\u00e9pviselet\u00e9ben \u2013 a m\u00e1jus 30-a \u00e9s j\u00fanius 1-je k\u00f6z\u00f6tt Egerben megrendezett orsz\u00e1gos fin\u00e1l\u00e9ban m\u00e9rik \u00f6ssze elm\u00e9leti (KRESZ) \u00e9s gyakorlati (\u00fcgyess\u00e9gi \u00e9s szab\u00e1lyoss\u00e1gi) k\u00f6zleked\u00e9si tud\u00e1sukat.<br \/>\nAz Orsz\u00e1gos Rend\u0151r-f\u0151kapit\u00e1nys\u00e1g Orsz\u00e1gos Baleset-megel\u0151z\u00e9si Bizotts\u00e1ga (ORFK-OBB) [&#8230;]<\/p>\n","protected":false},"author":4,"featured_media":0,"comment_status":"open","ping_status":"open","sticky":false,"template":"","format":"standard","meta":{"footnotes":""},"categories":[5,9],"tags":[],"class_list":["post-7720","post","type-post","status-publish","format-standard","hentry","category-kek-hirek","category-oktatas"],"_links":{"self":[{"href":"https:\/\/www.agriatv.hu\/index.php?rest_route=\/wp\/v2\/posts\/7720","targetHints":{"allow":["GET"]}}],"collection":[{"href":"https:\/\/www.agriatv.hu\/index.php?rest_route=\/wp\/v2\/posts"}],"about":[{"href":"https:\/\/www.agriatv.hu\/index.php?rest_route=\/wp\/v2\/types\/post"}],"author":[{"embeddable":true,"href":"https:\/\/www.agriatv.hu\/index.php?rest_route=\/wp\/v2\/users\/4"}],"replies":[{"embeddable":true,"href":"https:\/\/www.agriatv.hu\/index.php?rest_route=%2Fwp%2Fv2%2Fcomments&post=7720"}],"version-history":[{"count":3,"href":"https:\/\/www.agriatv.hu\/index.php?rest_route=\/wp\/v2\/posts\/7720\/revisions"}],"predecessor-version":[{"id":7724,"href":"https:\/\/www.agriatv.hu\/index.php?rest_route=\/wp\/v2\/posts\/7720\/revisions\/7724"}],"wp:attachment":[{"href":"https:\/\/www.agriatv.hu\/index.php?rest_route=%2Fwp%2Fv2%2Fmedia&parent=7720"}],"wp:term":[{"taxonomy":"category","embeddable":true,"href":"https:\/\/www.agriatv.hu\/index.php?rest_route=%2Fwp%2Fv2%2Fcategories&post=7720"},{"taxonomy":"post_tag","embeddable":true,"href":"https:\/\/www.agriatv.hu\/index.php?rest_route=%2Fwp%2Fv2%2Ftags&post=7720"}],"curies":[{"name":"wp","href":"https:\/\/api.w.org\/{rel}","templated":true}]}}