{"id":7737,"date":"2012-06-04T23:01:53","date_gmt":"2012-06-04T23:01:53","guid":{"rendered":"http:\/\/www.agriatv.hu\/?p=7737"},"modified":"2012-06-04T23:01:53","modified_gmt":"2012-06-04T23:01:53","slug":"varosi-koszoruzas-a-nemzeti-osszetartozas-napjan","status":"publish","type":"post","link":"https:\/\/www.agriatv.hu\/?p=7737","title":{"rendered":"V\u00e1rosi koszor\u00faz\u00e1s a Nemzeti \u00d6sszetartoz\u00e1s Napj\u00e1n"},"content":{"rendered":"<p><strong><a href=\"https:\/\/www.agriatv.hu\/wp-content\/uploads\/2012\/06\/0604fidesz_V.jpg\"><img loading=\"lazy\" decoding=\"async\" class=\"alignleft  wp-image-7738\" title=\"0604fidesz_V\" src=\"https:\/\/www.agriatv.hu\/wp-content\/uploads\/2012\/06\/0604fidesz_V-300x240.jpg\" alt=\"\" width=\"125\" height=\"78\" \/><\/a>\u00dcnnepi m\u0171sorral, koszor\u00faz\u00e1ssal eml\u00e9keztek a trianoni b\u00e9keszerz\u0151d\u00e9s al\u00e1\u00edr\u00e1s\u00e1ra Egerben a Liszt Ferenc t\u00e9ren fel\u00e1ll\u00edtott kopjaf\u00e1n\u00e1l.<\/strong><\/p>\n<p>Az 1920-as b\u00e9kedikt\u00e1tummal minden harmadik magyar anyanyelv\u0171 \u00e1llampolg\u00e1r a hat\u00e1ron t\u00falra ker\u00fclt, a magyar Kir\u00e1lys\u00e1g elvesz\u00edtette ter\u00fclet\u00e9nek t\u00f6bb mint k\u00e9tharmad\u00e1t, hangzott el politikusok, k\u00f6z\u00e9leti szem\u00e9lyek r\u00e9szv\u00e9tel\u00e9vel rendezett \u00fcnneps\u00e9gen. A megeml\u00e9kez\u00e9sen sz\u00f3 esett arr\u00f3l, hogy az els\u0151 vil\u00e1gh\u00e1bor\u00fat lez\u00e1r\u00f3 P\u00e1rizs k\u00f6rny\u00e9ki b\u00e9keszerz\u0151d\u00e9sek rendszer\u00e9nek r\u00e9szek\u00e9nt, a h\u00e1bor\u00faban vesztes Magyarorsz\u00e1g \u00e9s a gy\u0151ztes Antant sz\u00f6vets\u00e9g k\u00f6zti b\u00e9kedikt\u00e1tum, amit 1920 j\u00fanius 4-\u00e9n \u00edrt\u00e1k al\u00e1 a versailles-i Trianon palot\u00e1ban m\u00e1ig meghat\u00e1rozza az Osztr\u00e1k\u2013Magyar Monarchia felboml\u00e1s\u00e1t k\u00f6vet\u0151en Magyarorsz\u00e1g \u00e9s a k\u00f6rnyez\u0151 \u00e1llamok helyzet\u00e9t. Az \u00edgy sz\u00fcletett ut\u00f3d\u00e1llamok korm\u00e1nyai mindent elk\u00f6vettek, hogy Magyarorsz\u00e1got gazdas\u00e1gilag, katonailag t\u00f6nkretegy\u00e9k.<div class=\"wordtube\">\n<div class=\"wordtube single602\" id=\"WT1_1\" style=\"width:320px; height:240px;\">\n<a href=\"http:\/\/www.macromedia.com\/go\/getflashplayer\">Get the Flash Player<\/a> to see the wordTube Media Player.\n<\/div><\/div>\n\t<script type=\"text\/javascript\" defer=\"defer\">\nvar WT1_1 = {\n\tparams : {\n\t\twmode : \"opaque\",\n\t\tallowscriptaccess : \"always\",\n\t\tallownetworking : \"all\",\n\t\tallowfullscreen : \"true\"},\n\tflashvars : {\n\t\tfile : \"http%3A%2F%2Fwww.agriatv.hu%2Fwp-content%2Fuploads%2F2012%2F06%2F0604fidesz.flv\",\n\t\tvolume : \"80\",\n\t\tbufferlength : \"5\",\n\t\tquality : \"false\",\n\t\t'logo.hide' : \"false\",\n\t\timage : \"http%3A%2F%2Fwww.agriatv.hu%2Fwp-content%2Fuploads%2F2012%2F06%2F0604fidesz.jpg\",\n\t\ttitle : \"0604fidesz.flv\",\n\t\tlinktarget : \"_self\"},\n\tattr : {\n\t\tid : \"WT1\",\n\t\tname : \"WT1\"},\n\tstart : function() {\n\t\tswfobject.embedSWF(\"https:\/\/www.agriatv.hu\/\/player.swf\", \"WT1_1\", \"320\", \"240\", \"9.0.0\", false, this.flashvars, this.params , this.attr );\n\t}\n}\nWT1_1.start();\n\t<\/script>\n<\/p>\n<p>A Nemzeti \u00d6sszetartoz\u00e1s Napj\u00e1n a Szil\u00e1gyi Erzs\u00e9bet Gimn\u00e1zium tanul\u00f3i adtak zen\u00e9s irodalmi m\u0171sort a Liszt Ferenc t\u00e9ren fel\u00e1ll\u00edtott Kopjaf\u00e1n\u00e1l. M\u0171sorukban Wass Albert, Babits Mih\u00e1ly, V\u00f6r\u00f6smarty Mih\u00e1ly gondolatai mellett elhangzott a K\u0151m\u00edves Kelemen c\u00edm\u0171 sz\u00e9kely n\u00e9pballada.<br \/>\nA trianoni dikt\u00e1tum 92. \u00e9vfordul\u00f3ja alkalm\u00e1b\u00f3l tartott megeml\u00e9kez\u00e9sen Eger Megyei Jog\u00fa V\u00e1ros, a Fidesz, a Fidelitas, az Egri V\u00e9gv\u00e1r Polg\u00e1ri K\u00f6r\u00f6k Egyes\u00fclete, az Egri V\u00e1rossz\u00e9p\u00edt\u0151 Egyes\u00fclet \u00e9s a Szil\u00e1gyi Erzs\u00e9bet Gimn\u00e1zium k\u00e9pvisel\u0151i helyezt\u00e9k el az eml\u00e9kez\u00e9s vir\u00e1gait.<\/p>\n<p>A trianoni b\u00e9keszerz\u0151d\u00e9s al\u00e1\u00edr\u00e1s\u00e1nak kilencvenedik \u00e9vfordul\u00f3ja alkalm\u00e1b\u00f3l az Orsz\u00e1ggy\u0171l\u00e9s 2010. m\u00e1jus 31-\u00e9n t\u00f6rv\u00e9nybe iktatta a nemzeti \u00f6sszetartoz\u00e1s napj\u00e1t, azaz a j\u00fanius 4-\u00e9re es\u0151 nemzeti eml\u00e9knapot.<\/p>\n<p>Holl\u00f3 Mikl\u00f3s\/<a href=\"http:\/\/egriugyek.hu\">Egri\u00fcgyek<\/a><\/p>\n","protected":false},"excerpt":{"rendered":"<p>\u00dcnnepi m\u0171sorral, koszor\u00faz\u00e1ssal eml\u00e9keztek a trianoni b\u00e9keszerz\u0151d\u00e9s al\u00e1\u00edr\u00e1s\u00e1ra Egerben a Liszt Ferenc t\u00e9ren fel\u00e1ll\u00edtott kopjaf\u00e1n\u00e1l.<br \/>\nAz 1920-as b\u00e9kedikt\u00e1tummal minden harmadik magyar anyanyelv\u0171 \u00e1llampolg\u00e1r a hat\u00e1ron t\u00falra ker\u00fclt, a magyar Kir\u00e1lys\u00e1g elvesz\u00edtette ter\u00fclet\u00e9nek t\u00f6bb mint k\u00e9tharmad\u00e1t, hangzott el politikusok, k\u00f6z\u00e9leti szem\u00e9lyek r\u00e9szv\u00e9tel\u00e9vel rendezett \u00fcnneps\u00e9gen. A megeml\u00e9kez\u00e9sen sz\u00f3 esett arr\u00f3l, hogy az els\u0151 vil\u00e1gh\u00e1bor\u00fat lez\u00e1r\u00f3 P\u00e1rizs k\u00f6rny\u00e9ki b\u00e9keszerz\u0151d\u00e9sek [&#8230;]<\/p>\n","protected":false},"author":4,"featured_media":0,"comment_status":"open","ping_status":"open","sticky":false,"template":"","format":"standard","meta":{"footnotes":""},"categories":[6,7,3],"tags":[1251,1038,1250,1252],"class_list":["post-7737","post","type-post","status-publish","format-standard","hentry","category-belfold","category-kulfold","category-politika","tag-bekediktatum","tag-koszoruzas","tag-osszetartozas","tag-trianon"],"_links":{"self":[{"href":"https:\/\/www.agriatv.hu\/index.php?rest_route=\/wp\/v2\/posts\/7737","targetHints":{"allow":["GET"]}}],"collection":[{"href":"https:\/\/www.agriatv.hu\/index.php?rest_route=\/wp\/v2\/posts"}],"about":[{"href":"https:\/\/www.agriatv.hu\/index.php?rest_route=\/wp\/v2\/types\/post"}],"author":[{"embeddable":true,"href":"https:\/\/www.agriatv.hu\/index.php?rest_route=\/wp\/v2\/users\/4"}],"replies":[{"embeddable":true,"href":"https:\/\/www.agriatv.hu\/index.php?rest_route=%2Fwp%2Fv2%2Fcomments&post=7737"}],"version-history":[{"count":2,"href":"https:\/\/www.agriatv.hu\/index.php?rest_route=\/wp\/v2\/posts\/7737\/revisions"}],"predecessor-version":[{"id":7740,"href":"https:\/\/www.agriatv.hu\/index.php?rest_route=\/wp\/v2\/posts\/7737\/revisions\/7740"}],"wp:attachment":[{"href":"https:\/\/www.agriatv.hu\/index.php?rest_route=%2Fwp%2Fv2%2Fmedia&parent=7737"}],"wp:term":[{"taxonomy":"category","embeddable":true,"href":"https:\/\/www.agriatv.hu\/index.php?rest_route=%2Fwp%2Fv2%2Fcategories&post=7737"},{"taxonomy":"post_tag","embeddable":true,"href":"https:\/\/www.agriatv.hu\/index.php?rest_route=%2Fwp%2Fv2%2Ftags&post=7737"}],"curies":[{"name":"wp","href":"https:\/\/api.w.org\/{rel}","templated":true}]}}