{"id":7742,"date":"2012-06-05T20:57:49","date_gmt":"2012-06-05T20:57:49","guid":{"rendered":"http:\/\/www.agriatv.hu\/?p=7742"},"modified":"2012-06-05T20:58:39","modified_gmt":"2012-06-05T20:58:39","slug":"segitseg-fogyatekkal-eloknek","status":"publish","type":"post","link":"https:\/\/www.agriatv.hu\/?p=7742","title":{"rendered":"Seg\u00edts\u00e9g fogyat\u00e9kkal \u00e9l\u0151knek"},"content":{"rendered":"<p><a href=\"https:\/\/www.agriatv.hu\/wp-content\/uploads\/2012\/06\/0526borasz_v.jpg\"><img loading=\"lazy\" decoding=\"async\" class=\"alignleft  wp-image-7744\" title=\"0526borasz_v\" src=\"https:\/\/www.agriatv.hu\/wp-content\/uploads\/2012\/06\/0526borasz_v-300x240.jpg\" alt=\"\" width=\"108\" height=\"71\" \/><\/a>Bolyki-katlan, 2012 m\u00e1jus 26.<\/p>\n<p>Sok tanuls\u00e1ga van ennek a h\u00e9tv\u00e9gi fesztiv\u00e1lnak. Az egyik, \u00e9s tal\u00e1n a legfontosabb, hogy bemutatkozott Eger vil\u00e1gszenz\u00e1ci\u00f3s rendezv\u00e9nyhelysz\u00edne, a Bolyki-katlan. A r\u00e9gi k\u0151b\u00e1ny\u00e1t \u00edzl\u00e9sesen \u00e9s ig\u00e9nyesen felt\u00e1r\u00f3 munka eredm\u00e9nyek\u00e9ppen, egy legal\u00e1bb k\u00e9tezer f\u0151t biztons\u00e1gosan befogadni k\u00e9pes organikus t\u00e9r j\u00f6tt l\u00e9tre, amely megjelen\u00e9s\u00e9ben, akusztik\u00e1j\u00e1ban is egyed\u00fcl\u00e1ll\u00f3. Nem neh\u00e9z megj\u00f3solni, hogy koncertek, f\u00e9nym\u0171v\u00e9szeti install\u00e1ci\u00f3k, performanszok, Robot-krumli bulik, \u00e9s persze sok borissza \u00f6sszej\u00f6vetel otthona lesz m\u00e9g ez a helysz\u00edn. A kialak\u00edt\u00e1s teljes eg\u00e9sz\u00e9ben mag\u00e1ner\u0151b\u0151l val\u00f3sult meg, rengeteg munk\u00e1val.<div class=\"wordtube\">\n<div class=\"wordtube single603\" id=\"WT1_1\" style=\"width:320px; height:240px;\">\n<a href=\"http:\/\/www.macromedia.com\/go\/getflashplayer\">Get the Flash Player<\/a> to see the wordTube Media Player.\n<\/div><\/div>\n\t<script type=\"text\/javascript\" defer=\"defer\">\nvar WT1_1 = {\n\tparams : {\n\t\twmode : \"opaque\",\n\t\tallowscriptaccess : \"always\",\n\t\tallownetworking : \"all\",\n\t\tallowfullscreen : \"true\"},\n\tflashvars : {\n\t\tfile : \"http%3A%2F%2Fwww.agriatv.hu%2Fwp-content%2Fuploads%2F2012%2F06%2F0526borasz.flv\",\n\t\tvolume : \"80\",\n\t\tbufferlength : \"5\",\n\t\tquality : \"false\",\n\t\t'logo.hide' : \"false\",\n\t\timage : \"http%3A%2F%2Fwww.agriatv.hu%2Fwp-content%2Fuploads%2F2012%2F06%2F0526borasz.jpg\",\n\t\ttitle : \"0526borasz.flv\",\n\t\tlinktarget : \"_self\"},\n\tattr : {\n\t\tid : \"WT1\",\n\t\tname : \"WT1\"},\n\tstart : function() {\n\t\tswfobject.embedSWF(\"https:\/\/www.agriatv.hu\/\/player.swf\", \"WT1_1\", \"320\", \"240\", \"9.0.0\", false, this.flashvars, this.params , this.attr );\n\t}\n}\nWT1_1.start();\n\t<\/script>\n<\/p>\n<p>M\u00e1sik tanuls\u00e1g, hogy a negyven-hatvan \u00e9ves koroszt\u00e1ly is vev\u0151 az ereszd el a hajam fesztiv\u00e1lhangulatra, \u00e9s csak az\u00e9rt, mert valaki \u00f6tven \u00e9ves \u00e9s borospoh\u00e1r van a kez\u00e9ben, m\u00e9g nem felt\u00e9tlen\u00fcl gerjed az asszonyk\u00f3rusra, meg a citerazenekarra, de m\u00e9g a dzsessz egy\u00fcttesre sem. A k\u00fcl\u00f6n k\u00e9tezer forintos karszalaggal l\u00e1togathat\u00f3 katlan r\u00e9szen ugyan a n\u00e9pzen\u00e9\u00e9 volt a f\u0151szerep, de milyen felfog\u00e1sban! Lajk\u00f3 F\u00e9lix, Lajk\u00f3 F\u00e9lix m\u00f3don, a Kerekes etno-funkosan, az Ethnofil m\u0171faji szab\u00e1lyokat felr\u00fag\u00f3 szertelens\u00e9ggel, az itt deb\u00fct\u00e1l\u00f3 Herceg Fl\u00f3ra \u00e9s a G\u00f3b\u00e9 m\u0171fajteremt\u0151 etnokupl\u00e9 zuhannyal h\u00e1l\u00e1lta meg a j\u00f3t\u00e9konyc\u00e9l\u00fa jegyv\u00e1s\u00e1rl\u00e1st.<\/p>\n<p>A harmadik tanuls\u00e1g, hogy a j\u00f3 bor m\u00e1r nem vonzer\u0151, hanem egyszer\u0171en alapk\u00f6vetelm\u00e9nye egy boros rendezv\u00e9nynek. Az egri \u00e9s m\u00e1di bor\u00e1szok pedig nagyon j\u00f3 borokkal \u00e1lltak el\u0151 ezen az est\u00e9n. A fogy\u00e1s j\u00f3 volt, pedig nem volt ritka a 700 forintos decink\u00e9nti \u00e1r sem. Bolyki Jani, mint az \u00e9v <a href=\"http:\/\/www.bolykipinceszet.hu\/component\/content\/article\/36-a-janirol\/72-bolyki-janos-az-ev-gasztro-borasza.html\">gasztrobor\u00e1sza<\/a> persze nem lazs\u00e1lhatta le a kulin\u00e1ris sz\u00ednvonalat sem, b\u00e1r az encsi <a href=\"http:\/\/www.anyukammondta.hu\/index.php\">Anyuk\u00e1m mondta<\/a> \u00e9tterem kemenc\u00e9s, t\u00f6lt\u00f6tt piadin\u00e1ja est\u00e9re elfogyott, de kitett mag\u00e1\u00e9rt a Zs\u00e1lya bisztr\u00f3 \u00e9s az Imola Udvarh\u00e1z is.<\/p>\n<p>Forr\u00e1s: <a href=\"http:\/\/egriszin.hu\">Egriszin<\/a><\/p>\n<p>&nbsp;<\/p>\n","protected":false},"excerpt":{"rendered":"<p>Bolyki-katlan, 2012 m\u00e1jus 26.<br \/>\nSok tanuls\u00e1ga van ennek a h\u00e9tv\u00e9gi fesztiv\u00e1lnak. Az egyik, \u00e9s tal\u00e1n a legfontosabb, hogy bemutatkozott Eger vil\u00e1gszenz\u00e1ci\u00f3s rendezv\u00e9nyhelysz\u00edne, a Bolyki-katlan. A r\u00e9gi k\u0151b\u00e1ny\u00e1t \u00edzl\u00e9sesen \u00e9s ig\u00e9nyesen felt\u00e1r\u00f3 munka eredm\u00e9nyek\u00e9ppen, egy legal\u00e1bb k\u00e9tezer f\u0151t biztons\u00e1gosan befogadni k\u00e9pes organikus t\u00e9r j\u00f6tt l\u00e9tre, amely megjelen\u00e9s\u00e9ben, akusztik\u00e1j\u00e1ban is egyed\u00fcl\u00e1ll\u00f3. Nem neh\u00e9z megj\u00f3solni, hogy koncertek, f\u00e9nym\u0171v\u00e9szeti install\u00e1ci\u00f3k, [&#8230;]<\/p>\n","protected":false},"author":4,"featured_media":0,"comment_status":"open","ping_status":"open","sticky":false,"template":"","format":"standard","meta":{"footnotes":""},"categories":[450,8,4],"tags":[1253,348,93,705],"class_list":["post-7742","post","type-post","status-publish","format-standard","hentry","category-gazdasag-2","category-kultura","category-szabadido","tag-borasz","tag-koncert","tag-kultura-2","tag-segitseg"],"_links":{"self":[{"href":"https:\/\/www.agriatv.hu\/index.php?rest_route=\/wp\/v2\/posts\/7742","targetHints":{"allow":["GET"]}}],"collection":[{"href":"https:\/\/www.agriatv.hu\/index.php?rest_route=\/wp\/v2\/posts"}],"about":[{"href":"https:\/\/www.agriatv.hu\/index.php?rest_route=\/wp\/v2\/types\/post"}],"author":[{"embeddable":true,"href":"https:\/\/www.agriatv.hu\/index.php?rest_route=\/wp\/v2\/users\/4"}],"replies":[{"embeddable":true,"href":"https:\/\/www.agriatv.hu\/index.php?rest_route=%2Fwp%2Fv2%2Fcomments&post=7742"}],"version-history":[{"count":4,"href":"https:\/\/www.agriatv.hu\/index.php?rest_route=\/wp\/v2\/posts\/7742\/revisions"}],"predecessor-version":[{"id":7747,"href":"https:\/\/www.agriatv.hu\/index.php?rest_route=\/wp\/v2\/posts\/7742\/revisions\/7747"}],"wp:attachment":[{"href":"https:\/\/www.agriatv.hu\/index.php?rest_route=%2Fwp%2Fv2%2Fmedia&parent=7742"}],"wp:term":[{"taxonomy":"category","embeddable":true,"href":"https:\/\/www.agriatv.hu\/index.php?rest_route=%2Fwp%2Fv2%2Fcategories&post=7742"},{"taxonomy":"post_tag","embeddable":true,"href":"https:\/\/www.agriatv.hu\/index.php?rest_route=%2Fwp%2Fv2%2Ftags&post=7742"}],"curies":[{"name":"wp","href":"https:\/\/api.w.org\/{rel}","templated":true}]}}