{"id":7763,"date":"2012-06-08T15:26:17","date_gmt":"2012-06-08T15:26:17","guid":{"rendered":"http:\/\/www.agriatv.hu\/?p=7763"},"modified":"2012-06-08T15:26:49","modified_gmt":"2012-06-08T15:26:49","slug":"csaladi-haz-egett-hevesen","status":"publish","type":"post","link":"https:\/\/www.agriatv.hu\/?p=7763","title":{"rendered":"Csal\u00e1di h\u00e1z \u00e9gett Hevesen"},"content":{"rendered":"<p><strong><a href=\"https:\/\/www.agriatv.hu\/wp-content\/uploads\/2012\/06\/0608heves_tuz_V.jpg\"><img loading=\"lazy\" decoding=\"async\" class=\"alignleft  wp-image-7766\" title=\"0608heves_tuz_V\" src=\"https:\/\/www.agriatv.hu\/wp-content\/uploads\/2012\/06\/0608heves_tuz_V-300x240.jpg\" alt=\"\" width=\"115\" height=\"65\" \/><\/a>Cs\u00fct\u00f6rt\u00f6k hajnalban t\u0171zesetr\u0151l \u00e9rkezett bejelent\u00e9s a Hevesi Rend\u0151rkapit\u00e1nys\u00e1gra. Egy v\u00e9letlen folyt\u00e1n vett\u00e9k \u00e9szre a t\u00fczet a bentlak\u00f3 id\u0151s emberek. A rend\u0151rs\u00e9g illetve a t\u0171zolt\u00f3s\u00e1g azonnal a helysz\u00ednre sietett, szem\u00e9lyi s\u00e9r\u00fcl\u00e9s nem t\u00f6rt\u00e9nt. <\/strong><\/p>\n<p>Cs\u00fct\u00f6rt\u00f6k hajnalban \u00e9rkezett bejelent\u00e9s a Hevesi Rend\u0151rkapit\u00e1nys\u00e1gra, egy id\u0151s p\u00e1r csal\u00e1di h\u00e1z\u00e1nak a tet\u0151szerkezete kapott l\u00e1ngra. A h\u00e1zban lak\u00f3k a vil\u00e1goss\u00e1gra lettek figyelmesek, azt hitt\u00e9k, hogy a l\u00e1mpa maradt \u00e9gve. A t\u00fczet azonban a villany\u00f3ra okozta, ami hirtelen gyorsas\u00e1ggal terjedt a tet\u0151szerkezetre is. Egy oda\u00e9rkez\u0151 aut\u00f3s \u00e9rtes\u00edtette a rend\u0151rs\u00e9get illetve a t\u0171zolt\u00f3kat, a kisziv\u00e1rg\u00f3 f\u00fcstre lett figyelmes. A bejelent\u00e9st k\u00f6vet\u0151en azonnal a helysz\u00ednre \u00e9rkeztek a t\u0171zolt\u00f3k \u00e9s a rend\u0151r\u00f6k. A gyors beavatkoz\u00e1snak k\u00f6sz\u00f6nhet\u0151en nem t\u00f6rt\u00e9nt s\u00falyosabb szem\u00e9lyi s\u00e9r\u00fcl\u00e9s. A ki\u00e9rkez\u0151 rend\u0151r\u00f6knek h\u00e1rom szem\u00e9lyt kellett kimenek\u00edteni a h\u00e1zb\u00f3l, k\u00f6z\u00fcl\u00fck ketten id\u0151sebbek.<\/p>\n<p>Fics\u00f3r Csaba, a Hevesi Rend\u0151rkapit\u00e1nys\u00e1g rend\u0151r t\u00f6rzs\u0151rmestere elmondta: a t\u0171z nagyon gyorsan terjedt, a rend\u0151rs\u00e9g \u00e9s a t\u0171zolt\u00f3k azonban egym\u00e1s munk\u00e1j\u00e1t seg\u00edtve azonnal elh\u00e1r\u00edtott\u00e1k a vesz\u00e9lyt. Miut\u00e1n kihozt\u00e1k a szem\u00e9lyeket a h\u00e1zb\u00f3l, elz\u00e1rt\u00e1k a g\u00e1zcsapot, \u00edgy a t\u0171zolt\u00f3k zavartalanul folytathatt\u00e1k a t\u0171z olt\u00e1s\u00e1t.<div class=\"wordtube\">\n<div class=\"wordtube single606\" id=\"WT1_1\" style=\"width:320px; height:240px;\">\n<a href=\"http:\/\/www.macromedia.com\/go\/getflashplayer\">Get the Flash Player<\/a> to see the wordTube Media Player.\n<\/div><\/div>\n\t<script type=\"text\/javascript\" defer=\"defer\">\nvar WT1_1 = {\n\tparams : {\n\t\twmode : \"opaque\",\n\t\tallowscriptaccess : \"always\",\n\t\tallownetworking : \"all\",\n\t\tallowfullscreen : \"true\"},\n\tflashvars : {\n\t\tfile : \"http%3A%2F%2Fwww.agriatv.hu%2Fwp-content%2Fuploads%2F2012%2F06%2F0608heves_tuz.flv\",\n\t\tvolume : \"80\",\n\t\tbufferlength : \"5\",\n\t\tquality : \"false\",\n\t\t'logo.hide' : \"false\",\n\t\timage : \"http%3A%2F%2Fwww.agriatv.hu%2Fwp-content%2Fuploads%2F2012%2F06%2F0608heves_tuz.jpg\",\n\t\ttitle : \"0608heves_tuz.flv\",\n\t\tlinktarget : \"_self\"},\n\tattr : {\n\t\tid : \"WT1\",\n\t\tname : \"WT1\"},\n\tstart : function() {\n\t\tswfobject.embedSWF(\"https:\/\/www.agriatv.hu\/\/player.swf\", \"WT1_1\", \"320\", \"240\", \"9.0.0\", false, this.flashvars, this.params , this.attr );\n\t}\n}\nWT1_1.start();\n\t<\/script>\n<\/p>\n<p>A hevesi t\u0171zolt\u00f3 \u0151rs egys\u00e9gei egy fecskend\u0151vel \u00e9s egy v\u00edzsz\u00e1ll\u00edt\u00f3val \u00e9rkeztek a helysz\u00ednre. Azonnal \u00e1ramtalan\u00edtottak, majd megkezdt\u00e9k a t\u0171z olt\u00e1s\u00e1t. A gyors beavatkoz\u00e1snak k\u00f6sz\u00f6nhet\u0151n a h\u00e1z nem v\u00e1lt a t\u0171z martal\u00e9k\u00e1v\u00e1, a villany\u00f3ra feletti r\u00e9szt illetve az ajt\u00f3t \u00e9rinti a k\u00e1r. A t\u0171zesetben k\u00f6zel h\u00e1romsz\u00e1zezer forint anyagi vesztes\u00e9g keletkezett. A rend\u0151rs\u00e9g kiz\u00e1rta az idegenkez\u0171s\u00e9get.<\/p>\n","protected":false},"excerpt":{"rendered":"<p>Cs\u00fct\u00f6rt\u00f6k hajnalban t\u0171zesetr\u0151l \u00e9rkezett bejelent\u00e9s a Hevesi Rend\u0151rkapit\u00e1nys\u00e1gra. Egy v\u00e9letlen folyt\u00e1n vett\u00e9k \u00e9szre a t\u00fczet a bentlak\u00f3 id\u0151s emberek. A rend\u0151rs\u00e9g illetve a t\u0171zolt\u00f3s\u00e1g azonnal a helysz\u00ednre sietett, szem\u00e9lyi s\u00e9r\u00fcl\u00e9s nem t\u00f6rt\u00e9nt.<br \/>\nCs\u00fct\u00f6rt\u00f6k hajnalban \u00e9rkezett bejelent\u00e9s a Hevesi Rend\u0151rkapit\u00e1nys\u00e1gra, egy id\u0151s p\u00e1r csal\u00e1di h\u00e1z\u00e1nak a tet\u0151szerkezete kapott l\u00e1ngra. A h\u00e1zban lak\u00f3k a vil\u00e1goss\u00e1gra lettek figyelmesek, [&#8230;]<\/p>\n","protected":false},"author":4,"featured_media":0,"comment_status":"open","ping_status":"open","sticky":false,"template":"","format":"standard","meta":{"footnotes":""},"categories":[5],"tags":[237,484],"class_list":["post-7763","post","type-post","status-publish","format-standard","hentry","category-kek-hirek","tag-heves","tag-tuz"],"_links":{"self":[{"href":"https:\/\/www.agriatv.hu\/index.php?rest_route=\/wp\/v2\/posts\/7763","targetHints":{"allow":["GET"]}}],"collection":[{"href":"https:\/\/www.agriatv.hu\/index.php?rest_route=\/wp\/v2\/posts"}],"about":[{"href":"https:\/\/www.agriatv.hu\/index.php?rest_route=\/wp\/v2\/types\/post"}],"author":[{"embeddable":true,"href":"https:\/\/www.agriatv.hu\/index.php?rest_route=\/wp\/v2\/users\/4"}],"replies":[{"embeddable":true,"href":"https:\/\/www.agriatv.hu\/index.php?rest_route=%2Fwp%2Fv2%2Fcomments&post=7763"}],"version-history":[{"count":4,"href":"https:\/\/www.agriatv.hu\/index.php?rest_route=\/wp\/v2\/posts\/7763\/revisions"}],"predecessor-version":[{"id":7769,"href":"https:\/\/www.agriatv.hu\/index.php?rest_route=\/wp\/v2\/posts\/7763\/revisions\/7769"}],"wp:attachment":[{"href":"https:\/\/www.agriatv.hu\/index.php?rest_route=%2Fwp%2Fv2%2Fmedia&parent=7763"}],"wp:term":[{"taxonomy":"category","embeddable":true,"href":"https:\/\/www.agriatv.hu\/index.php?rest_route=%2Fwp%2Fv2%2Fcategories&post=7763"},{"taxonomy":"post_tag","embeddable":true,"href":"https:\/\/www.agriatv.hu\/index.php?rest_route=%2Fwp%2Fv2%2Ftags&post=7763"}],"curies":[{"name":"wp","href":"https:\/\/api.w.org\/{rel}","templated":true}]}}