{"id":7770,"date":"2012-06-08T23:13:04","date_gmt":"2012-06-08T23:13:04","guid":{"rendered":"http:\/\/www.agriatv.hu\/?p=7770"},"modified":"2012-06-08T23:13:04","modified_gmt":"2012-06-08T23:13:04","slug":"kisrendorok-versengese-szihalmon","status":"publish","type":"post","link":"https:\/\/www.agriatv.hu\/?p=7770","title":{"rendered":"Kisrend\u0151r\u00f6k verseng\u00e9se Szihalmon"},"content":{"rendered":"<p><a href=\"https:\/\/www.agriatv.hu\/wp-content\/uploads\/2012\/06\/0608kisrendor_v.jpg\"><img loading=\"lazy\" decoding=\"async\" class=\"alignleft  wp-image-7772\" title=\"0608kisrendor_v\" src=\"https:\/\/www.agriatv.hu\/wp-content\/uploads\/2012\/06\/0608kisrendor_v-300x240.jpg\" alt=\"\" width=\"135\" height=\"75\" \/><\/a>T\u00f6bb \u00e9ves hagyom\u00e1nya van a rendezv\u00e9nynek, amelyet minden \u00e9vben m\u00e1s telep\u00fcl\u00e9s \u00e1ltal\u00e1nos iskol\u00e1ja szervez meg. Az esem\u00e9ny egy j\u00e1t\u00e9kos sportvet\u00e9lked\u0151, amelyben az iskola di\u00e1kjaib\u00f3l \u00e9s a telep\u00fcl\u00e9s k\u00f6rzeti megb\u00edzottj\u00e1b\u00f3l \u00e1ll\u00f3 csapatok m\u00e9rik \u00f6ssze tud\u00e1sukat, er\u0151nl\u00e9t\u00fcket, \u00fcgyess\u00e9g\u00fcket, emellett a di\u00e1kok megismerkedhetnek a rend\u0151ri munk\u00e1val. A vid\u00e1m vet\u00e9lked\u00e9st megel\u0151z\u00e9si tan\u00e1csokkal \u00e9s bemutat\u00f3kkal teszik sz\u00edness\u00e9.<\/p>\n<p>Az \u00e9rt\u00e9kes d\u00edjakon k\u00edv\u00fcl a v\u00e1ndorserleget megnyer\u0151 iskola rendezheti a k\u00f6vetkez\u0151 \u00e9vi versenyt is.<div class=\"wordtube\">\n<div class=\"wordtube single607\" id=\"WT1_1\" style=\"width:320px; height:240px;\">\n<a href=\"http:\/\/www.macromedia.com\/go\/getflashplayer\">Get the Flash Player<\/a> to see the wordTube Media Player.\n<\/div><\/div>\n\t<script type=\"text\/javascript\" defer=\"defer\">\nvar WT1_1 = {\n\tparams : {\n\t\twmode : \"opaque\",\n\t\tallowscriptaccess : \"always\",\n\t\tallownetworking : \"all\",\n\t\tallowfullscreen : \"true\"},\n\tflashvars : {\n\t\tfile : \"http%3A%2F%2Fwww.agriatv.hu%2Fwp-content%2Fuploads%2F2012%2F06%2F0608kisrendor.flv\",\n\t\tvolume : \"80\",\n\t\tbufferlength : \"5\",\n\t\tquality : \"false\",\n\t\t'logo.hide' : \"false\",\n\t\timage : \"http%3A%2F%2Fwww.agriatv.hu%2Fwp-content%2Fuploads%2F2012%2F06%2F0608kisrendor.jpg\",\n\t\ttitle : \"0608kisrendor.flv\",\n\t\tlinktarget : \"_self\"},\n\tattr : {\n\t\tid : \"WT1\",\n\t\tname : \"WT1\"},\n\tstart : function() {\n\t\tswfobject.embedSWF(\"https:\/\/www.agriatv.hu\/\/player.swf\", \"WT1_1\", \"320\", \"240\", \"9.0.0\", false, this.flashvars, this.params , this.attr );\n\t}\n}\nWT1_1.start();\n\t<\/script>\n<\/p>\n","protected":false},"excerpt":{"rendered":"<p>T\u00f6bb \u00e9ves hagyom\u00e1nya van a rendezv\u00e9nynek, amelyet minden \u00e9vben m\u00e1s telep\u00fcl\u00e9s \u00e1ltal\u00e1nos iskol\u00e1ja szervez meg. Az esem\u00e9ny egy j\u00e1t\u00e9kos sportvet\u00e9lked\u0151, amelyben az iskola di\u00e1kjaib\u00f3l \u00e9s a telep\u00fcl\u00e9s k\u00f6rzeti megb\u00edzottj\u00e1b\u00f3l \u00e1ll\u00f3 csapatok m\u00e9rik \u00f6ssze tud\u00e1sukat, er\u0151nl\u00e9t\u00fcket, \u00fcgyess\u00e9g\u00fcket, emellett a di\u00e1kok megismerkedhetnek a rend\u0151ri munk\u00e1val. A vid\u00e1m vet\u00e9lked\u00e9st megel\u0151z\u00e9si tan\u00e1csokkal \u00e9s bemutat\u00f3kkal teszik sz\u00edness\u00e9.<br \/>\nAz \u00e9rt\u00e9kes d\u00edjakon k\u00edv\u00fcl [&#8230;]<\/p>\n","protected":false},"author":4,"featured_media":0,"comment_status":"open","ping_status":"open","sticky":false,"template":"","format":"standard","meta":{"footnotes":""},"categories":[5],"tags":[351,1259,252,422,314],"class_list":["post-7770","post","type-post","status-publish","format-standard","hentry","category-kek-hirek","tag-bemutato","tag-kisrendor","tag-munka","tag-oktatas-2","tag-verseny"],"_links":{"self":[{"href":"https:\/\/www.agriatv.hu\/index.php?rest_route=\/wp\/v2\/posts\/7770","targetHints":{"allow":["GET"]}}],"collection":[{"href":"https:\/\/www.agriatv.hu\/index.php?rest_route=\/wp\/v2\/posts"}],"about":[{"href":"https:\/\/www.agriatv.hu\/index.php?rest_route=\/wp\/v2\/types\/post"}],"author":[{"embeddable":true,"href":"https:\/\/www.agriatv.hu\/index.php?rest_route=\/wp\/v2\/users\/4"}],"replies":[{"embeddable":true,"href":"https:\/\/www.agriatv.hu\/index.php?rest_route=%2Fwp%2Fv2%2Fcomments&post=7770"}],"version-history":[{"count":3,"href":"https:\/\/www.agriatv.hu\/index.php?rest_route=\/wp\/v2\/posts\/7770\/revisions"}],"predecessor-version":[{"id":7774,"href":"https:\/\/www.agriatv.hu\/index.php?rest_route=\/wp\/v2\/posts\/7770\/revisions\/7774"}],"wp:attachment":[{"href":"https:\/\/www.agriatv.hu\/index.php?rest_route=%2Fwp%2Fv2%2Fmedia&parent=7770"}],"wp:term":[{"taxonomy":"category","embeddable":true,"href":"https:\/\/www.agriatv.hu\/index.php?rest_route=%2Fwp%2Fv2%2Fcategories&post=7770"},{"taxonomy":"post_tag","embeddable":true,"href":"https:\/\/www.agriatv.hu\/index.php?rest_route=%2Fwp%2Fv2%2Ftags&post=7770"}],"curies":[{"name":"wp","href":"https:\/\/api.w.org\/{rel}","templated":true}]}}