{"id":7775,"date":"2012-06-11T15:52:32","date_gmt":"2012-06-11T15:52:32","guid":{"rendered":"http:\/\/www.agriatv.hu\/?p=7775"},"modified":"2012-06-11T15:56:48","modified_gmt":"2012-06-11T15:56:48","slug":"kemenybe-csapott-a-villam","status":"publish","type":"post","link":"https:\/\/www.agriatv.hu\/?p=7775","title":{"rendered":"K\u00e9m\u00e9nybe csapott a vill\u00e1m"},"content":{"rendered":"<p><strong><a href=\"https:\/\/www.agriatv.hu\/wp-content\/uploads\/2012\/06\/0611tiszanana_villam_V.jpg\"><img loading=\"lazy\" decoding=\"async\" class=\"alignleft  wp-image-7777\" title=\"0611tiszanana_villam_V\" src=\"https:\/\/www.agriatv.hu\/wp-content\/uploads\/2012\/06\/0611tiszanana_villam_V-300x240.jpg\" alt=\"\" width=\"126\" height=\"83\" \/><\/a>A h\u00e9tv\u00e9gi viharok rengeteg k\u00e1rt okoztak orsz\u00e1gszerte. Tiszan\u00e1n\u00e1n egy k\u00e9m\u00e9nybe csapott bele a vill\u00e1m. A h\u00e1z tet\u0151szerkezete megs\u00e9r\u00fclt, k\u00f6zel f\u00e9l milli\u00f3s a k\u00e1r. Nem t\u00f6rt\u00e9nt szem\u00e9lyi s\u00e9r\u00fcl\u00e9s. <\/strong><\/p>\n<p>A h\u00e9tv\u00e9gi viharok sok munk\u00e1t adtak a t\u0171zolt\u00f3knak. Heves megy\u00e9ben sz\u00e1mos esetben h\u00edvt\u00e1k \u0151ket, legt\u00f6bbsz\u00f6r f\u00e1k d\u0151ltek az \u00fatra.<\/p>\n<p>Tiszan\u00e1n\u00e1n egy csal\u00e1di h\u00e1z k\u00e9m\u00e9ny\u00e9be csapott bele a vill\u00e1m, ami ennek k\u00f6vetkezt\u00e9ben sz\u00e9trobbant \u00e9s a szomsz\u00e9dos h\u00e1zak tetej\u00e9re, illetve az \u00fatra is ker\u00fclt a darabokb\u00f3l.<\/p>\n<p>A h\u00e1zban lak\u00f3 csal\u00e1d az erk\u00e9lyen volt, amikor belecsapott a h\u00e1ts\u00f3 kertn\u00e9l tal\u00e1lhat\u00f3 k\u00e9m\u00e9nybe a vill\u00e1m. Antal Erika, a Heves megyei katasztr\u00f3fav\u00e9delmi sz\u00f3viv\u0151 elmondta: a t\u0171zolt\u00f3kat a szomsz\u00e9dban lev\u0151 h\u00e1zb\u00f3l \u00e9rtes\u00edtett\u00e9k, szerencs\u00e9re nem t\u00f6rt\u00e9nt szem\u00e9lyi s\u00e9r\u00fcl\u00e9s.<div class=\"wordtube\">\n<div class=\"wordtube single608\" id=\"WT1_1\" style=\"width:320px; height:240px;\">\n<a href=\"http:\/\/www.macromedia.com\/go\/getflashplayer\">Get the Flash Player<\/a> to see the wordTube Media Player.\n<\/div><\/div>\n\t<script type=\"text\/javascript\" defer=\"defer\">\nvar WT1_1 = {\n\tparams : {\n\t\twmode : \"opaque\",\n\t\tallowscriptaccess : \"always\",\n\t\tallownetworking : \"all\",\n\t\tallowfullscreen : \"true\"},\n\tflashvars : {\n\t\tfile : \"http%3A%2F%2Fwww.agriatv.hu%2Fwp-content%2Fuploads%2F2012%2F06%2F0611tiszanana_villam.flv\",\n\t\tvolume : \"80\",\n\t\tbufferlength : \"5\",\n\t\tquality : \"false\",\n\t\t'logo.hide' : \"false\",\n\t\timage : \"http%3A%2F%2Fwww.agriatv.hu%2Fwp-content%2Fuploads%2F2012%2F06%2F0611tiszanana_villam.Still001.jpg\",\n\t\ttitle : \"0611tiszanana_villam.flv\",\n\t\tlinktarget : \"_self\"},\n\tattr : {\n\t\tid : \"WT1\",\n\t\tname : \"WT1\"},\n\tstart : function() {\n\t\tswfobject.embedSWF(\"https:\/\/www.agriatv.hu\/\/player.swf\", \"WT1_1\", \"320\", \"240\", \"9.0.0\", false, this.flashvars, this.params , this.attr );\n\t}\n}\nWT1_1.start();\n\t<\/script>\n<\/p>\n<p>A csal\u00e1d \u00f6sszes elektronikai k\u00e9sz\u00fcl\u00e9ke elromlott a vill\u00e1mcsap\u00e1s k\u00f6vetkezt\u00e9ben, a h\u00e9tv\u00e9g\u00e9re meleg v\u00edz n\u00e9lk\u00fcl maradtak. A tet\u0151re esett k\u00e9m\u00e9nydarabok s\u00falyosan megrong\u00e1lt\u00e1k azt, a h\u00e1ts\u00f3 szob\u00e1k be\u00e1ztak a heves es\u0151z\u00e9sek miatt. K\u00f6zel f\u00e9l milli\u00f3 forintos az anyagi k\u00e1r. T\u0171z nem keletkezett a vill\u00e1ml\u00e1skor.<\/p>\n","protected":false},"excerpt":{"rendered":"<p>A h\u00e9tv\u00e9gi viharok rengeteg k\u00e1rt okoztak orsz\u00e1gszerte. Tiszan\u00e1n\u00e1n egy k\u00e9m\u00e9nybe csapott bele a vill\u00e1m. A h\u00e1z tet\u0151szerkezete megs\u00e9r\u00fclt, k\u00f6zel f\u00e9l milli\u00f3s a k\u00e1r. Nem t\u00f6rt\u00e9nt szem\u00e9lyi s\u00e9r\u00fcl\u00e9s.<br \/>\nA h\u00e9tv\u00e9gi viharok sok munk\u00e1t adtak a t\u0171zolt\u00f3knak. Heves megy\u00e9ben sz\u00e1mos esetben h\u00edvt\u00e1k \u0151ket, legt\u00f6bbsz\u00f6r f\u00e1k d\u0151ltek az \u00fatra.<br \/>\nTiszan\u00e1n\u00e1n egy csal\u00e1di h\u00e1z k\u00e9m\u00e9ny\u00e9be csapott bele a vill\u00e1m, ami [&#8230;]<\/p>\n","protected":false},"author":4,"featured_media":0,"comment_status":"open","ping_status":"open","sticky":false,"template":"","format":"standard","meta":{"footnotes":""},"categories":[5],"tags":[196,313,1261,1260],"class_list":["post-7775","post","type-post","status-publish","format-standard","hentry","category-kek-hirek","tag-kar","tag-katasztrofavedelem","tag-teto","tag-villam"],"_links":{"self":[{"href":"https:\/\/www.agriatv.hu\/index.php?rest_route=\/wp\/v2\/posts\/7775","targetHints":{"allow":["GET"]}}],"collection":[{"href":"https:\/\/www.agriatv.hu\/index.php?rest_route=\/wp\/v2\/posts"}],"about":[{"href":"https:\/\/www.agriatv.hu\/index.php?rest_route=\/wp\/v2\/types\/post"}],"author":[{"embeddable":true,"href":"https:\/\/www.agriatv.hu\/index.php?rest_route=\/wp\/v2\/users\/4"}],"replies":[{"embeddable":true,"href":"https:\/\/www.agriatv.hu\/index.php?rest_route=%2Fwp%2Fv2%2Fcomments&post=7775"}],"version-history":[{"count":4,"href":"https:\/\/www.agriatv.hu\/index.php?rest_route=\/wp\/v2\/posts\/7775\/revisions"}],"predecessor-version":[{"id":7779,"href":"https:\/\/www.agriatv.hu\/index.php?rest_route=\/wp\/v2\/posts\/7775\/revisions\/7779"}],"wp:attachment":[{"href":"https:\/\/www.agriatv.hu\/index.php?rest_route=%2Fwp%2Fv2%2Fmedia&parent=7775"}],"wp:term":[{"taxonomy":"category","embeddable":true,"href":"https:\/\/www.agriatv.hu\/index.php?rest_route=%2Fwp%2Fv2%2Fcategories&post=7775"},{"taxonomy":"post_tag","embeddable":true,"href":"https:\/\/www.agriatv.hu\/index.php?rest_route=%2Fwp%2Fv2%2Ftags&post=7775"}],"curies":[{"name":"wp","href":"https:\/\/api.w.org\/{rel}","templated":true}]}}