{"id":7802,"date":"2012-06-12T21:02:44","date_gmt":"2012-06-12T21:02:44","guid":{"rendered":"http:\/\/www.agriatv.hu\/?p=7802"},"modified":"2012-06-14T21:04:12","modified_gmt":"2012-06-14T21:04:12","slug":"megkezdodhet-az-egri-var-turisztikai-attrakcioinak-fejlesztese","status":"publish","type":"post","link":"https:\/\/www.agriatv.hu\/?p=7802","title":{"rendered":"Megkezd\u0151dhet az egri v\u00e1r turisztikai attrakci\u00f3inak fejleszt\u00e9se"},"content":{"rendered":"<p>&nbsp;<\/p>\n<p><img loading=\"lazy\" decoding=\"async\" class=\"alignleft\" src=\"http:\/\/www.egriszin.hu\/RenderedContents\/IndexImages\/9\/9583-20120612192307-Benedek_Istvan.JPG\" alt=\"\" width=\"150\" height=\"100\" \/><\/p>\n<p><strong>Az \u00daj Sz\u00e9chenyi Terv keret\u00e9ben a korm\u00e1ny mintegy 1,5 milli\u00e1rd forint eur\u00f3pai uni\u00f3s t\u00e1mogat\u00e1st juttatott \u201eAz egri v\u00e1r \u00e9s er\u0151drendszer turisztikai attrakci\u00f3inak fejleszt\u00e9se\u201d elnevez\u00e9s\u0171 p\u00e1ly\u00e1zathoz. Az \u00f6ner\u0151t az \u00e1llam biztos\u00edtja a k\u00f6zponti k\u00f6lts\u00e9gvet\u00e9sb\u0151l. Az 1.746.402.035 Ft \u00f6sszk\u00f6lts\u00e9g\u0171 turisztikai projekt t\u00e1mogat\u00e1si szerz\u0151d\u00e9s\u00e9t a napokban \u00edrta al\u00e1 Benedek Istv\u00e1n, a Heves Megyei Int\u00e9zm\u00e9nyfenntart\u00f3 K\u00f6zpont vezet\u0151je, ezzel megkezd\u0151dhet a fejleszt\u00e9s.<\/strong><\/p>\n<p align=\"justify\">A sz\u00e1mos \u00faj attrakci\u00f3t tartalmaz\u00f3 fejleszt\u00e9s megv\u00e1ltoztatja, jav\u00edtja, er\u0151s\u00edti az egri v\u00e1r arculat\u00e1t, gazdag\u00edtja k\u00edn\u00e1lat\u00e1t. 2014-re egy interakt\u00edv, mozgalmas, soksz\u00edn\u0171 l\u00e1tv\u00e1nyoss\u00e1g j\u00f6n l\u00e9tre, melynek falai k\u00f6z\u00f6tt mindenki tal\u00e1lhat a maga ig\u00e9nyeinek megfelel\u0151 l\u00e1tnival\u00f3t, programot &#8211; olvashat\u00f3 a szerkeszt\u0151s\u00e9g\u00fcnkh\u00f6z eljuttatott k\u00f6zlem\u00e9nyben.<\/p>\n<p><em>Benedek Istv\u00e1n<\/em>, a Heves Megyei Int\u00e9zm\u00e9nyfenntart\u00f3 K\u00f6zpont vezet\u0151je hangs\u00falyozta: a t\u00e1mogat\u00f3i szerz\u0151d\u00e9s al\u00e1\u00edr\u00e1sa m\u00e9rf\u00f6ldk\u0151, amely most m\u00e1r bel\u00e1that\u00f3 k\u00f6zels\u00e9gbe hozta a projekt megval\u00f3sul\u00e1s\u00e1t. Az attrakci\u00f3s elemek soksz\u00edn\u0171v\u00e9, \u00e9lm\u00e9nyd\u00fass\u00e1 teszik majd az egri v\u00e1rat.<\/p>\n<p>Az al\u00e1\u00edr\u00e1s kapcs\u00e1n <em>Szab\u00f3 R\u00f3bert<\/em>, a Heves Megyei K\u00f6zgy\u0171l\u00e9s eln\u00f6ke elmondta: a most indul\u00f3 program kiemelked\u0151en fontos, mivel az egri v\u00e1r t\u00f6bb mint 340 ezer \u00e9vi l\u00e1togat\u00f3j\u00e1val vitathatatlanul Heves megye legfontosabb turisztikai l\u00e1tv\u00e1nyoss\u00e1ga.<\/p>\n<p><em>Dr. R\u00e9mi\u00e1s Tibor<\/em>, a Heves Megyei M\u00fazeumi Szervezet igazgat\u00f3ja szavai szerint a k\u00f6vetkez\u0151 k\u00e9t \u00e9v alatt a Dob\u00f3 Istv\u00e1n V\u00e1rm\u00fazeum szakemberei felk\u00e9sz\u00fclnek arra, hogy egyre t\u00f6bb vend\u00e9g \u00e9rkezik a v\u00e1rba \u00fajabb \u00e9s \u00fajabb ig\u00e9nyekkel.<\/p>\n<p align=\"justify\">(Fot\u00f3: Nemes R\u00f3bert)<\/p>\n","protected":false},"excerpt":{"rendered":"<p>&nbsp;<\/p>\n<p>Az \u00daj Sz\u00e9chenyi Terv keret\u00e9ben a korm\u00e1ny mintegy 1,5 milli\u00e1rd forint eur\u00f3pai uni\u00f3s t\u00e1mogat\u00e1st juttatott \u201eAz egri v\u00e1r \u00e9s er\u0151drendszer turisztikai attrakci\u00f3inak fejleszt\u00e9se\u201d elnevez\u00e9s\u0171 p\u00e1ly\u00e1zathoz. Az \u00f6ner\u0151t az \u00e1llam biztos\u00edtja a k\u00f6zponti k\u00f6lts\u00e9gvet\u00e9sb\u0151l. Az 1.746.402.035 Ft \u00f6sszk\u00f6lts\u00e9g\u0171 turisztikai projekt t\u00e1mogat\u00e1si szerz\u0151d\u00e9s\u00e9t a napokban \u00edrta al\u00e1 Benedek Istv\u00e1n, a Heves Megyei Int\u00e9zm\u00e9nyfenntart\u00f3 K\u00f6zpont vezet\u0151je, ezzel megkezd\u0151dhet [&#8230;]<\/p>\n","protected":false},"author":4,"featured_media":0,"comment_status":"open","ping_status":"open","sticky":false,"template":"","format":"standard","meta":{"footnotes":""},"categories":[8],"tags":[36,70,193],"class_list":["post-7802","post","type-post","status-publish","format-standard","hentry","category-kultura","tag-eger","tag-heves-megye","tag-var"],"_links":{"self":[{"href":"https:\/\/www.agriatv.hu\/index.php?rest_route=\/wp\/v2\/posts\/7802","targetHints":{"allow":["GET"]}}],"collection":[{"href":"https:\/\/www.agriatv.hu\/index.php?rest_route=\/wp\/v2\/posts"}],"about":[{"href":"https:\/\/www.agriatv.hu\/index.php?rest_route=\/wp\/v2\/types\/post"}],"author":[{"embeddable":true,"href":"https:\/\/www.agriatv.hu\/index.php?rest_route=\/wp\/v2\/users\/4"}],"replies":[{"embeddable":true,"href":"https:\/\/www.agriatv.hu\/index.php?rest_route=%2Fwp%2Fv2%2Fcomments&post=7802"}],"version-history":[{"count":1,"href":"https:\/\/www.agriatv.hu\/index.php?rest_route=\/wp\/v2\/posts\/7802\/revisions"}],"predecessor-version":[{"id":7803,"href":"https:\/\/www.agriatv.hu\/index.php?rest_route=\/wp\/v2\/posts\/7802\/revisions\/7803"}],"wp:attachment":[{"href":"https:\/\/www.agriatv.hu\/index.php?rest_route=%2Fwp%2Fv2%2Fmedia&parent=7802"}],"wp:term":[{"taxonomy":"category","embeddable":true,"href":"https:\/\/www.agriatv.hu\/index.php?rest_route=%2Fwp%2Fv2%2Fcategories&post=7802"},{"taxonomy":"post_tag","embeddable":true,"href":"https:\/\/www.agriatv.hu\/index.php?rest_route=%2Fwp%2Fv2%2Ftags&post=7802"}],"curies":[{"name":"wp","href":"https:\/\/api.w.org\/{rel}","templated":true}]}}