{"id":7805,"date":"2012-06-15T12:17:05","date_gmt":"2012-06-15T12:17:05","guid":{"rendered":"http:\/\/www.agriatv.hu\/?p=7805"},"modified":"2012-06-15T12:17:05","modified_gmt":"2012-06-15T12:17:05","slug":"korlatok-koze-szoritanak-a-foiskolai-kepzest","status":"publish","type":"post","link":"https:\/\/www.agriatv.hu\/?p=7805","title":{"rendered":"\u201eKorl\u00e1tok k\u00f6z\u00e9 szor\u00edtan\u00e1k a f\u0151iskolai k\u00e9pz\u00e9st\u201d"},"content":{"rendered":"<p><strong><a href=\"https:\/\/www.agriatv.hu\/wp-content\/uploads\/2012\/06\/0615ekf_V.jpg\"><img loading=\"lazy\" decoding=\"async\" class=\"alignleft  wp-image-7807\" title=\"0615ekf_V\" src=\"https:\/\/www.agriatv.hu\/wp-content\/uploads\/2012\/06\/0615ekf_V-300x240.jpg\" alt=\"\" width=\"130\" height=\"78\" \/><\/a>Tov\u00e1bb er\u0151s\u00f6d\u00f6tt az egy\u00fcttm\u0171k\u00f6d\u00e9s Eger v\u00e1ros \u00e9s az Eszterh\u00e1zy K\u00e1roly F\u0151iskola k\u00f6z\u00f6tt. T\u00f6bb k\u00e9pvisel\u0151 kezdem\u00e9nyezte m\u00e1r a nemzeti fels\u0151oktat\u00e1sr\u00f3l sz\u00f3l\u00f3 t\u00f6rv\u00e9ny m\u00f3dos\u00edt\u00e1s\u00e1t. A v\u00e1ros sietteti a f\u0151iskola egyetemm\u00e9 v\u00e1l\u00e1s\u00e1t, a hat\u00e1lyba l\u00e9p\u00e9s el\u0151tti m\u00f3dos\u00edt\u00e1st szeretn\u00e9k el\u00e9rni.<\/strong><\/p>\n<p>K\u00f6zel 250 \u00e9vvel ezel\u0151tt, gr\u00f3f Eszterh\u00e1zy K\u00e1roly egy egri sz\u00e9khely\u0171 egyetem megalap\u00edt\u00e1s\u00e1t \u00e1lmodta meg- mondta dr. Terny\u00e1k Csaba egri \u00e9rsek. &#8211; Ez a c\u00e9l azonban a mai napig is csak \u00e1lom, hiszen az EKF m\u00e9g mindig a f\u0151iskolai titulust viseli.<\/p>\n<p>Az egri f\u0151iskola k\u00e9pz\u00e9se azonban vesz\u00e9lybe ker\u00fclhet, ha nem fogadj\u00e1k el a nemzeti fels\u0151oktat\u00e1si t\u00f6rv\u00e9nyr\u0151l sz\u00f3l\u00f3 t\u00f6rv\u00e9nyjavaslatot.<\/p>\n<p>Habis L\u00e1szl\u00f3, polg\u00e1rmester \u00e9s dr. Luk\u00e1cs Tam\u00e1s, orsz\u00e1ggy\u0171l\u00e9si k\u00e9pvisel\u0151k m\u00f3dos\u00edt\u00f3 ind\u00edtv\u00e1nyt ny\u00fajtottak be, melyben kezdem\u00e9nyezt\u00e9k, hogy az Emberi Er\u0151forr\u00e1sok Miniszt\u00e9riuma vegye fel programj\u00e1ba m\u00f3dos\u00edt\u00f3 javaslatukat, mellyel a ter\u00fclet egyik legkiemelked\u0151bb fels\u0151oktat\u00e1si int\u00e9zm\u00e9ny\u00e9t v\u00e9dhetik meg.<div class=\"wordtube\">\n<div class=\"wordtube single614\" id=\"WT1_1\" style=\"width:320px; height:240px;\">\n<a href=\"http:\/\/www.macromedia.com\/go\/getflashplayer\">Get the Flash Player<\/a> to see the wordTube Media Player.\n<\/div><\/div>\n\t<script type=\"text\/javascript\" defer=\"defer\">\nvar WT1_1 = {\n\tparams : {\n\t\twmode : \"opaque\",\n\t\tallowscriptaccess : \"always\",\n\t\tallownetworking : \"all\",\n\t\tallowfullscreen : \"true\"},\n\tflashvars : {\n\t\tfile : \"http%3A%2F%2Fwww.agriatv.hu%2Fwp-content%2Fuploads%2F2012%2F06%2F0615ekf.flv\",\n\t\tvolume : \"80\",\n\t\tbufferlength : \"5\",\n\t\tquality : \"false\",\n\t\t'logo.hide' : \"false\",\n\t\timage : \"http%3A%2F%2Fwww.agriatv.hu%2Fwp-content%2Fuploads%2F2012%2F06%2F0615ekf.jpg\",\n\t\ttitle : \"0615ekf.flv\",\n\t\tlinktarget : \"_self\"},\n\tattr : {\n\t\tid : \"WT1\",\n\t\tname : \"WT1\"},\n\tstart : function() {\n\t\tswfobject.embedSWF(\"https:\/\/www.agriatv.hu\/\/player.swf\", \"WT1_1\", \"320\", \"240\", \"9.0.0\", false, this.flashvars, this.params , this.attr );\n\t}\n}\nWT1_1.start();\n\t<\/script>\n<\/p>\n<p>A 2012. szeptember 1-j\u00e9n hat\u00e1lyba l\u00e9p\u0151 t\u00f6rv\u00e9ny kimondja: <strong>a f\u0151iskolai int\u00e9zm\u00e9nyek nem folytathatnak doktori k\u00e9pz\u00e9seket, a mesterk\u00e9pz\u00e9st pedig korl\u00e1tok k\u00f6z\u00e9 szor\u00edtott\u00e1k. <\/strong><\/p>\n<p>Dr. Hauser Zolt\u00e1n, az Eszterh\u00e1zy K\u00e1roly F\u0151iskola rektora elmondta: megrend\u00fclt\u00fcnk a t\u00f6rv\u00e9nyen, hiszen korl\u00e1tozt\u00e1k a nem egyetemi ranggal m\u0171k\u00f6d\u0151 fels\u0151oktat\u00e1si int\u00e9zm\u00e9nyeket. A f\u0151iskola kiemelt strat\u00e9giai jelent\u0151s\u00e9ggel b\u00edr a ter\u00fcleten, \u00edgy nagyon fontos, hogy ne l\u00e9pjen hat\u00e1lyba ez a t\u00f6rv\u00e9ny.<\/p>\n<p>Habis L\u00e1szl\u00f3, Eger V\u00e1ros polg\u00e1rmestere a sajt\u00f3t\u00e1j\u00e9koztat\u00f3n elmondta: az EKF Eger legfontosabb oktat\u00e1si int\u00e9zm\u00e9nye, \u00edgy, ha a j\u00f6v\u0151be tekint\u00fcnk, fontos c\u00e9l, hogy a v\u00e1ros \u0151rizze meg iskolav\u00e1rosi szellem\u00e9t. Ehhez azonban a t\u00f6rv\u00e9ny azonnali m\u00f3dos\u00edt\u00e1s\u00e1ra van sz\u00fcks\u00e9g.<\/p>\n","protected":false},"excerpt":{"rendered":"<p>Tov\u00e1bb er\u0151s\u00f6d\u00f6tt az egy\u00fcttm\u0171k\u00f6d\u00e9s Eger v\u00e1ros \u00e9s az Eszterh\u00e1zy K\u00e1roly F\u0151iskola k\u00f6z\u00f6tt. T\u00f6bb k\u00e9pvisel\u0151 kezdem\u00e9nyezte m\u00e1r a nemzeti fels\u0151oktat\u00e1sr\u00f3l sz\u00f3l\u00f3 t\u00f6rv\u00e9ny m\u00f3dos\u00edt\u00e1s\u00e1t. A v\u00e1ros sietteti a f\u0151iskola egyetemm\u00e9 v\u00e1l\u00e1s\u00e1t, a hat\u00e1lyba l\u00e9p\u00e9s el\u0151tti m\u00f3dos\u00edt\u00e1st szeretn\u00e9k el\u00e9rni.<br \/>\nK\u00f6zel 250 \u00e9vvel ezel\u0151tt, gr\u00f3f Eszterh\u00e1zy K\u00e1roly egy egri sz\u00e9khely\u0171 egyetem megalap\u00edt\u00e1s\u00e1t \u00e1lmodta meg- mondta dr. Terny\u00e1k Csaba egri \u00e9rsek. [&#8230;]<\/p>\n","protected":false},"author":4,"featured_media":0,"comment_status":"open","ping_status":"open","sticky":false,"template":"","format":"standard","meta":{"footnotes":""},"categories":[9,3],"tags":[1266,34,35,422],"class_list":["post-7805","post","type-post","status-publish","format-standard","hentry","category-oktatas","category-politika","tag-egyetem","tag-ekf","tag-foiskola","tag-oktatas-2"],"_links":{"self":[{"href":"https:\/\/www.agriatv.hu\/index.php?rest_route=\/wp\/v2\/posts\/7805","targetHints":{"allow":["GET"]}}],"collection":[{"href":"https:\/\/www.agriatv.hu\/index.php?rest_route=\/wp\/v2\/posts"}],"about":[{"href":"https:\/\/www.agriatv.hu\/index.php?rest_route=\/wp\/v2\/types\/post"}],"author":[{"embeddable":true,"href":"https:\/\/www.agriatv.hu\/index.php?rest_route=\/wp\/v2\/users\/4"}],"replies":[{"embeddable":true,"href":"https:\/\/www.agriatv.hu\/index.php?rest_route=%2Fwp%2Fv2%2Fcomments&post=7805"}],"version-history":[{"count":3,"href":"https:\/\/www.agriatv.hu\/index.php?rest_route=\/wp\/v2\/posts\/7805\/revisions"}],"predecessor-version":[{"id":7809,"href":"https:\/\/www.agriatv.hu\/index.php?rest_route=\/wp\/v2\/posts\/7805\/revisions\/7809"}],"wp:attachment":[{"href":"https:\/\/www.agriatv.hu\/index.php?rest_route=%2Fwp%2Fv2%2Fmedia&parent=7805"}],"wp:term":[{"taxonomy":"category","embeddable":true,"href":"https:\/\/www.agriatv.hu\/index.php?rest_route=%2Fwp%2Fv2%2Fcategories&post=7805"},{"taxonomy":"post_tag","embeddable":true,"href":"https:\/\/www.agriatv.hu\/index.php?rest_route=%2Fwp%2Fv2%2Ftags&post=7805"}],"curies":[{"name":"wp","href":"https:\/\/api.w.org\/{rel}","templated":true}]}}