{"id":785,"date":"2010-07-31T09:52:30","date_gmt":"2010-07-31T09:52:30","guid":{"rendered":"http:\/\/www.agriatv.hu\/?p=785"},"modified":"2010-07-31T09:52:30","modified_gmt":"2010-07-31T09:52:30","slug":"veget-ert-a-slow-film-fesztival","status":"publish","type":"post","link":"https:\/\/www.agriatv.hu\/?p=785","title":{"rendered":"V\u00e9get \u00e9rt a Slow Film fesztiv\u00e1l"},"content":{"rendered":"<p class=\"cikkcikkei\">&nbsp;<\/p>\n<p><img decoding=\"async\" align=\"left\" class=\"kiskepcikkhez\" src=\"http:\/\/www.egriszin.hu\/RenderedContents\/IndexImages\/5\/5893-20100731004409-SANY0245.JPG\" title=\"\" \/><\/p>\n<p><b>A Connecting people &eacute;s a J&eacute;gszobr&aacute;sz c&iacute;m\u0171 filmeket &eacute;rt&eacute;kelte a zs\u0171ri a legjobbnak, a negyedik alkalommal, a kor&aacute;bbiakhoz k&eacute;pest szer&eacute;nyebb k&ouml;r&uuml;lm&eacute;nyek k&ouml;z&ouml;tt megrendezett Nemzetk&ouml;zi Slow Film Fesztiv&aacute;lon. A Filmm\u0171v&eacute;szeti Ny&aacute;ri Egyetem t&ouml;bb &eacute;vtizedes hagyom&aacute;ny&aacute;ra &eacute;p&iacute;t\u0151, tegnap este z&aacute;rult esem&eacute;nyen az Ill&eacute;s Gy&ouml;rgy eml&eacute;k&eacute;re meghirdetett Nemzetk&ouml;zi Filmk&eacute;sz&iacute;t\u0151 M\u0171hely munk&aacute;ival is tal&aacute;lkozhatott a k&ouml;z&ouml;ns&eacute;g.<\/b><\/p>\n<p align=\"justify\">A budapesti Filmszemle ut&aacute;n az egri Filmm\u0171v&eacute;szeti Ny&aacute;ri Egyetem a legr&eacute;gebbi filmes rendezv&eacute;ny Magyarorsz&aacute;gon, mely t&ouml;bb &eacute;vtizedes hagyom&aacute;ny&aacute;t folytatja a 2007 &oacute;ta megrendezett Slow Film Fesztiv&aacute;l, amely nemzetk&ouml;zi filmbemutatkoz&aacute;st biztos&iacute;t az alkot&oacute;knak. <br \/>\n\tA fesztiv&aacute;l tegnap esti z&aacute;r&oacute;programj&aacute;t az Egri Csillagok N&eacute;pdalk&ouml;r &eacute;s az Agria Cig&aacute;nyzenekar m\u0171sora nyitotta.<br \/>\n\tAz Egerre jellemz\u0151 szellemi gazdags&aacute;g &eacute;s a kultur&aacute;lis soksz&iacute;n\u0171s&eacute;g sok tekintetben m&aacute;s n&eacute;peknek is k&ouml;sz&ouml;nhet\u0151, hangs&uacute;lyozta k&ouml;sz&ouml;nt\u0151j&eacute;ben Habis L&aacute;szl&oacute; polg&aacute;rmester hozz&aacute;t&eacute;ve, hogy fontosnak tartja azt is, hogy Eur&oacute;p&aacute;ban minden nemzetnek legyen joga &eacute;s lehet\u0151s&eacute;ge meg\u0151riznie saj&aacute;t kult&uacute;r&aacute;j&aacute;t, nyelv&eacute;t. A v&aacute;ros k&uuml;l&ouml;nd&iacute;j&aacute;t a Cs&aacute;ng&oacute; zsolt&aacute;r c&iacute;m\u0171 film nyerte el, melynek alkot&oacute;i p&eacute;lda&eacute;rt&eacute;k\u0171 m&oacute;don tesznek a cs&aacute;ng&oacute;k megtart&aacute;s&aacute;&eacute;rt. A v&aacute;ros &eacute;s az Agria Film Kft. 100 ezer-100 ezer forintos d&iacute;jjal jutalmazta Farag&oacute; Annam&aacute;ria alkot&aacute;s&aacute;t.<\/p>\n<p align=\"justify\">D&uacute;l&oacute; K&aacute;roly filmrendez\u0151 az anyagi neh&eacute;zs&eacute;gek ellen&eacute;re id&eacute;n is megrendezett egri filmfesztiv&aacute;l jelent\u0151s&eacute;g&eacute;t hangs&uacute;lyozta, amire reag&aacute;lva Habis L&aacute;szl&oacute; kijelentette, hogy rem&eacute;nyei szerint a m&aacute;sodik ciklusban is polg&aacute;rmesterk&eacute;nt megtesz mindent Ill&eacute;s Gy&ouml;rgy sz&uuml;l\u0151v&aacute;ros&aacute;ban, hogy a hagyom&aacute;ny folytat&oacute;djon, hiszen &bdquo;egy pezsg\u0151 &eacute;s izgalmas v&aacute;rosnak a j&ouml;v\u0151ben is sz&uuml;ks&eacute;ge van ilyen rendezv&eacute;nyekre&rdquo;.<\/p>\n<p align=\"justify\">Mindennek megvan a maga ideje, m&eacute;g a filmnek is, hangs&uacute;lyozta B&aacute;ron Gy&ouml;rgy filmeszt&eacute;ta, a zs\u0171ri eln&ouml;ke Eger &eacute;s a film t&ouml;bb &eacute;vtizedes kapcsolat&aacute;r&oacute;l sz&oacute;lva &eacute;s &eacute;rt&eacute;kelve az idei, a kor&aacute;bbin&aacute;l szer&eacute;nyebb &eacute;s r&ouml;videbb fesztiv&aacute;lt. Az idei k&iacute;n&aacute;lat nem volt olyan gazdag, mint a kor&aacute;bbiak, ennek sajn&aacute;latosan az egyetlen magyar produkci&oacute; a j&oacute; p&eacute;ld&aacute;ja. A hi&aacute;nyoss&aacute;gok mellett ki kell emelni a spanyol, orosz, kanadai &eacute;s francia alkot&aacute;sok sz&eacute;les spektrum&aacute;t, amiben nagyon &eacute;rdekes &eacute;s &eacute;rt&eacute;kes alkot&aacute;sokat l&aacute;thatott a k&ouml;z&ouml;ns&eacute;g.<br \/>\n\tA program els\u0151 fel&eacute;ben az Eszterh&aacute;zy K&aacute;roly F\u0151iskol&aacute;n Ill&eacute;s Gy&ouml;rgy eml&eacute;k&eacute;re meghirdetett Nemzetk&ouml;zi Filmk&eacute;sz&iacute;t\u0151 M\u0171hely munk&aacute;it mutatt&aacute;k be, melynek vezet\u0151je Boll&oacute;k Csaba filmrendez\u0151 megjegyz&eacute;s&eacute;ben k&ouml;sz&ouml;netet mondott a k&ouml;zgy\u0171l&eacute;sen a Kepes projektre nemmel szavaz&oacute; k&eacute;pvisel\u0151knek. A filmrendez\u0151 rem&eacute;li, hogy a v&aacute;ros tal&aacute;l megold&aacute;st a helyzetre &eacute;s a fiatalok sz&aacute;m&aacute;ra &bdquo;az Ifj&uacute;s&aacute;gi H&aacute;z ki&aacute;rus&iacute;t&aacute;sa&rdquo; ut&aacute;n is lesz hely a v&aacute;rosban.<\/p>\n<p align=\"justify\">A fikci&oacute;s film kateg&oacute;ri&aacute;ban k&eacute;t d&iacute;jat &iacute;t&eacute;lt oda a zs\u0171ri. Elismer\u0151 oklevelet Marina Seresesky spanyol rendez\u0151, &bdquo;El cort&eacute;ge&rdquo; (A d&iacute;szkis&eacute;ret) c&iacute;m\u0171 filmj&eacute;&eacute;rt kapott, a f\u0151d&iacute;jat pedig &Aacute;lvaro De La Hoz, a &bdquo;Connecting people&rdquo; c&iacute;m\u0171, a telefon &eacute;s az ember szerep&eacute;t kutat&oacute; h&eacute;t perces alkot&aacute;s&aacute;&eacute;rt vehette &aacute;t.<br \/>\n\tA legjobb dokumentumfilmnek j&aacute;r&oacute; d&iacute;jat Alberto Meroni olasz rendez\u0151 kapta, a &bdquo;The Ice Sculptor&rdquo; (A j&eacute;gszobr&aacute;sz) c&iacute;m\u0171 40 perces alkot&aacute;s&aacute;&eacute;rt. A film a term&eacute;szet kisz&aacute;m&iacute;thatatlan sz&eacute;ps&eacute;geivel teli gleccserek vil&aacute;g&aacute;t az Alpokban kutat&oacute; fot&oacute;s bels\u0151 szellemi utaz&aacute;s&aacute;nak kr&oacute;nik&aacute;ja, fantasztikus k&eacute;pekkel.<\/p>\n<p align=\"justify\">Forr&aacute;s: Egrisz&iacute;n<\/p>\n","protected":false},"excerpt":{"rendered":"<p>&nbsp;<\/p>\n<p>A Connecting people &eacute;s a J&eacute;gszobr&aacute;sz c&iacute;m\u0171 filmeket &eacute;rt&eacute;kelte a zs\u0171ri a legjobbnak, a negyedik alkalommal, a kor&aacute;bbiakhoz k&eacute;pest szer&eacute;nyebb k&ouml;r&uuml;lm&eacute;nyek k&ouml;z&ouml;tt megrendezett Nemzetk&ouml;zi Slow Film Fesztiv&aacute;lon. A Filmm\u0171v&eacute;szeti Ny&aacute;ri Egyetem t&ouml;bb &eacute;vtizedes hagyom&aacute;ny&aacute;ra &eacute;p&iacute;t\u0151, tegnap este z&aacute;rult esem&eacute;nyen az Ill&eacute;s Gy&ouml;rgy eml&eacute;k&eacute;re meghirdetett Nemzetk&ouml;zi Filmk&eacute;sz&iacute;t\u0151 M\u0171hely munk&aacute;ival is tal&aacute;lkozhatott a k&ouml;z&ouml;ns&eacute;g.<br \/>\nA budapesti Filmszemle ut&aacute;n [&#8230;]<\/p>\n","protected":false},"author":4,"featured_media":0,"comment_status":"closed","ping_status":"closed","sticky":false,"template":"","format":"standard","meta":{"footnotes":""},"categories":[8],"tags":[],"class_list":["post-785","post","type-post","status-publish","format-standard","hentry","category-kultura"],"_links":{"self":[{"href":"https:\/\/www.agriatv.hu\/index.php?rest_route=\/wp\/v2\/posts\/785","targetHints":{"allow":["GET"]}}],"collection":[{"href":"https:\/\/www.agriatv.hu\/index.php?rest_route=\/wp\/v2\/posts"}],"about":[{"href":"https:\/\/www.agriatv.hu\/index.php?rest_route=\/wp\/v2\/types\/post"}],"author":[{"embeddable":true,"href":"https:\/\/www.agriatv.hu\/index.php?rest_route=\/wp\/v2\/users\/4"}],"replies":[{"embeddable":true,"href":"https:\/\/www.agriatv.hu\/index.php?rest_route=%2Fwp%2Fv2%2Fcomments&post=785"}],"version-history":[{"count":1,"href":"https:\/\/www.agriatv.hu\/index.php?rest_route=\/wp\/v2\/posts\/785\/revisions"}],"predecessor-version":[{"id":786,"href":"https:\/\/www.agriatv.hu\/index.php?rest_route=\/wp\/v2\/posts\/785\/revisions\/786"}],"wp:attachment":[{"href":"https:\/\/www.agriatv.hu\/index.php?rest_route=%2Fwp%2Fv2%2Fmedia&parent=785"}],"wp:term":[{"taxonomy":"category","embeddable":true,"href":"https:\/\/www.agriatv.hu\/index.php?rest_route=%2Fwp%2Fv2%2Fcategories&post=785"},{"taxonomy":"post_tag","embeddable":true,"href":"https:\/\/www.agriatv.hu\/index.php?rest_route=%2Fwp%2Fv2%2Ftags&post=785"}],"curies":[{"name":"wp","href":"https:\/\/api.w.org\/{rel}","templated":true}]}}