{"id":787,"date":"2010-07-31T09:55:02","date_gmt":"2010-07-31T09:55:02","guid":{"rendered":"http:\/\/www.agriatv.hu\/?p=787"},"modified":"2010-07-31T09:55:28","modified_gmt":"2010-07-31T09:55:28","slug":"a-rendorsegen-ejszakazott-az-ifju-rablo","status":"publish","type":"post","link":"https:\/\/www.agriatv.hu\/?p=787","title":{"rendered":"A rend\u0151rs\u00e9gen \u00e9jszak\u00e1zott az ifj\u00fa rabl\u00f3"},"content":{"rendered":"<p><a href=\"https:\/\/www.agriatv.hu\/wp-content\/uploads\/2010\/07\/himzettgolya2.jpg\"><img loading=\"lazy\" decoding=\"async\" align=\"left\" alt=\"\" class=\"alignleft size-medium wp-image-308\" height=\"123\" src=\"https:\/\/www.agriatv.hu\/wp-content\/uploads\/2010\/07\/himzettgolya2-217x300.jpg\" style=\"width: 89px; height: 123px;\" title=\"himzettgolya2\" width=\"89\" srcset=\"https:\/\/www.agriatv.hu\/wp-content\/uploads\/2010\/07\/himzettgolya2-217x300.jpg 217w, https:\/\/www.agriatv.hu\/wp-content\/uploads\/2010\/07\/himzettgolya2.jpg 640w\" sizes=\"auto, (max-width: 89px) 100vw, 89px\" \/><\/a><strong>Szombaton hajnalban rabolt ki k&eacute;t f&eacute;rfi &#8211; egyik&uuml;k fiatalkor&uacute; &#8211; egy tizen&eacute;vest Egerben.<\/strong><\/p>\n<p>Nem sokkal p&eacute;ntek &eacute;jf&eacute;l ut&aacute;n k&eacute;t f&eacute;rfi t&aacute;madott meg Egerben a G&ouml;r&ouml;g utc&aacute;ban egy tizen&eacute;vest. Elvett&eacute;k t\u0151le a mobiltelefonj&aacute;t &eacute;s n&eacute;mi apr&oacute;p&eacute;nzt.<\/p>\n<p>A t&aacute;mad&aacute;s bejelent&eacute;se ut&aacute;n nem sokkal, alig h&aacute;romnegyed &oacute;r&aacute;val a rend\u0151r&ouml;k elfogt&aacute;k az elk&ouml;vet\u0151ket, akik egyike ugyancsak fiatalkor&uacute;. A k&eacute;t t&aacute;mad&oacute; most \u0151rizetben v&aacute;rja, hogy a b&iacute;r&oacute;s&aacute;g d&ouml;nts&ouml;n el\u0151zetes letart&oacute;ztat&aacute;suk elrendel&eacute;s&eacute;r\u0151l.<\/p>\n<p>Forr&aacute;s: Heol<\/p>\n","protected":false},"excerpt":{"rendered":"<p>Szombaton hajnalban rabolt ki k&eacute;t f&eacute;rfi &#8211; egyik&uuml;k fiatalkor&uacute; &#8211; egy tizen&eacute;vest Egerben.<br \/>\nNem sokkal p&eacute;ntek &eacute;jf&eacute;l ut&aacute;n k&eacute;t f&eacute;rfi t&aacute;madott meg Egerben a G&ouml;r&ouml;g utc&aacute;ban egy tizen&eacute;vest. Elvett&eacute;k t\u0151le a mobiltelefonj&aacute;t &eacute;s n&eacute;mi apr&oacute;p&eacute;nzt.<br \/>\nA t&aacute;mad&aacute;s bejelent&eacute;se ut&aacute;n nem sokkal, alig h&aacute;romnegyed &oacute;r&aacute;val a rend\u0151r&ouml;k elfogt&aacute;k az elk&ouml;vet\u0151ket, akik egyike ugyancsak fiatalkor&uacute;. A k&eacute;t t&aacute;mad&oacute; most [&#8230;]<\/p>\n","protected":false},"author":4,"featured_media":0,"comment_status":"closed","ping_status":"closed","sticky":false,"template":"","format":"standard","meta":{"footnotes":""},"categories":[5],"tags":[],"class_list":["post-787","post","type-post","status-publish","format-standard","hentry","category-kek-hirek"],"_links":{"self":[{"href":"https:\/\/www.agriatv.hu\/index.php?rest_route=\/wp\/v2\/posts\/787","targetHints":{"allow":["GET"]}}],"collection":[{"href":"https:\/\/www.agriatv.hu\/index.php?rest_route=\/wp\/v2\/posts"}],"about":[{"href":"https:\/\/www.agriatv.hu\/index.php?rest_route=\/wp\/v2\/types\/post"}],"author":[{"embeddable":true,"href":"https:\/\/www.agriatv.hu\/index.php?rest_route=\/wp\/v2\/users\/4"}],"replies":[{"embeddable":true,"href":"https:\/\/www.agriatv.hu\/index.php?rest_route=%2Fwp%2Fv2%2Fcomments&post=787"}],"version-history":[{"count":3,"href":"https:\/\/www.agriatv.hu\/index.php?rest_route=\/wp\/v2\/posts\/787\/revisions"}],"predecessor-version":[{"id":790,"href":"https:\/\/www.agriatv.hu\/index.php?rest_route=\/wp\/v2\/posts\/787\/revisions\/790"}],"wp:attachment":[{"href":"https:\/\/www.agriatv.hu\/index.php?rest_route=%2Fwp%2Fv2%2Fmedia&parent=787"}],"wp:term":[{"taxonomy":"category","embeddable":true,"href":"https:\/\/www.agriatv.hu\/index.php?rest_route=%2Fwp%2Fv2%2Fcategories&post=787"},{"taxonomy":"post_tag","embeddable":true,"href":"https:\/\/www.agriatv.hu\/index.php?rest_route=%2Fwp%2Fv2%2Ftags&post=787"}],"curies":[{"name":"wp","href":"https:\/\/api.w.org\/{rel}","templated":true}]}}