{"id":7908,"date":"2012-06-28T14:57:54","date_gmt":"2012-06-28T14:57:54","guid":{"rendered":"http:\/\/www.agriatv.hu\/?p=7908"},"modified":"2012-06-28T14:57:54","modified_gmt":"2012-06-28T14:57:54","slug":"a-hegy-nem-felejt-robbanoanyag-a-vedett-belko-hegyen","status":"publish","type":"post","link":"https:\/\/www.agriatv.hu\/?p=7908","title":{"rendered":"A hegy nem felejt \u2013 robban\u00f3anyag a v\u00e9dett B\u00e9lk\u0151-hegyen"},"content":{"rendered":"<p>&nbsp;<\/p>\n<p><img loading=\"lazy\" decoding=\"async\" class=\"alignleft\" src=\"http:\/\/www.egriszin.hu\/RenderedContents\/IndexImages\/9\/9625-20120627153112-robbanoanyag.jpg\" alt=\"\" width=\"150\" height=\"150\" \/><\/p>\n<p><strong>A B\u00e9lap\u00e1tfalvai \u00d6nk\u00e9ntes K\u00f6ztest\u00fcleti T\u0171zolt\u00f3s\u00e1g \u00fcgyelet\u00e9re 2012. j\u00fanius 26-\u00e1n \u00e9rkezett bejelent\u00e9s, mely szerint a B\u00e9lk\u0151-hegyen vesz\u00e9lyes robban\u00f3anyag tal\u00e1lhat\u00f3. A t\u0171zolt\u00f3s\u00e1g halad\u00e9ktalanul \u00e9rtes\u00edtette a Heves Megyei Katasztr\u00f3fav\u00e9delmi Igazgat\u00f3s\u00e1got, amelynek szakemberei a helysz\u00ednre vonultak. A bejelent\u00e9sben megjel\u00f6lt ter\u00fcleten egy m\u0171anyag hord\u00f3ban 25 kg Ando (Hanal 1) t\u00edpus\u00fa robban\u00f3anyagot tal\u00e1ltak. <\/strong><\/p>\n<p align=\"justify\">Ez az anyag, amelyet a n\u00e9hai b\u00e1ny\u00e1szat sor\u00e1n alkalmaztak, ipari v\u00e1ltozata a terrorist\u00e1k \u00e1ltal manaps\u00e1g haszn\u00e1lt robban\u00f3szernek. A rendk\u00edv\u00fcl vesz\u00e9lyes \u00e9s k\u00f6rnyezetszennyez\u0151 anyagot a t\u0171zszer\u00e9szek a helysz\u00ednr\u0151l elsz\u00e1ll\u00edtott\u00e1k.<\/p>\n<p align=\"justify\">A B\u00e9lk\u0151-hegy kor\u00e1bban m\u00e9szk\u0151b\u00e1ny\u00e1szathoz kapcsol\u00f3d\u00f3 ter\u00fcleteit 2006-ban bevont\u00e1k a Natura 2000 programba, ezen kereszt\u00fcl pedig beker\u00fclt az EU \u00f6kol\u00f3giai h\u00e1l\u00f3zat\u00e1ba. <em>Fodor G\u00e1bor<\/em> k\u00f6rnyezetv\u00e9delmi \u00e9s v\u00edz\u00fcgyi miniszter 2008 febru\u00e1rj\u00e1ban term\u00e9szetv\u00e9delmi ter\u00fclett\u00e9 nyilv\u00e1n\u00edtotta a B\u00e9lk\u0151t.<\/p>\n<p>Nem el\u0151sz\u00f6r botlottak int\u0151 jelekbe. 2008 okt\u00f3ber\u00e9ben kider\u00fclt, hogy a vastag betonfallal lez\u00e1rt b\u00e1nya\u00fcregekben t\u00f6bb sz\u00e1z liter, a t\u00e9rs\u00e9g iv\u00f3v\u00edzb\u00e1zis\u00e1t vesz\u00e9lyeztet\u0151 hidraulika olajat \u00e9s s\u00e9r\u00fclt, rossz \u00e1llapotban l\u00e9v\u0151 vasszerkezeteket tal\u00e1ltak. Csak a szerencs\u00e9n m\u00falt, hogy nem t\u00e9vedt be kir\u00e1ndul\u00f3 a f\u00e9mtolvajok \u00e1ltal nyitott r\u00e9sen.<\/p>\n<p align=\"justify\">2008 m\u00e1jus\u00e1ban a 420 m\u00e9teren fekv\u0151 als\u00f3b\u00e1nya szinten leltek \u00fajabb vesz\u00e9lyes hullad\u00e9kra egy tereprendez\u00e9s sor\u00e1n: olajsz\u0171r\u0151k, gumihullad\u00e9k, b\u00e1nyag\u00e9pek alkatr\u00e9szei ker\u00fcltek el\u0151.<\/p>\n<p><em>&#8211; Mindezek ut\u00e1n a helyben \u00e9l\u0151k joggal felt\u00e9telezik, hogy rejt m\u00e9g szennyez\u0151d\u00e9seket a hegy. Korm\u00e1nymegb\u00edzottk\u00e9nt \u00e9s a t\u00e9rs\u00e9g orsz\u00e1ggy\u0171l\u00e9si k\u00e9pvisel\u0151jek\u00e9nt k\u00f6teless\u00e9gemnek \u00e9s feladatomnak \u00e9rzem, hogy a hegyet megnyissuk, megtiszt\u00edtsuk \u00e9s az egykori felel\u0151s\u00f6ket megnevezz\u00fck. Mindenf\u00e9le vesz\u00e9lyforr\u00e1st meg kell sz\u00fcntetni a B\u00e9lk\u0151n. Szeretn\u00e9m, ha a b\u00e9lap\u00e1tfalvai emberek \u00e9s az illet\u00e9kes hat\u00f3s\u00e1gok a seg\u00edts\u00e9gemre lenn\u00e9nek ebben, hiszen ez k\u00f6z\u00f6s \u00e9rdek\u00fcnk &#8211; <\/em>mondta Horv\u00e1th L\u00e1szl\u00f3, a mai rendk\u00edv\u00fcli sajt\u00f3t\u00e1j\u00e9koztat\u00f3n.<\/p>\n","protected":false},"excerpt":{"rendered":"<p>&nbsp;<\/p>\n<p>A B\u00e9lap\u00e1tfalvai \u00d6nk\u00e9ntes K\u00f6ztest\u00fcleti T\u0171zolt\u00f3s\u00e1g \u00fcgyelet\u00e9re 2012. j\u00fanius 26-\u00e1n \u00e9rkezett bejelent\u00e9s, mely szerint a B\u00e9lk\u0151-hegyen vesz\u00e9lyes robban\u00f3anyag tal\u00e1lhat\u00f3. A t\u0171zolt\u00f3s\u00e1g halad\u00e9ktalanul \u00e9rtes\u00edtette a Heves Megyei Katasztr\u00f3fav\u00e9delmi Igazgat\u00f3s\u00e1got, amelynek szakemberei a helysz\u00ednre vonultak. A bejelent\u00e9sben megjel\u00f6lt ter\u00fcleten egy m\u0171anyag hord\u00f3ban 25 kg Ando (Hanal 1) t\u00edpus\u00fa robban\u00f3anyagot tal\u00e1ltak.<br \/>\nEz az anyag, amelyet a n\u00e9hai b\u00e1ny\u00e1szat sor\u00e1n [&#8230;]<\/p>\n","protected":false},"author":4,"featured_media":0,"comment_status":"open","ping_status":"open","sticky":false,"template":"","format":"standard","meta":{"footnotes":""},"categories":[5],"tags":[1288,1287,1286,161],"class_list":["post-7908","post","type-post","status-publish","format-standard","hentry","category-kek-hirek","tag-banya","tag-hordo","tag-robbanoanyag","tag-tuzolto"],"_links":{"self":[{"href":"https:\/\/www.agriatv.hu\/index.php?rest_route=\/wp\/v2\/posts\/7908","targetHints":{"allow":["GET"]}}],"collection":[{"href":"https:\/\/www.agriatv.hu\/index.php?rest_route=\/wp\/v2\/posts"}],"about":[{"href":"https:\/\/www.agriatv.hu\/index.php?rest_route=\/wp\/v2\/types\/post"}],"author":[{"embeddable":true,"href":"https:\/\/www.agriatv.hu\/index.php?rest_route=\/wp\/v2\/users\/4"}],"replies":[{"embeddable":true,"href":"https:\/\/www.agriatv.hu\/index.php?rest_route=%2Fwp%2Fv2%2Fcomments&post=7908"}],"version-history":[{"count":1,"href":"https:\/\/www.agriatv.hu\/index.php?rest_route=\/wp\/v2\/posts\/7908\/revisions"}],"predecessor-version":[{"id":7909,"href":"https:\/\/www.agriatv.hu\/index.php?rest_route=\/wp\/v2\/posts\/7908\/revisions\/7909"}],"wp:attachment":[{"href":"https:\/\/www.agriatv.hu\/index.php?rest_route=%2Fwp%2Fv2%2Fmedia&parent=7908"}],"wp:term":[{"taxonomy":"category","embeddable":true,"href":"https:\/\/www.agriatv.hu\/index.php?rest_route=%2Fwp%2Fv2%2Fcategories&post=7908"},{"taxonomy":"post_tag","embeddable":true,"href":"https:\/\/www.agriatv.hu\/index.php?rest_route=%2Fwp%2Fv2%2Ftags&post=7908"}],"curies":[{"name":"wp","href":"https:\/\/api.w.org\/{rel}","templated":true}]}}