{"id":791,"date":"2010-07-31T09:58:16","date_gmt":"2010-07-31T09:58:16","guid":{"rendered":"http:\/\/www.agriatv.hu\/?p=791"},"modified":"2010-07-31T09:58:31","modified_gmt":"2010-07-31T09:58:31","slug":"csaszar-tavozasra-keri-demetert","status":"publish","type":"post","link":"https:\/\/www.agriatv.hu\/?p=791","title":{"rendered":"Cs\u00e1sz\u00e1r t\u00e1voz\u00e1sra k\u00e9ri Demetert"},"content":{"rendered":"<p>&nbsp;<\/p>\n<h5 onclick=\"window.location.href='?c=cikk&amp;id=5846'\"><span><img decoding=\"async\" align=\"left\" class=\"kiskepcikkhez\" src=\"http:\/\/www.egriszin.hu\/RenderedContents\/MImages\/5\/5846-20100722185210-SANY8588.JPG\" \/><\/span><\/h5>\n<p><strong>A Fidesz m&aacute;r &eacute;vekkel ezel\u0151tt kinyilatkoztatta, hogy nem helyesli a poz&iacute;ci&oacute;halmoz&aacute;st &#8211; mondta p&eacute;nteken reggel Cs&aacute;sz&aacute;r Zolt&aacute;n tan&aacute;csnok, aki arra k&eacute;ri Demeter Ervint, a j&ouml;v\u0151ben ne v&aacute;llaljon Egerben &ouml;nkorm&aacute;nyzati k&eacute;pvisel\u0151i szerepet.<\/strong><\/p>\n<p>Sz&aacute;mos kritika &eacute;ri az Egerben zajl&oacute; m\u0171szaki fejleszt&eacute;seket azok elh&uacute;z&oacute;d&aacute;sa, a kivitelez&eacute;s rossz min\u0151s&eacute;ge miatt, sajnos nem &eacute;rv&eacute;nyes&uuml;l az a meg&aacute;llapod&aacute;s, hogy az &aacute;tad&aacute;s&aacute;n&aacute;l legyen jelen az adott k&ouml;rzet k&eacute;pvisel\u0151je is &ndash; egyebek mellett err\u0151l besz&eacute;lt p&eacute;nteki sajt&oacute;t&aacute;j&eacute;koztat&oacute;j&aacute;n <strong>Cs&aacute;sz&aacute;r Zolt&aacute;n<\/strong>, a k&ouml;zgy\u0171l&eacute;s tagja, tan&aacute;csnok, sz&eacute;passzonyv&ouml;lgyi biztos.<\/p>\n<p>Ugyanakkor kifejtette azt is, hogy a v&aacute;rosh&aacute;zi szakiroda kimutat&aacute;sa szerint mintegy egymilli&aacute;rd forintot k&ouml;lt&ouml;ttek fejleszt&eacute;sre 2005 &eacute;s 2010 k&ouml;z&ouml;tt v&aacute;laszt&oacute;ker&uuml;let&eacute;ben, az 1-es k&ouml;rzetben.<\/p>\n<p>A kor&aacute;bban fideszes, de a p&aacute;rtba a feloszlatott helyi csoport &uacute;jj&aacute;szervez&eacute;sekor <a href=\"http:\/\/www.heol.hu\/heves\/kozelet\/csaszar-mar-csak-lelekben-fideszes-de-ujraindul-316953\" target=\"_blank\">vissza nem vett<\/a> v&aacute;rosatya elmondta: a Fidesz m&aacute;r &eacute;vekkel ezel\u0151tt kinyilatkoztatta, hogy nem helyesli a poz&iacute;ci&oacute;halmoz&aacute;st. Erre tekintettel Cs&aacute;sz&aacute;r arra k&eacute;ri Demeter Ervin orsz&aacute;ggy\u0171l&eacute;si k&eacute;pvisel\u0151t, a p&aacute;rt egri v&aacute;laszt&oacute;ker&uuml;leti eln&ouml;k&eacute;t, hogy a j&ouml;v\u0151ben ne v&aacute;llaljon Egerben &ouml;nkorm&aacute;nyzati k&eacute;pvisel\u0151i szerepet.<\/p>\n<p>Forr&aacute;s: Heol<\/p>\n","protected":false},"excerpt":{"rendered":"<p>&nbsp;<\/p>\n<p>A Fidesz m&aacute;r &eacute;vekkel ezel\u0151tt kinyilatkoztatta, hogy nem helyesli a poz&iacute;ci&oacute;halmoz&aacute;st &#8211; mondta p&eacute;nteken reggel Cs&aacute;sz&aacute;r Zolt&aacute;n tan&aacute;csnok, aki arra k&eacute;ri Demeter Ervint, a j&ouml;v\u0151ben ne v&aacute;llaljon Egerben &ouml;nkorm&aacute;nyzati k&eacute;pvisel\u0151i szerepet.<br \/>\nSz&aacute;mos kritika &eacute;ri az Egerben zajl&oacute; m\u0171szaki fejleszt&eacute;seket azok elh&uacute;z&oacute;d&aacute;sa, a kivitelez&eacute;s rossz min\u0151s&eacute;ge miatt, sajnos nem &eacute;rv&eacute;nyes&uuml;l az a meg&aacute;llapod&aacute;s, hogy az &aacute;tad&aacute;s&aacute;n&aacute;l legyen [&#8230;]<\/p>\n","protected":false},"author":4,"featured_media":0,"comment_status":"closed","ping_status":"closed","sticky":false,"template":"","format":"standard","meta":{"footnotes":""},"categories":[3],"tags":[],"class_list":["post-791","post","type-post","status-publish","format-standard","hentry","category-politika"],"_links":{"self":[{"href":"https:\/\/www.agriatv.hu\/index.php?rest_route=\/wp\/v2\/posts\/791","targetHints":{"allow":["GET"]}}],"collection":[{"href":"https:\/\/www.agriatv.hu\/index.php?rest_route=\/wp\/v2\/posts"}],"about":[{"href":"https:\/\/www.agriatv.hu\/index.php?rest_route=\/wp\/v2\/types\/post"}],"author":[{"embeddable":true,"href":"https:\/\/www.agriatv.hu\/index.php?rest_route=\/wp\/v2\/users\/4"}],"replies":[{"embeddable":true,"href":"https:\/\/www.agriatv.hu\/index.php?rest_route=%2Fwp%2Fv2%2Fcomments&post=791"}],"version-history":[{"count":2,"href":"https:\/\/www.agriatv.hu\/index.php?rest_route=\/wp\/v2\/posts\/791\/revisions"}],"predecessor-version":[{"id":793,"href":"https:\/\/www.agriatv.hu\/index.php?rest_route=\/wp\/v2\/posts\/791\/revisions\/793"}],"wp:attachment":[{"href":"https:\/\/www.agriatv.hu\/index.php?rest_route=%2Fwp%2Fv2%2Fmedia&parent=791"}],"wp:term":[{"taxonomy":"category","embeddable":true,"href":"https:\/\/www.agriatv.hu\/index.php?rest_route=%2Fwp%2Fv2%2Fcategories&post=791"},{"taxonomy":"post_tag","embeddable":true,"href":"https:\/\/www.agriatv.hu\/index.php?rest_route=%2Fwp%2Fv2%2Ftags&post=791"}],"curies":[{"name":"wp","href":"https:\/\/api.w.org\/{rel}","templated":true}]}}