{"id":7912,"date":"2012-06-28T15:00:26","date_gmt":"2012-06-28T15:00:26","guid":{"rendered":"http:\/\/www.agriatv.hu\/?p=7912"},"modified":"2012-06-28T15:00:26","modified_gmt":"2012-06-28T15:00:26","slug":"permetezik-a-gesztenyefakat-2","status":"publish","type":"post","link":"https:\/\/www.agriatv.hu\/?p=7912","title":{"rendered":"Permetezik a gesztenyef\u00e1kat"},"content":{"rendered":"<p>&nbsp;<\/p>\n<p><img loading=\"lazy\" decoding=\"async\" class=\"alignleft\" src=\"http:\/\/www.egriszin.hu\/RenderedContents\/IndexImages\/9\/9624-20120627152017-kep.jpg\" alt=\"\" width=\"150\" height=\"109\" \/><\/p>\n<p><strong>A V\u00e1rosgondoz\u00e1s Eger Kft. a k\u00f6zter\u00fcleteken \u00e1ll\u00f3 vadgesztenyef\u00e1k v\u00e9delme \u00e9rdek\u00e9ben permetez\u00e9st v\u00e9gez.<\/strong><\/p>\n<p>A vegyszeres v\u00e9dekez\u00e9st &#8211; a rajz\u00e1sok figyelembe v\u00e9tel\u00e9vel &#8211; 2012. j\u00fanius 27-e \u00e9s j\u00falius 6-a k\u00f6z\u00f6tt, az \u00e9jjeli \u00f3r\u00e1kban (22.00 \u2013 3.00 \u00f3r\u00e1ig) v\u00e9gezz\u00fck, id\u0151j\u00e1r\u00e1si t\u00e9nyez\u0151k f\u00fcggv\u00e9ny\u00e9ben.<\/p>\n<p>A gesztenyef\u00e1k v\u00e9delm\u00e9ben felhaszn\u00e1land\u00f3 szerek (Topas 100 EC, Dimilin 25 WP, Silwet) vizekre igen, m\u00e9hekre nem vesz\u00e9lyesek, \u00e9lelmez\u00e9s-eg\u00e9szs\u00e9g\u00fcgyi v\u00e1rakoz\u00e1si idej\u00fck 18 nap, munka-eg\u00e9szs\u00e9g\u00fcgyi v\u00e1rakoz\u00e1si ideje nincs<\/p>\n<p>A vegyszeres beavatkoz\u00e1s id\u0151pontj\u00e1ban az \u00e9rintett helysz\u00edneken, gesztenyef\u00e1k k\u00f6zel\u00e9ben lehet\u0151leg ne tart\u00f3zkodjanak, a f\u00e1k al\u00e1 ne parkoljanak \u00e9s a f\u00e1k k\u00f6zvetlen k\u00f6rnyezet\u00e9ben lak\u00f3k \u00e9jjelre z\u00e1rj\u00e1k be az ablakaikat.<\/p>\n","protected":false},"excerpt":{"rendered":"<p>&nbsp;<\/p>\n<p>A V\u00e1rosgondoz\u00e1s Eger Kft. a k\u00f6zter\u00fcleteken \u00e1ll\u00f3 vadgesztenyef\u00e1k v\u00e9delme \u00e9rdek\u00e9ben permetez\u00e9st v\u00e9gez.<br \/>\nA vegyszeres v\u00e9dekez\u00e9st &#8211; a rajz\u00e1sok figyelembe v\u00e9tel\u00e9vel &#8211; 2012. j\u00fanius 27-e \u00e9s j\u00falius 6-a k\u00f6z\u00f6tt, az \u00e9jjeli \u00f3r\u00e1kban (22.00 \u2013 3.00 \u00f3r\u00e1ig) v\u00e9gezz\u00fck, id\u0151j\u00e1r\u00e1si t\u00e9nyez\u0151k f\u00fcggv\u00e9ny\u00e9ben.<br \/>\nA gesztenyef\u00e1k v\u00e9delm\u00e9ben felhaszn\u00e1land\u00f3 szerek (Topas 100 EC, Dimilin 25 WP, Silwet) vizekre igen, m\u00e9hekre nem vesz\u00e9lyesek, \u00e9lelmez\u00e9s-eg\u00e9szs\u00e9g\u00fcgyi [&#8230;]<\/p>\n","protected":false},"author":4,"featured_media":0,"comment_status":"open","ping_status":"open","sticky":false,"template":"","format":"standard","meta":{"footnotes":""},"categories":[6],"tags":[1291],"class_list":["post-7912","post","type-post","status-publish","format-standard","hentry","category-belfold","tag-permetezes"],"_links":{"self":[{"href":"https:\/\/www.agriatv.hu\/index.php?rest_route=\/wp\/v2\/posts\/7912","targetHints":{"allow":["GET"]}}],"collection":[{"href":"https:\/\/www.agriatv.hu\/index.php?rest_route=\/wp\/v2\/posts"}],"about":[{"href":"https:\/\/www.agriatv.hu\/index.php?rest_route=\/wp\/v2\/types\/post"}],"author":[{"embeddable":true,"href":"https:\/\/www.agriatv.hu\/index.php?rest_route=\/wp\/v2\/users\/4"}],"replies":[{"embeddable":true,"href":"https:\/\/www.agriatv.hu\/index.php?rest_route=%2Fwp%2Fv2%2Fcomments&post=7912"}],"version-history":[{"count":2,"href":"https:\/\/www.agriatv.hu\/index.php?rest_route=\/wp\/v2\/posts\/7912\/revisions"}],"predecessor-version":[{"id":7915,"href":"https:\/\/www.agriatv.hu\/index.php?rest_route=\/wp\/v2\/posts\/7912\/revisions\/7915"}],"wp:attachment":[{"href":"https:\/\/www.agriatv.hu\/index.php?rest_route=%2Fwp%2Fv2%2Fmedia&parent=7912"}],"wp:term":[{"taxonomy":"category","embeddable":true,"href":"https:\/\/www.agriatv.hu\/index.php?rest_route=%2Fwp%2Fv2%2Fcategories&post=7912"},{"taxonomy":"post_tag","embeddable":true,"href":"https:\/\/www.agriatv.hu\/index.php?rest_route=%2Fwp%2Fv2%2Ftags&post=7912"}],"curies":[{"name":"wp","href":"https:\/\/api.w.org\/{rel}","templated":true}]}}