{"id":8100,"date":"2012-07-29T23:42:41","date_gmt":"2012-07-29T23:42:41","guid":{"rendered":"http:\/\/www.agriatv.hu\/?p=8100"},"modified":"2012-07-30T05:33:27","modified_gmt":"2012-07-30T05:33:27","slug":"8100","status":"publish","type":"post","link":"https:\/\/www.agriatv.hu\/?p=8100","title":{"rendered":"K\u00e1rokat okozott a vihar Egerben"},"content":{"rendered":"<p><a href=\"https:\/\/www.agriatv.hu\/wp-content\/uploads\/2012\/07\/0729vihar_eger_v.jpg\"><img loading=\"lazy\" decoding=\"async\" class=\"alignleft  wp-image-8101\" title=\"0729vihar_eger_v\" src=\"https:\/\/www.agriatv.hu\/wp-content\/uploads\/2012\/07\/0729vihar_eger_v-300x240.jpg\" alt=\"\" width=\"111\" height=\"65\" \/><\/a>Egerre ism\u00e9t lecsapott a vihar vas\u00e1rnap \u00e9jszaka. Az utakon t\u00f6bb helyen \u00e1llt a v\u00edz, a nyom\u00e1s csatorna-fedlapokat l\u00f6k\u00f6tt el a hely\u00fckr\u0151l, sok helyen a v\u00edz is vissza\u00e1ramlott. Eger egy r\u00e9sz\u00e9n t\u00f6bb, mint 9 \u00f3r\u00e1n \u00e1t sz\u00fcnetelt az \u00e1ramszolg\u00e1ltat\u00e1s, az \u00c9m\u00e1sz m\u00e1r fel sem vette a hibabejelent\u00e9seket.<\/p>\n<p>Nagy k\u00e1rokat okozott a sz\u00e9l az \u00c9rsekkert f\u00e1i k\u00f6z\u00f6tt is.<div class=\"wordtube\">\n<div class=\"wordtube single650\" id=\"WT1_1\" style=\"width:320px; height:240px;\">\n<a href=\"http:\/\/www.macromedia.com\/go\/getflashplayer\">Get the Flash Player<\/a> to see the wordTube Media Player.\n<\/div><\/div>\n\t<script type=\"text\/javascript\" defer=\"defer\">\nvar WT1_1 = {\n\tparams : {\n\t\twmode : \"opaque\",\n\t\tallowscriptaccess : \"always\",\n\t\tallownetworking : \"all\",\n\t\tallowfullscreen : \"true\"},\n\tflashvars : {\n\t\tfile : \"http%3A%2F%2Fwww.agriatv.hu%2Fwp-content%2Fuploads%2F2012%2F07%2F0729vihar_eger.flv\",\n\t\tvolume : \"80\",\n\t\tbufferlength : \"5\",\n\t\tquality : \"false\",\n\t\t'logo.hide' : \"false\",\n\t\timage : \"http%3A%2F%2Fwww.agriatv.hu%2Fwp-content%2Fuploads%2F2012%2F07%2F0729vihar_eger.jpg\",\n\t\ttitle : \"0729vihar_eger.flv\",\n\t\tlinktarget : \"_self\"},\n\tattr : {\n\t\tid : \"WT1\",\n\t\tname : \"WT1\"},\n\tstart : function() {\n\t\tswfobject.embedSWF(\"https:\/\/www.agriatv.hu\/\/player.swf\", \"WT1_1\", \"320\", \"240\", \"9.0.0\", false, this.flashvars, this.params , this.attr );\n\t}\n}\nWT1_1.start();\n\t<\/script>\n<\/p>\n","protected":false},"excerpt":{"rendered":"<p>Egerre ism\u00e9t lecsapott a vihar vas\u00e1rnap \u00e9jszaka. Az utakon t\u00f6bb helyen \u00e1llt a v\u00edz, a nyom\u00e1s csatorna-fedlapokat l\u00f6k\u00f6tt el a hely\u00fckr\u0151l, sok helyen a v\u00edz is vissza\u00e1ramlott. Eger egy r\u00e9sz\u00e9n t\u00f6bb, mint 9 \u00f3r\u00e1n \u00e1t sz\u00fcnetelt az \u00e1ramszolg\u00e1ltat\u00e1s, az \u00c9m\u00e1sz m\u00e1r fel sem vette a hibabejelent\u00e9seket.<br \/>\nNagy k\u00e1rokat okozott a sz\u00e9l az \u00c9rsekkert f\u00e1i k\u00f6z\u00f6tt is.<\/p>\n","protected":false},"author":4,"featured_media":0,"comment_status":"open","ping_status":"open","sticky":false,"template":"","format":"standard","meta":{"footnotes":""},"categories":[6],"tags":[1215,196,197,195],"class_list":["post-8100","post","type-post","status-publish","format-standard","hentry","category-belfold","tag-eso","tag-kar","tag-szel","tag-vihar"],"_links":{"self":[{"href":"https:\/\/www.agriatv.hu\/index.php?rest_route=\/wp\/v2\/posts\/8100","targetHints":{"allow":["GET"]}}],"collection":[{"href":"https:\/\/www.agriatv.hu\/index.php?rest_route=\/wp\/v2\/posts"}],"about":[{"href":"https:\/\/www.agriatv.hu\/index.php?rest_route=\/wp\/v2\/types\/post"}],"author":[{"embeddable":true,"href":"https:\/\/www.agriatv.hu\/index.php?rest_route=\/wp\/v2\/users\/4"}],"replies":[{"embeddable":true,"href":"https:\/\/www.agriatv.hu\/index.php?rest_route=%2Fwp%2Fv2%2Fcomments&post=8100"}],"version-history":[{"count":4,"href":"https:\/\/www.agriatv.hu\/index.php?rest_route=\/wp\/v2\/posts\/8100\/revisions"}],"predecessor-version":[{"id":8103,"href":"https:\/\/www.agriatv.hu\/index.php?rest_route=\/wp\/v2\/posts\/8100\/revisions\/8103"}],"wp:attachment":[{"href":"https:\/\/www.agriatv.hu\/index.php?rest_route=%2Fwp%2Fv2%2Fmedia&parent=8100"}],"wp:term":[{"taxonomy":"category","embeddable":true,"href":"https:\/\/www.agriatv.hu\/index.php?rest_route=%2Fwp%2Fv2%2Fcategories&post=8100"},{"taxonomy":"post_tag","embeddable":true,"href":"https:\/\/www.agriatv.hu\/index.php?rest_route=%2Fwp%2Fv2%2Ftags&post=8100"}],"curies":[{"name":"wp","href":"https:\/\/api.w.org\/{rel}","templated":true}]}}