{"id":8111,"date":"2012-07-31T09:25:30","date_gmt":"2012-07-31T09:25:30","guid":{"rendered":"http:\/\/www.agriatv.hu\/?p=8111"},"modified":"2012-08-01T09:27:17","modified_gmt":"2012-08-01T09:27:17","slug":"ozonlenek-a-turistak-eszak-magyarorszagra","status":"publish","type":"post","link":"https:\/\/www.agriatv.hu\/?p=8111","title":{"rendered":"\u00d6z\u00f6nlenek a turist\u00e1k \u00c9szak-Magyarorsz\u00e1gra"},"content":{"rendered":"<p><img loading=\"lazy\" decoding=\"async\" class=\"alignleft\" style=\"border: 0px none;\" src=\"http:\/\/egriugyek.hu\/images\/stories\/hirek\/eger%20castle.jpg\" alt=\"\" width=\"119\" height=\"89\" border=\"0\" \/><strong>A v\u00e1rtn\u00e1l jobban teljes\u00edtett 2011-ben \u00c9szak-Magyarorsz\u00e1g turizmusa. Az orsz\u00e1gos \u00e1tlagn\u00e1l j\u00f3val t\u00f6bb \u00e9rdekl\u0151d\u0151 \u00e9rkezett a r\u00e9gi\u00f3ba a kor\u00e1bbiakhoz k\u00e9pest.<\/strong><\/p>\n<p>A K\u00f6zponti Statisztikai Hivatal (KSH) adatai alapj\u00e1n 2011-ben az \u00c9szak-magyarorsz\u00e1gi r\u00e9gi\u00f3 turizmusa teljes\u00edtette a legmagasabb sz\u00e1zal\u00e9kos n\u00f6veked\u00e9st, a kereskedelmi sz\u00e1ll\u00e1shelyek vend\u00e9g\u00e9jszak\u00e1it tekintve Magyarorsz\u00e1g 9 turisztikai r\u00e9gi\u00f3ja k\u00f6z\u00fcl. M\u00edg 2011-ben orsz\u00e1gosan +5,4 sz\u00e1zal\u00e9kos volt az emelked\u00e9s, addig \u00c9szak-Magyarorsz\u00e1gon 10,3 sz\u00e1zal\u00e9kos n\u00f6veked\u00e9st m\u00e9rtek. Mind a k\u00fclf\u00f6ldi, mind pedig a belf\u00f6ldi n\u00f6veked\u00e9s meghaladta az orsz\u00e1gos \u00e1tlagot. A belf\u00f6ldi k\u00f6zel 10 sz\u00e1zal\u00e9kos emelked\u00e9s haz\u00e1nk legmagasabb emelked\u00e9se volt 2011-ben. K\u00fclf\u00f6ldi v\u00e1ltoz\u00e1sban r\u00e9gi\u00f3nk 14,7 sz\u00e1zal\u00e9kos eredm\u00e9ny\u00e9t csak a D\u00e9l-alf\u00f6ldi r\u00e9gi\u00f3 tudta fel\u00fclm\u00falni.<\/p>\n<p>Az eredm\u00e9nyek nem csak sz\u00e1zal\u00e9kos tekintetben kiemelked\u0151ek, hanem abszol\u00fat \u00e9rt\u00e9kben is, k\u00f6zel 140 ezer vend\u00e9g\u00e9jszak\u00e1s n\u00f6veked\u00e9st eredm\u00e9nyezett 2011-ben, amely mintegy m\u00e1sf\u00e9l milli\u00f3 vend\u00e9g\u00e9jszak\u00e1t jelent \u00f6sszess\u00e9g\u00e9ben. A kimagasl\u00f3 eredm\u00e9nyben nagy szerepet j\u00e1tszott a Region\u00e1lis Operat\u00edv Programban (ROP) nyertes turisztikai attrakci\u00f3k, term\u00e9k- \u00e9s szolg\u00e1ltat\u00e1s fejleszt\u00e9sek, a r\u00e9gi\u00f3ban sz\u00e9p sz\u00e1mmal alakul\u00f3 Turisztikai Desztin\u00e1ci\u00f3 Mendezsment (TDM) \u00e9s egy\u00e9b szakmai szervezetek, szolg\u00e1ltat\u00f3k, Tourinform irod\u00e1k szoros egy\u00fcttm\u0171k\u00f6d\u00e9se, tov\u00e1bb\u00e1 a c\u00e9lzott marketing akci\u00f3k is.<\/p>\n<p>A TDM-ek komoly munk\u00e1t v\u00e9geztek megalakul\u00e1suk \u00f3ta, t\u00f6bbek k\u00f6zt informatikai fejleszt\u00e9seket hajtottak v\u00e9gre, nyelvi k\u00e9pz\u00e9seken vehettek r\u00e9szt a turisztikai szervezetek k\u00e9pvisel\u0151i mellett a szolg\u00e1ltat\u00f3k is. L\u00e9trej\u00f6ttek kedvezm\u00e9ny rendszerek, ker\u00e9kp\u00e1rk\u00f6lcs\u00f6nz\u0151k, s\u0151t m\u00e9g egy postakocsi is beszerz\u00e9sre ker\u00fclt. Ezek a fejleszt\u00e9sek egyt\u0151l- egyig nagy szerepet j\u00e1tszottak abban, hogy az \u00c9szak-magyarorsz\u00e1gi r\u00e9gi\u00f3 ilyen kimagasl\u00f3 eredm\u00e9nyt \u00e9rt el. Azonban ne felejts\u00fck el, hogy ez egy hossz\u00fa folyamat volt. A 2007-2011-ig tart\u00f3 id\u0151szakot vizsg\u00e1lva megfigyelhetj\u00fck, hogy r\u00e9gi\u00f3nk turizmusa, kiv\u00e1l\u00f3an \u00e1tv\u00e9szelte a gazdas\u00e1gi v\u00e1ls\u00e1g adta neh\u00e9zs\u00e9geket, valamint j\u00f3 \u00faton j\u00e1r a szervezet\u00e9p\u00edt\u00e9s, fejleszt\u00e9s ter\u00e9n is.<\/p>\n<p>Ha az elm\u00falt \u00f6t \u00e9v statisztikai mutat\u00f3it vizsg\u00e1ljuk, l\u00e1thatjuk, hogy az orsz\u00e1gos \u00e1tlagn\u00e1l (+2,4%) k\u00f6zel k\u00e9tszer ilyen j\u00f3l teljes\u00edtett az \u00c9szak-magyarorsz\u00e1gi r\u00e9gi\u00f3 (+4,2%) a kereskedelmi sz\u00e1ll\u00e1shelyek vend\u00e9g\u00e9jszak\u00e1it tekintve. K\u00fcl\u00f6n\u00f6s tekintetben igaz ez a k\u00fclf\u00f6ldiek \u00e1ltal elt\u00f6lt\u00f6tt vend\u00e9g\u00e9jszak\u00e1k sz\u00e1m\u00e1ra is, melyn\u00e9l az orsz\u00e1gos \u00e1tlag +2,4%-os n\u00f6veked\u00e9st mutat, ez a sz\u00e1m r\u00e9gi\u00f3nkban +15,3%. L\u00e1thatjuk, hogy az a c\u00e9l mellyel azt t\u0171zt\u00fck ki, hogy n\u00f6velj\u00fck a k\u00fclf\u00f6ldiek \u00e1ltal elt\u00f6lt\u00f6tt vend\u00e9g\u00e9jszak\u00e1k sz\u00e1m\u00e1t a r\u00e9gi\u00f3ban a szolg\u00e1ltat\u00f3k, a k\u00fclk\u00e9pvisel\u0151k \u00e9s a TDM- RMI \u00f6sszefog\u00e1s\u00e1val szint\u00e9n sz\u00e9p eredm\u00e9nyeket gener\u00e1lt. \u00c9szak-Magyarorsz\u00e1g a r\u00e9gi\u00f3 turisztikai szerepl\u0151inek tudatos munk\u00e1j\u00e1val igaz\u00e1n kedvelt c\u00e9lpontt\u00e1 kezd v\u00e1lni a k\u00fclf\u00f6ldr\u0151l \u00e9rkez\u0151 vend\u00e9gek sz\u00e1m\u00e1ra is.<\/p>\n<p>A 2011-es adatok alapj\u00e1n Lengyelorsz\u00e1gb\u00f3l \u00e9rkezik hozz\u00e1nk a legt\u00f6bb vend\u00e9g. A r\u00e9gi\u00f3ban elt\u00f6lt\u00f6tt k\u00fclf\u00f6ldi vend\u00e9g\u00e9jszak\u00e1k k\u00f6zel 1\/5-e hozz\u00e1juk tartozik. Lengyelorsz\u00e1g mellett jelent\u0151s k\u00fcld\u0151 piacunk m\u00e9g N\u00e9metorsz\u00e1g \u00e9s Szlov\u00e1kia, de ne feledkezz\u00fcnk el Rom\u00e1ni\u00e1r\u00f3l sem, ami ugyan \u201ecsak\u201d 5. helyen szerepel a k\u00fclf\u00f6ldi k\u00fcld\u0151 piacaink tekintet\u00e9ben, de 2010-hez k\u00e9pest 2011-ben +15%-os vend\u00e9g\u00e9jszaka n\u00f6veked\u00e9st tudhatott mag\u00e1\u00e9nak, amely el\u00e9g jelent\u0151s. A Magyar Turizmus Zrt. \u00c9szak-magyarorsz\u00e1gi Region\u00e1lis Marketing Igazgat\u00f3s\u00e1ga, a kiugr\u00f3 eredm\u00e9nyek megtart\u00e1sa valamint tov\u00e1bb n\u00f6vel\u00e9se \u00e9rdek\u00e9ben t\u00f6bb belf\u00f6ldi \u00e9s k\u00fclf\u00f6ldi rendezv\u00e9nyen, fesztiv\u00e1lon mutatkozik be id\u00e9n is, ilyen p\u00e9ld\u00e1ul a Hegyalja-fesztiv\u00e1lra val\u00f3 kitelep\u00fcl\u00e9s.<\/p>\n<p>Forr\u00e1s: <a href=\"http:\/\/egriugyek.hu\">Egri\u00fcgyek<\/a><\/p>\n","protected":false},"excerpt":{"rendered":"<p>A v\u00e1rtn\u00e1l jobban teljes\u00edtett 2011-ben \u00c9szak-Magyarorsz\u00e1g turizmusa. Az orsz\u00e1gos \u00e1tlagn\u00e1l j\u00f3val t\u00f6bb \u00e9rdekl\u0151d\u0151 \u00e9rkezett a r\u00e9gi\u00f3ba a kor\u00e1bbiakhoz k\u00e9pest.<br \/>\nA K\u00f6zponti Statisztikai Hivatal (KSH) adatai alapj\u00e1n 2011-ben az \u00c9szak-magyarorsz\u00e1gi r\u00e9gi\u00f3 turizmusa teljes\u00edtette a legmagasabb sz\u00e1zal\u00e9kos n\u00f6veked\u00e9st, a kereskedelmi sz\u00e1ll\u00e1shelyek vend\u00e9g\u00e9jszak\u00e1it tekintve Magyarorsz\u00e1g 9 turisztikai r\u00e9gi\u00f3ja k\u00f6z\u00fcl. M\u00edg 2011-ben orsz\u00e1gosan +5,4 sz\u00e1zal\u00e9kos volt az emelked\u00e9s, addig \u00c9szak-Magyarorsz\u00e1gon [&#8230;]<\/p>\n","protected":false},"author":4,"featured_media":0,"comment_status":"open","ping_status":"open","sticky":false,"template":"","format":"standard","meta":{"footnotes":""},"categories":[6,4],"tags":[429,354],"class_list":["post-8111","post","type-post","status-publish","format-standard","hentry","category-belfold","category-szabadido","tag-regio","tag-turizmus"],"_links":{"self":[{"href":"https:\/\/www.agriatv.hu\/index.php?rest_route=\/wp\/v2\/posts\/8111","targetHints":{"allow":["GET"]}}],"collection":[{"href":"https:\/\/www.agriatv.hu\/index.php?rest_route=\/wp\/v2\/posts"}],"about":[{"href":"https:\/\/www.agriatv.hu\/index.php?rest_route=\/wp\/v2\/types\/post"}],"author":[{"embeddable":true,"href":"https:\/\/www.agriatv.hu\/index.php?rest_route=\/wp\/v2\/users\/4"}],"replies":[{"embeddable":true,"href":"https:\/\/www.agriatv.hu\/index.php?rest_route=%2Fwp%2Fv2%2Fcomments&post=8111"}],"version-history":[{"count":2,"href":"https:\/\/www.agriatv.hu\/index.php?rest_route=\/wp\/v2\/posts\/8111\/revisions"}],"predecessor-version":[{"id":8113,"href":"https:\/\/www.agriatv.hu\/index.php?rest_route=\/wp\/v2\/posts\/8111\/revisions\/8113"}],"wp:attachment":[{"href":"https:\/\/www.agriatv.hu\/index.php?rest_route=%2Fwp%2Fv2%2Fmedia&parent=8111"}],"wp:term":[{"taxonomy":"category","embeddable":true,"href":"https:\/\/www.agriatv.hu\/index.php?rest_route=%2Fwp%2Fv2%2Fcategories&post=8111"},{"taxonomy":"post_tag","embeddable":true,"href":"https:\/\/www.agriatv.hu\/index.php?rest_route=%2Fwp%2Fv2%2Ftags&post=8111"}],"curies":[{"name":"wp","href":"https:\/\/api.w.org\/{rel}","templated":true}]}}