{"id":8125,"date":"2012-08-02T19:47:42","date_gmt":"2012-08-02T19:47:42","guid":{"rendered":"http:\/\/www.agriatv.hu\/?p=8125"},"modified":"2012-08-02T19:47:42","modified_gmt":"2012-08-02T19:47:42","slug":"nyolcvan-millio-forintos-a-kar-udulohaz-egett-poroszlon","status":"publish","type":"post","link":"https:\/\/www.agriatv.hu\/?p=8125","title":{"rendered":"Nyolcvan milli\u00f3 forintos a k\u00e1r &#8211; \u00fcd\u00fcl\u0151h\u00e1z \u00e9gett Poroszl\u00f3n"},"content":{"rendered":"<p><strong><a href=\"https:\/\/www.agriatv.hu\/wp-content\/uploads\/2012\/08\/0802poroszlo_tuz_V.jpg\"><img loading=\"lazy\" decoding=\"async\" class=\"alignleft  wp-image-8127\" title=\"0802poroszlo_tuz_V\" src=\"https:\/\/www.agriatv.hu\/wp-content\/uploads\/2012\/08\/0802poroszlo_tuz_V-300x240.jpg\" alt=\"\" width=\"126\" height=\"84\" \/><\/a>Cs\u00fct\u00f6rt\u00f6k hajnalban t\u0171z \u00fct\u00f6tt ki egy Tisza-parti \u00fcd\u00fcl\u0151ben. A t\u0171zolt\u00f3k hajnali egykor kapt\u00e1k a bejelent\u00e9st, reggel h\u00e9tkor m\u00e9g nem siker\u00fclt megf\u00e9kezni a l\u00e1ngokat. A t\u0171zesetben k\u00f6zel 80 milli\u00f3 forint \u00e9rt\u00e9k\u0171 k\u00e1r keletkezett. <\/strong><\/p>\n<p>Cs\u00fct\u00f6rt\u00f6k hajnalban riasztott\u00e1k a J\u00e1sz-Nagykun-Szolnok megyei t\u0171zolt\u00f3s\u00e1got, miszerint Poroszl\u00f3 mellett, a Tisza parton egy \u00fcd\u00fcl\u0151h\u00e1z \u00e9g. Az \u00e9p\u00fclet tet\u0151szerkezete hajnali egykor kapott l\u00e1ngra, amit k\u00f6zel 8 \u00f3r\u00e1s olt\u00e1sban siker\u00fclt csak megf\u00e9kezni. A t\u0171zolt\u00f3s\u00e1g 6 j\u00e1rm\u0171vel \u00e9s 30 t\u0171zolt\u00f3val vonult ki a helysz\u00ednre. Az \u00e9jszaka folyam\u00e1n 10 ember tart\u00f3zkodott az \u00e9p\u00edtm\u00e9nyben, a t\u0171zolt\u00f3k gyors ki\u00e9rkez\u00e9s\u00e9nek k\u00f6sz\u00f6nhet\u0151en nem t\u00f6rt\u00e9nt szem\u00e9lyi s\u00e9r\u00fcl\u00e9s. A 650 m2 ter\u00fclet\u0171 \u00e9p\u00fcletben k\u00f6zel 80 milli\u00f3 forintos k\u00e1r keletkezett.<div class=\"wordtube\">\n<div class=\"wordtube single652\" id=\"WT1_1\" style=\"width:320px; height:240px;\">\n<a href=\"http:\/\/www.macromedia.com\/go\/getflashplayer\">Get the Flash Player<\/a> to see the wordTube Media Player.\n<\/div><\/div>\n\t<script type=\"text\/javascript\" defer=\"defer\">\nvar WT1_1 = {\n\tparams : {\n\t\twmode : \"opaque\",\n\t\tallowscriptaccess : \"always\",\n\t\tallownetworking : \"all\",\n\t\tallowfullscreen : \"true\"},\n\tflashvars : {\n\t\tfile : \"http%3A%2F%2Fwww.agriatv.hu%2Fwp-content%2Fuploads%2F2012%2F08%2F0802poroszlo_tuz.flv\",\n\t\tvolume : \"80\",\n\t\tbufferlength : \"5\",\n\t\tquality : \"false\",\n\t\t'logo.hide' : \"false\",\n\t\timage : \"http%3A%2F%2Fwww.agriatv.hu%2Fwp-content%2Fuploads%2F2012%2F08%2F0802poroszlo_tuz.jpg\",\n\t\ttitle : \"0802poroszlo_tuz.flv\",\n\t\tlinktarget : \"_self\"},\n\tattr : {\n\t\tid : \"WT1\",\n\t\tname : \"WT1\"},\n\tstart : function() {\n\t\tswfobject.embedSWF(\"https:\/\/www.agriatv.hu\/\/player.swf\", \"WT1_1\", \"320\", \"240\", \"9.0.0\", false, this.flashvars, this.params , this.attr );\n\t}\n}\nWT1_1.start();\n\t<\/script>\n<\/p>\n<p>A k\u00f6rny\u00e9ken \u201evisszat\u00e9r\u0151 vend\u00e9gek\u201d ezek a h\u00e1zt\u00fczek. Az elm\u00falt \u00e9vekben sz\u00e1mos fogad\u00f3, \u00e9tterem, vend\u00e9gh\u00e1z v\u00e1lt a t\u0171z martal\u00e9k\u00e1v\u00e1. A helyiek szerint a nagy h\u0151s\u00e9g a gyakori t\u0171zesetek okoz\u00f3ja, kiz\u00e1rtnak tartj\u00e1k, hogy valaki sz\u00e1nd\u00e9kosan gy\u00fajtotta volna fel az \u00e9p\u00fcleteket.<\/p>\n<p>Antal Erika, a Heves megyei katasztr\u00f3fav\u00e9delmi sz\u00f3viv\u0151 elmondta: k\u00f6zigazgat\u00e1si elj\u00e1r\u00e1s keret\u00e9ben vizsg\u00e1lj\u00e1k a rendk\u00edv\u00fcli t\u0171zesetet.<\/p>\n","protected":false},"excerpt":{"rendered":"<p>Cs\u00fct\u00f6rt\u00f6k hajnalban t\u0171z \u00fct\u00f6tt ki egy Tisza-parti \u00fcd\u00fcl\u0151ben. A t\u0171zolt\u00f3k hajnali egykor kapt\u00e1k a bejelent\u00e9st, reggel h\u00e9tkor m\u00e9g nem siker\u00fclt megf\u00e9kezni a l\u00e1ngokat. A t\u0171zesetben k\u00f6zel 80 milli\u00f3 forint \u00e9rt\u00e9k\u0171 k\u00e1r keletkezett.<br \/>\nCs\u00fct\u00f6rt\u00f6k hajnalban riasztott\u00e1k a J\u00e1sz-Nagykun-Szolnok megyei t\u0171zolt\u00f3s\u00e1got, miszerint Poroszl\u00f3 mellett, a Tisza parton egy \u00fcd\u00fcl\u0151h\u00e1z \u00e9g. Az \u00e9p\u00fclet tet\u0151szerkezete hajnali egykor kapott l\u00e1ngra, [&#8230;]<\/p>\n","protected":false},"author":4,"featured_media":0,"comment_status":"open","ping_status":"open","sticky":false,"template":"","format":"standard","meta":{"footnotes":""},"categories":[5],"tags":[1342,1341,1261,484,161],"class_list":["post-8125","post","type-post","status-publish","format-standard","hentry","category-kek-hirek","tag-lang","tag-poroszlo","tag-teto","tag-tuz","tag-tuzolto"],"_links":{"self":[{"href":"https:\/\/www.agriatv.hu\/index.php?rest_route=\/wp\/v2\/posts\/8125","targetHints":{"allow":["GET"]}}],"collection":[{"href":"https:\/\/www.agriatv.hu\/index.php?rest_route=\/wp\/v2\/posts"}],"about":[{"href":"https:\/\/www.agriatv.hu\/index.php?rest_route=\/wp\/v2\/types\/post"}],"author":[{"embeddable":true,"href":"https:\/\/www.agriatv.hu\/index.php?rest_route=\/wp\/v2\/users\/4"}],"replies":[{"embeddable":true,"href":"https:\/\/www.agriatv.hu\/index.php?rest_route=%2Fwp%2Fv2%2Fcomments&post=8125"}],"version-history":[{"count":3,"href":"https:\/\/www.agriatv.hu\/index.php?rest_route=\/wp\/v2\/posts\/8125\/revisions"}],"predecessor-version":[{"id":8129,"href":"https:\/\/www.agriatv.hu\/index.php?rest_route=\/wp\/v2\/posts\/8125\/revisions\/8129"}],"wp:attachment":[{"href":"https:\/\/www.agriatv.hu\/index.php?rest_route=%2Fwp%2Fv2%2Fmedia&parent=8125"}],"wp:term":[{"taxonomy":"category","embeddable":true,"href":"https:\/\/www.agriatv.hu\/index.php?rest_route=%2Fwp%2Fv2%2Fcategories&post=8125"},{"taxonomy":"post_tag","embeddable":true,"href":"https:\/\/www.agriatv.hu\/index.php?rest_route=%2Fwp%2Fv2%2Ftags&post=8125"}],"curies":[{"name":"wp","href":"https:\/\/api.w.org\/{rel}","templated":true}]}}