{"id":8274,"date":"2012-08-25T05:50:26","date_gmt":"2012-08-25T05:50:26","guid":{"rendered":"http:\/\/www.agriatv.hu\/?p=8274"},"modified":"2012-08-25T05:50:48","modified_gmt":"2012-08-25T05:50:48","slug":"gyanus-ellenorok-egerben","status":"publish","type":"post","link":"https:\/\/www.agriatv.hu\/?p=8274","title":{"rendered":"Gyan\u00fas ellen\u0151r\u00f6k Egerben?"},"content":{"rendered":"<p><strong><a href=\"https:\/\/www.agriatv.hu\/wp-content\/uploads\/2012\/08\/0824tuzolto_eger_V.jpg\"><img loading=\"lazy\" decoding=\"async\" class=\"alignleft  wp-image-8276\" title=\"0824tuzolto_eger_V\" src=\"https:\/\/www.agriatv.hu\/wp-content\/uploads\/2012\/08\/0824tuzolto_eger_V-300x240.jpg\" alt=\"\" width=\"100\" height=\"64\" \/><\/a>A katasztr\u00f3fav\u00e9delem munkat\u00e1rsainak \u00e1lc\u00e1zva, \u00e1lellen\u0151r\u00f6k j\u00e1rj\u00e1k Eger utc\u00e1it. A t\u0171zv\u00e9delmi k\u00e9sz\u00fcl\u00e9keket ellen\u0151rz\u0151 \u201eszakemberek\u201d \u00a0hivatalos pap\u00edrok n\u00e9lk\u00fcl, civil ruh\u00e1ban pr\u00f3b\u00e1ltak eszk\u00f6z\u00f6ket eladni. A Heves Megyei Katasztr\u00f3fav\u00e9delmi Igazgat\u00f3s\u00e1g feljelent\u00e9st tett az \u00fcgyben.<\/strong><\/p>\n<p>Jogosulatlan ellen\u0151rz\u00e9seket v\u00e9geznek Egerben a Heves Megyei Katasztr\u00f3fav\u00e9delem nev\u00e9ben. Az illet\u0151k az anyagi haszonszerz\u00e9s rem\u00e9ny\u00e9ben m\u00e1r t\u00f6bb c\u00e9gn\u00e9l is \u201eszerencs\u00e9t pr\u00f3b\u00e1ltak\u201d, vissza\u00e9lve a HMKI nev\u00e9vel.<\/p>\n<p>Egerben, a Szvor\u00e9nyi utc\u00e1ban pr\u00f3b\u00e1ltak ellen\u0151rz\u00e9seket v\u00e9gezni az \u00e1l-kataszt\u00f3fav\u00e9delmi szakemberek. Az \u00fczletvezet\u0151vel k\u00edv\u00e1ntak besz\u00e9lni, ellen\u0151rizni szerett\u00e9k volna a t\u0171zv\u00e9delmi k\u00e9sz\u00fcl\u00e9keket az \u00fczletben. Az ott dolgoz\u00f3k alaposs\u00e1g\u00e1nak k\u00f6sz\u00f6nhet\u0151, hogy nem keletkezett nagyobb probl\u00e9ma, hiszen a magukat ellen\u0151r\u00f6knek kiad\u00f3 illet\u0151k nem rendelkeztek hivatalos iratokkal, illetve a megfelel\u0151 egyenruh\u00e1val.<div class=\"wordtube\">\n<div class=\"wordtube single669\" id=\"WT1_1\" style=\"width:320px; height:240px;\">\n<a href=\"http:\/\/www.macromedia.com\/go\/getflashplayer\">Get the Flash Player<\/a> to see the wordTube Media Player.\n<\/div><\/div>\n\t<script type=\"text\/javascript\" defer=\"defer\">\nvar WT1_1 = {\n\tparams : {\n\t\twmode : \"opaque\",\n\t\tallowscriptaccess : \"always\",\n\t\tallownetworking : \"all\",\n\t\tallowfullscreen : \"true\"},\n\tflashvars : {\n\t\tfile : \"http%3A%2F%2Fwww.agriatv.hu%2Fwp-content%2Fuploads%2F2012%2F08%2F0824tuzolto_eger.flv\",\n\t\tvolume : \"80\",\n\t\tbufferlength : \"5\",\n\t\tquality : \"false\",\n\t\t'logo.hide' : \"false\",\n\t\timage : \"http%3A%2F%2Fwww.agriatv.hu%2Fwp-content%2Fuploads%2F2012%2F08%2F0824tuzolto_eger.jpg\",\n\t\ttitle : \"0824tuzolto_eger.flv\",\n\t\tlinktarget : \"_self\"},\n\tattr : {\n\t\tid : \"WT1\",\n\t\tname : \"WT1\"},\n\tstart : function() {\n\t\tswfobject.embedSWF(\"https:\/\/www.agriatv.hu\/\/player.swf\", \"WT1_1\", \"320\", \"240\", \"9.0.0\", false, this.flashvars, this.params , this.attr );\n\t}\n}\nWT1_1.start();\n\t<\/script>\n<\/p>\n<p>Gasparovics Attila, a HMKI t\u0171zolt\u00f3f\u0151hadnagya felh\u00edvja a lakoss\u00e1g figyelm\u00e9t az ellen\u0151r\u00f6kre: a HMKI szakemberei minden esetben f\u00e9nyk\u00e9pes igazolv\u00e1nnyal rendelkeznek, illetve a megfelel\u0151 szolg\u00e1lati egyenruh\u00e1ban v\u00e9gzik az ellen\u0151rz\u00e9st. Ez alatt a feh\u00e9r illetve k\u00e9k p\u00f3l\u00f3t, fekete nadr\u00e1got, illetve a fekete sapk\u00e1t \u00e9rti. Elmondta tov\u00e1bb\u00e1, hogy a nem szakember \u00e1ltal ellen\u0151rz\u00f6tt t\u0171zolt\u00f3 k\u00e9sz\u00fcl\u00e9kek nem csak b\u00edrs\u00e1got vonnak maguk ut\u00e1n, de t\u0171z eset\u00e9n a hib\u00e1s k\u00e9sz\u00fcl\u00e9kek nem k\u00e9pesek az olt\u00e1sra.<\/p>\n<p>Antal Erika t\u0171. f\u0151hadnagy, megyei katasztr\u00f3fav\u00e9delmi sz\u00f3viv\u0151 t\u00e1j\u00e9koztat\u00e1sa szerint a Heves Megyei Katasztr\u00f3fav\u00e9delmi Igazgat\u00f3s\u00e1gra \u00e9rkezett a bejelent\u00e9s, miszerint nem a katasztr\u00f3fav\u00e9delemhez tartoz\u00f3 szakemberek v\u00e9geznek t\u0171zv\u00e9delmi ellen\u0151rz\u00e9seket Egerben. Az \u00e1lellen\u0151r\u00f6k tov\u00e1bbi t\u0171zv\u00e9delmi eszk\u00f6z\u00f6ket pr\u00f3b\u00e1ltak \u00e9rt\u00e9kes\u00edteni az ellen\u0151rizni k\u00edv\u00e1nt c\u00e9gekn\u00e9l.\u00a0 A Heves Megyei Katasztr\u00f3fav\u00e9delmi Igazgat\u00f3s\u00e1ga feljelent\u00e9st tett az \u00fcgyben.<\/p>\n","protected":false},"excerpt":{"rendered":"<p>A katasztr\u00f3fav\u00e9delem munkat\u00e1rsainak \u00e1lc\u00e1zva, \u00e1lellen\u0151r\u00f6k j\u00e1rj\u00e1k Eger utc\u00e1it. A t\u0171zv\u00e9delmi k\u00e9sz\u00fcl\u00e9keket ellen\u0151rz\u0151 \u201eszakemberek\u201d \u00a0hivatalos pap\u00edrok n\u00e9lk\u00fcl, civil ruh\u00e1ban pr\u00f3b\u00e1ltak eszk\u00f6z\u00f6ket eladni. A Heves Megyei Katasztr\u00f3fav\u00e9delmi Igazgat\u00f3s\u00e1g feljelent\u00e9st tett az \u00fcgyben.<br \/>\nJogosulatlan ellen\u0151rz\u00e9seket v\u00e9geznek Egerben a Heves Megyei Katasztr\u00f3fav\u00e9delem nev\u00e9ben. Az illet\u0151k az anyagi haszonszerz\u00e9s rem\u00e9ny\u00e9ben m\u00e1r t\u00f6bb c\u00e9gn\u00e9l is \u201eszerencs\u00e9t pr\u00f3b\u00e1ltak\u201d, vissza\u00e9lve a HMKI nev\u00e9vel.<br \/>\nEgerben, a [&#8230;]<\/p>\n","protected":false},"author":4,"featured_media":0,"comment_status":"open","ping_status":"open","sticky":false,"template":"","format":"standard","meta":{"footnotes":""},"categories":[5],"tags":[1121,484,161],"class_list":["post-8274","post","type-post","status-publish","format-standard","hentry","category-kek-hirek","tag-ellenorzes","tag-tuz","tag-tuzolto"],"_links":{"self":[{"href":"https:\/\/www.agriatv.hu\/index.php?rest_route=\/wp\/v2\/posts\/8274","targetHints":{"allow":["GET"]}}],"collection":[{"href":"https:\/\/www.agriatv.hu\/index.php?rest_route=\/wp\/v2\/posts"}],"about":[{"href":"https:\/\/www.agriatv.hu\/index.php?rest_route=\/wp\/v2\/types\/post"}],"author":[{"embeddable":true,"href":"https:\/\/www.agriatv.hu\/index.php?rest_route=\/wp\/v2\/users\/4"}],"replies":[{"embeddable":true,"href":"https:\/\/www.agriatv.hu\/index.php?rest_route=%2Fwp%2Fv2%2Fcomments&post=8274"}],"version-history":[{"count":4,"href":"https:\/\/www.agriatv.hu\/index.php?rest_route=\/wp\/v2\/posts\/8274\/revisions"}],"predecessor-version":[{"id":8279,"href":"https:\/\/www.agriatv.hu\/index.php?rest_route=\/wp\/v2\/posts\/8274\/revisions\/8279"}],"wp:attachment":[{"href":"https:\/\/www.agriatv.hu\/index.php?rest_route=%2Fwp%2Fv2%2Fmedia&parent=8274"}],"wp:term":[{"taxonomy":"category","embeddable":true,"href":"https:\/\/www.agriatv.hu\/index.php?rest_route=%2Fwp%2Fv2%2Fcategories&post=8274"},{"taxonomy":"post_tag","embeddable":true,"href":"https:\/\/www.agriatv.hu\/index.php?rest_route=%2Fwp%2Fv2%2Ftags&post=8274"}],"curies":[{"name":"wp","href":"https:\/\/api.w.org\/{rel}","templated":true}]}}