{"id":8280,"date":"2012-08-24T16:06:07","date_gmt":"2012-08-24T16:06:07","guid":{"rendered":"http:\/\/www.agriatv.hu\/?p=8280"},"modified":"2012-08-25T06:06:40","modified_gmt":"2012-08-25T06:06:40","slug":"szemelyauto-es-kisbusz-utkozott","status":"publish","type":"post","link":"https:\/\/www.agriatv.hu\/?p=8280","title":{"rendered":"Szem\u00e9lyaut\u00f3 \u00e9s kisbusz \u00fctk\u00f6z\u00f6tt"},"content":{"rendered":"<p><a href=\"https:\/\/www.agriatv.hu\/wp-content\/uploads\/2012\/08\/0824baleset_eger_V.jpg\"><img loading=\"lazy\" decoding=\"async\" class=\"alignleft  wp-image-8281\" title=\"0824baleset_eger_V\" src=\"https:\/\/www.agriatv.hu\/wp-content\/uploads\/2012\/08\/0824baleset_eger_V-300x240.jpg\" alt=\"\" width=\"126\" height=\"71\" \/><\/a>P\u00e9nteken d\u00e9lel\u0151tt egy szem\u00e9lyaut\u00f3 \u00e9s\u00a0egy mikrobusz \u00fctk\u00f6z\u00f6tt \u00f6ssze az Eger-Noszvaj k\u00f6z\u00f6tti 2504 sz\u00e1m\u00fa \u00faton. Mint L\u00e1z\u00e1r Levente, a HMRFK sajt\u00f3referense k\u00e9rd\u00e9s\u00fcnkre elmondta: egy Eger fel\u00e9 halad\u00f3 Ford Transit eddig tiszt\u00e1zatlan okb\u00f3l \u00e1tt\u00e9rt a szemk\u00f6zti s\u00e1vba, ahol front\u00e1lisan \u00fctk\u00f6z\u00f6tt egy szem\u00e9lyg\u00e9pkocsival.<\/p>\n<p>A szem\u00e9lyaut\u00f3 sof\u0151rje s\u00falyos, utasa k\u00f6nnyebb s\u00e9r\u00fcl\u00e9seket szenvedett, mindkett\u0151j\u00fcket az egri k\u00f3rh\u00e1zba sz\u00e1ll\u00edtott\u00e1k a ment\u0151k. A\u00a0baleset\u00a0helysz\u00ednel\u00e9se d\u00e9lut\u00e1n negyed egykor m\u00e9g f\u00e9lp\u00e1ly\u00e1s \u00fatz\u00e1r mellett zajlott.<\/p>\n<p>Forr\u00e1s: <a href=\"http:\/\/heol.hu\">HEOL<\/a><div class=\"wordtube\">\n<div class=\"wordtube single670\" id=\"WT1_1\" style=\"width:320px; height:240px;\">\n<a href=\"http:\/\/www.macromedia.com\/go\/getflashplayer\">Get the Flash Player<\/a> to see the wordTube Media Player.\n<\/div><\/div>\n\t<script type=\"text\/javascript\" defer=\"defer\">\nvar WT1_1 = {\n\tparams : {\n\t\twmode : \"opaque\",\n\t\tallowscriptaccess : \"always\",\n\t\tallownetworking : \"all\",\n\t\tallowfullscreen : \"true\"},\n\tflashvars : {\n\t\tfile : \"http%3A%2F%2Fwww.agriatv.hu%2Fwp-content%2Fuploads%2F2012%2F08%2F0824baleset_eger.flv\",\n\t\tvolume : \"80\",\n\t\tbufferlength : \"5\",\n\t\tquality : \"false\",\n\t\t'logo.hide' : \"false\",\n\t\timage : \"http%3A%2F%2Fwww.agriatv.hu%2Fwp-content%2Fuploads%2F2012%2F08%2F0824baleset_eger.jpg\",\n\t\ttitle : \"0824baleset_eger.flv\",\n\t\tlinktarget : \"_self\"},\n\tattr : {\n\t\tid : \"WT1\",\n\t\tname : \"WT1\"},\n\tstart : function() {\n\t\tswfobject.embedSWF(\"https:\/\/www.agriatv.hu\/\/player.swf\", \"WT1_1\", \"320\", \"240\", \"9.0.0\", false, this.flashvars, this.params , this.attr );\n\t}\n}\nWT1_1.start();\n\t<\/script>\n<\/p>\n","protected":false},"excerpt":{"rendered":"<p>P\u00e9nteken d\u00e9lel\u0151tt egy szem\u00e9lyaut\u00f3 \u00e9s\u00a0egy mikrobusz \u00fctk\u00f6z\u00f6tt \u00f6ssze az Eger-Noszvaj k\u00f6z\u00f6tti 2504 sz\u00e1m\u00fa \u00faton. Mint L\u00e1z\u00e1r Levente, a HMRFK sajt\u00f3referense k\u00e9rd\u00e9s\u00fcnkre elmondta: egy Eger fel\u00e9 halad\u00f3 Ford Transit eddig tiszt\u00e1zatlan okb\u00f3l \u00e1tt\u00e9rt a szemk\u00f6zti s\u00e1vba, ahol front\u00e1lisan \u00fctk\u00f6z\u00f6tt egy szem\u00e9lyg\u00e9pkocsival.<br \/>\nA szem\u00e9lyaut\u00f3 sof\u0151rje s\u00falyos, utasa k\u00f6nnyebb s\u00e9r\u00fcl\u00e9seket szenvedett, mindkett\u0151j\u00fcket az egri k\u00f3rh\u00e1zba sz\u00e1ll\u00edtott\u00e1k a ment\u0151k. A\u00a0baleset\u00a0helysz\u00ednel\u00e9se [&#8230;]<\/p>\n","protected":false},"author":4,"featured_media":0,"comment_status":"open","ping_status":"open","sticky":false,"template":"","format":"standard","meta":{"footnotes":""},"categories":[5],"tags":[41,458],"class_list":["post-8280","post","type-post","status-publish","format-standard","hentry","category-kek-hirek","tag-baleset","tag-serult"],"_links":{"self":[{"href":"https:\/\/www.agriatv.hu\/index.php?rest_route=\/wp\/v2\/posts\/8280","targetHints":{"allow":["GET"]}}],"collection":[{"href":"https:\/\/www.agriatv.hu\/index.php?rest_route=\/wp\/v2\/posts"}],"about":[{"href":"https:\/\/www.agriatv.hu\/index.php?rest_route=\/wp\/v2\/types\/post"}],"author":[{"embeddable":true,"href":"https:\/\/www.agriatv.hu\/index.php?rest_route=\/wp\/v2\/users\/4"}],"replies":[{"embeddable":true,"href":"https:\/\/www.agriatv.hu\/index.php?rest_route=%2Fwp%2Fv2%2Fcomments&post=8280"}],"version-history":[{"count":2,"href":"https:\/\/www.agriatv.hu\/index.php?rest_route=\/wp\/v2\/posts\/8280\/revisions"}],"predecessor-version":[{"id":8283,"href":"https:\/\/www.agriatv.hu\/index.php?rest_route=\/wp\/v2\/posts\/8280\/revisions\/8283"}],"wp:attachment":[{"href":"https:\/\/www.agriatv.hu\/index.php?rest_route=%2Fwp%2Fv2%2Fmedia&parent=8280"}],"wp:term":[{"taxonomy":"category","embeddable":true,"href":"https:\/\/www.agriatv.hu\/index.php?rest_route=%2Fwp%2Fv2%2Fcategories&post=8280"},{"taxonomy":"post_tag","embeddable":true,"href":"https:\/\/www.agriatv.hu\/index.php?rest_route=%2Fwp%2Fv2%2Ftags&post=8280"}],"curies":[{"name":"wp","href":"https:\/\/api.w.org\/{rel}","templated":true}]}}