{"id":8285,"date":"2012-08-25T20:59:55","date_gmt":"2012-08-25T20:59:55","guid":{"rendered":"http:\/\/www.agriatv.hu\/?p=8285"},"modified":"2012-08-25T20:59:55","modified_gmt":"2012-08-25T20:59:55","slug":"bodito-kaveval-raboltak-elozetesben-vannak","status":"publish","type":"post","link":"https:\/\/www.agriatv.hu\/?p=8285","title":{"rendered":"B\u00f3d\u00edt\u00f3 k\u00e1v\u00e9val raboltak &#8211; el\u0151zetesben vannak"},"content":{"rendered":"<p><strong><a href=\"https:\/\/www.agriatv.hu\/wp-content\/uploads\/2012\/08\/0825hatvan_kave_v.jpg\"><img loading=\"lazy\" decoding=\"async\" class=\"alignleft  wp-image-8287\" title=\"0825hatvan_kave_v\" src=\"https:\/\/www.agriatv.hu\/wp-content\/uploads\/2012\/08\/0825hatvan_kave_v-300x240.jpg\" alt=\"\" width=\"139\" height=\"81\" \/><\/a>\u00c9kszereket loptak t\u00f6bb alkalommal is, ugyanazzal a m\u00f3dszerrel: k\u00e1v\u00e9val k\u00e1b\u00edtott\u00e1k el a tulajokat. <\/strong>Egy hatvani \u00fczlet tulajdonosa tett feljelent\u00e9st m\u00e9g j\u00faliusban, miut\u00e1n egy bet\u00e9r\u0151 vend\u00e9ge &#8211; kor\u00e1bbi ismerets\u00e9g\u00fckre hivatkozva &#8211; az \u00fczlet\u00e9ben \u0151t elk\u00e1b\u00edtotta, \u00e9s arany \u00e9kszereket lopott el t\u0151le.<\/p>\n<p>A boltosra egy v\u00e1s\u00e1rl\u00f3 tal\u00e1lt r\u00e1, \u0151 \u00e9rtes\u00edtette a ment\u0151ket \u00e9s a rend\u0151r\u00f6ket. Az els\u0151dleges szak\u00e9rt\u0151i vizsg\u00e1latok szerint a bolt tulajdonos\u00e1t olyan k\u00e1v\u00e9val &#8222;lept\u00e9k meg&#8221;, amibe b\u00f3d\u00edt\u00f3 hat\u00e1s\u00fa gy\u00f3gyszert kevertek.<\/p>\n<p>Egy hatvani \u00fczlet tulajdonosa tett feljelent\u00e9st m\u00e9g j\u00faliusban, miut\u00e1n egy bet\u00e9r\u0151 vend\u00e9ge &#8211; kor\u00e1bbi ismerets\u00e9g\u00fckre hivatkozva &#8211; az \u00fczlet\u00e9ben \u0151t elk\u00e1b\u00edtotta, \u00e9s arany \u00e9kszereket lopott el t\u0151le.<\/p>\n<p>A boltosra egy v\u00e1s\u00e1rl\u00f3 tal\u00e1lt r\u00e1, \u0151 \u00e9rtes\u00edtette a ment\u0151ket \u00e9s a rend\u0151r\u00f6ket. Az els\u0151dleges szak\u00e9rt\u0151i vizsg\u00e1latok szerint a bolt tulajdonos\u00e1t olyan k\u00e1v\u00e9val &#8222;lept\u00e9k meg&#8221;, amibe b\u00f3d\u00edt\u00f3 hat\u00e1s\u00fa gy\u00f3gyszert kevertek.<div class=\"wordtube\">\n<div class=\"wordtube single671\" id=\"WT1_1\" style=\"width:320px; height:240px;\">\n<a href=\"http:\/\/www.macromedia.com\/go\/getflashplayer\">Get the Flash Player<\/a> to see the wordTube Media Player.\n<\/div><\/div>\n\t<script type=\"text\/javascript\" defer=\"defer\">\nvar WT1_1 = {\n\tparams : {\n\t\twmode : \"opaque\",\n\t\tallowscriptaccess : \"always\",\n\t\tallownetworking : \"all\",\n\t\tallowfullscreen : \"true\"},\n\tflashvars : {\n\t\tfile : \"http%3A%2F%2Fwww.agriatv.hu%2Fwp-content%2Fuploads%2F2012%2F08%2F0825hatvan_kave.flv\",\n\t\tvolume : \"80\",\n\t\tbufferlength : \"5\",\n\t\tquality : \"false\",\n\t\t'logo.hide' : \"false\",\n\t\timage : \"http%3A%2F%2Fwww.agriatv.hu%2Fwp-content%2Fuploads%2F2012%2F08%2F0825hatvan_kave.jpg\",\n\t\ttitle : \"0825hatvan_kave.flv\",\n\t\tlinktarget : \"_self\"},\n\tattr : {\n\t\tid : \"WT1\",\n\t\tname : \"WT1\"},\n\tstart : function() {\n\t\tswfobject.embedSWF(\"https:\/\/www.agriatv.hu\/\/player.swf\", \"WT1_1\", \"320\", \"240\", \"9.0.0\", false, this.flashvars, this.params , this.attr );\n\t}\n}\nWT1_1.start();\n\t<\/script>\n<\/p>\n<p>J\u00faliusban ugyanezzel a m\u00f3dszerrel m\u00e9g h\u00e1rom\u00a0tov\u00e1bbi lop\u00e1st illetve rabl\u00e1st k\u00f6vettek el Hatvanban \u00e9s k\u00f6rny\u00e9k\u00e9n &#8211; k\u00f6z\u00f6lte L\u00e1z\u00e1r Levente, a HMRFK sajt\u00f3referense. Mint hozz\u00e1tette: ezekben az esetekben is \u00e9kszerek t\u0171ntek el.<\/p>\n<p>A nyomoz\u00e1s v\u00e9g\u00fcl k\u00e9t ecs\u00e9di lakoshoz vezetett, akik megalapozottan gyan\u00fas\u00edthat\u00f3k a b\u0171ncselekm\u00e9nyek elk\u00f6vet\u00e9s\u00e9vel.\u00a0\u0150ket a b\u00edr\u00f3s\u00e1g el\u0151zetes letart\u00f3ztat\u00e1sba helyezte.<\/p>\n<p>Forr\u00e1s: <a href=\"http:\/\/heol.hu\">HEOL<\/a><\/p>\n","protected":false},"excerpt":{"rendered":"<p>\u00c9kszereket loptak t\u00f6bb alkalommal is, ugyanazzal a m\u00f3dszerrel: k\u00e1v\u00e9val k\u00e1b\u00edtott\u00e1k el a tulajokat. Egy hatvani \u00fczlet tulajdonosa tett feljelent\u00e9st m\u00e9g j\u00faliusban, miut\u00e1n egy bet\u00e9r\u0151 vend\u00e9ge &#8211; kor\u00e1bbi ismerets\u00e9g\u00fckre hivatkozva &#8211; az \u00fczlet\u00e9ben \u0151t elk\u00e1b\u00edtotta, \u00e9s arany \u00e9kszereket lopott el t\u0151le.<br \/>\nA boltosra egy v\u00e1s\u00e1rl\u00f3 tal\u00e1lt r\u00e1, \u0151 \u00e9rtes\u00edtette a ment\u0151ket \u00e9s a rend\u0151r\u00f6ket. Az els\u0151dleges szak\u00e9rt\u0151i [&#8230;]<\/p>\n","protected":false},"author":4,"featured_media":0,"comment_status":"open","ping_status":"open","sticky":false,"template":"","format":"standard","meta":{"footnotes":""},"categories":[5],"tags":[223,1380,1381,380,692,122],"class_list":["post-8285","post","type-post","status-publish","format-standard","hentry","category-kek-hirek","tag-feljelentes","tag-kabito","tag-letartoztatas","tag-mento","tag-rablas","tag-rendorseg"],"_links":{"self":[{"href":"https:\/\/www.agriatv.hu\/index.php?rest_route=\/wp\/v2\/posts\/8285","targetHints":{"allow":["GET"]}}],"collection":[{"href":"https:\/\/www.agriatv.hu\/index.php?rest_route=\/wp\/v2\/posts"}],"about":[{"href":"https:\/\/www.agriatv.hu\/index.php?rest_route=\/wp\/v2\/types\/post"}],"author":[{"embeddable":true,"href":"https:\/\/www.agriatv.hu\/index.php?rest_route=\/wp\/v2\/users\/4"}],"replies":[{"embeddable":true,"href":"https:\/\/www.agriatv.hu\/index.php?rest_route=%2Fwp%2Fv2%2Fcomments&post=8285"}],"version-history":[{"count":3,"href":"https:\/\/www.agriatv.hu\/index.php?rest_route=\/wp\/v2\/posts\/8285\/revisions"}],"predecessor-version":[{"id":8289,"href":"https:\/\/www.agriatv.hu\/index.php?rest_route=\/wp\/v2\/posts\/8285\/revisions\/8289"}],"wp:attachment":[{"href":"https:\/\/www.agriatv.hu\/index.php?rest_route=%2Fwp%2Fv2%2Fmedia&parent=8285"}],"wp:term":[{"taxonomy":"category","embeddable":true,"href":"https:\/\/www.agriatv.hu\/index.php?rest_route=%2Fwp%2Fv2%2Fcategories&post=8285"},{"taxonomy":"post_tag","embeddable":true,"href":"https:\/\/www.agriatv.hu\/index.php?rest_route=%2Fwp%2Fv2%2Ftags&post=8285"}],"curies":[{"name":"wp","href":"https:\/\/api.w.org\/{rel}","templated":true}]}}