{"id":8683,"date":"2012-10-18T11:28:58","date_gmt":"2012-10-18T11:28:58","guid":{"rendered":"http:\/\/www.agriatv.hu\/?p=8683"},"modified":"2012-10-18T11:45:06","modified_gmt":"2012-10-18T11:45:06","slug":"halalos-baleset-az-autopalyan","status":"publish","type":"post","link":"https:\/\/www.agriatv.hu\/?p=8683","title":{"rendered":"Hal\u00e1los baleset az aut\u00f3p\u00e1ly\u00e1n"},"content":{"rendered":"<p><a href=\"https:\/\/www.agriatv.hu\/wp-content\/uploads\/2012\/10\/1018m3_baleset_v.jpg\"><img loading=\"lazy\" decoding=\"async\" class=\"alignleft  wp-image-8684\" title=\"1018m3_baleset_v\" src=\"https:\/\/www.agriatv.hu\/wp-content\/uploads\/2012\/10\/1018m3_baleset_v-300x240.jpg\" alt=\"\" width=\"139\" height=\"73\" \/><\/a>Hal\u00e1los kimenetel\u0171 baleset t\u00f6rt\u00e9nt az M3-as aut\u00f3p\u00e1ly\u00e1n. 11 \u00f3ra k\u00f6r\u00fcl egy 33 \u00e9ves h\u00f6lgy a 106-os kilom\u00e9terk\u0151 k\u00f6zel\u00e9ben el\u0151z\u00f6tt egy kamiont, miut\u00e1n megcs\u00faszott. A Miskolc fel\u00e9 k\u00f6zleked\u0151 j\u00e1rm\u0171 \u00e1tszak\u00edtotta a jobb oldali szalagkorl\u00e1tot, majd nekiment az \u00e1rokban l\u00e9v\u0151 beton \u00e1tfoly\u00f3nak. Ezek ut\u00e1n az \u00fat menti f\u00e1k k\u00f6z\u00f6tt \u00e1llt meg a g\u00e9pj\u00e1rm\u0171.<\/p>\n<p>A kocsiban egyed\u00fcl \u00fclt a vezet\u0151, holttest\u00e9t a t\u0171zolt\u00f3k szabad\u00edtott\u00e1k ki.<\/p>\n<p>A Rend\u0151rs\u00e9g k\u00e9ri a szemtanukat, k\u00fcl\u00f6n\u00f6sk\u00e9pp a megel\u0151z\u00f6tt kamion vezet\u0151j\u00e9t, jelentkezzen!<\/p>\n<p>A baleset okait a rend\u0151rs\u00e9g vizsg\u00e1lja.<div class=\"wordtube\">\n<div class=\"wordtube single720\" id=\"WT1_1\" style=\"width:320px; height:240px;\">\n<a href=\"http:\/\/www.macromedia.com\/go\/getflashplayer\">Get the Flash Player<\/a> to see the wordTube Media Player.\n<\/div><\/div>\n\t<script type=\"text\/javascript\" defer=\"defer\">\nvar WT1_1 = {\n\tparams : {\n\t\twmode : \"opaque\",\n\t\tallowscriptaccess : \"always\",\n\t\tallownetworking : \"all\",\n\t\tallowfullscreen : \"true\"},\n\tflashvars : {\n\t\tfile : \"http%3A%2F%2Fwww.agriatv.hu%2Fwp-content%2Fuploads%2F2012%2F10%2F1018m3_baleset.flv\",\n\t\tvolume : \"80\",\n\t\tbufferlength : \"5\",\n\t\tquality : \"false\",\n\t\t'logo.hide' : \"false\",\n\t\timage : \"http%3A%2F%2Fwww.agriatv.hu%2Fwp-content%2Fuploads%2F2012%2F10%2F1018m3_baleset.jpg\",\n\t\ttitle : \"1018m3_baleset.flv\",\n\t\tlinktarget : \"_self\"},\n\tattr : {\n\t\tid : \"WT1\",\n\t\tname : \"WT1\"},\n\tstart : function() {\n\t\tswfobject.embedSWF(\"https:\/\/www.agriatv.hu\/\/player.swf\", \"WT1_1\", \"320\", \"240\", \"9.0.0\", false, this.flashvars, this.params , this.attr );\n\t}\n}\nWT1_1.start();\n\t<\/script>\n<\/p>\n","protected":false},"excerpt":{"rendered":"<p>Hal\u00e1los kimenetel\u0171 baleset t\u00f6rt\u00e9nt az M3-as aut\u00f3p\u00e1ly\u00e1n. 11 \u00f3ra k\u00f6r\u00fcl egy 33 \u00e9ves h\u00f6lgy a 106-os kilom\u00e9terk\u0151 k\u00f6zel\u00e9ben el\u0151z\u00f6tt egy kamiont, miut\u00e1n megcs\u00faszott. A Miskolc fel\u00e9 k\u00f6zleked\u0151 j\u00e1rm\u0171 \u00e1tszak\u00edtotta a jobb oldali szalagkorl\u00e1tot, majd nekiment az \u00e1rokban l\u00e9v\u0151 beton \u00e1tfoly\u00f3nak. Ezek ut\u00e1n az \u00fat menti f\u00e1k k\u00f6z\u00f6tt \u00e1llt meg a g\u00e9pj\u00e1rm\u0171.<br \/>\nA kocsiban egyed\u00fcl \u00fclt a [&#8230;]<\/p>\n","protected":false},"author":4,"featured_media":0,"comment_status":"open","ping_status":"open","sticky":false,"template":"","format":"standard","meta":{"footnotes":""},"categories":[5],"tags":[41,771,1214,844,122,161],"class_list":["post-8683","post","type-post","status-publish","format-standard","hentry","category-kek-hirek","tag-baleset","tag-halal","tag-kocsi","tag-m3","tag-rendorseg","tag-tuzolto"],"_links":{"self":[{"href":"https:\/\/www.agriatv.hu\/index.php?rest_route=\/wp\/v2\/posts\/8683","targetHints":{"allow":["GET"]}}],"collection":[{"href":"https:\/\/www.agriatv.hu\/index.php?rest_route=\/wp\/v2\/posts"}],"about":[{"href":"https:\/\/www.agriatv.hu\/index.php?rest_route=\/wp\/v2\/types\/post"}],"author":[{"embeddable":true,"href":"https:\/\/www.agriatv.hu\/index.php?rest_route=\/wp\/v2\/users\/4"}],"replies":[{"embeddable":true,"href":"https:\/\/www.agriatv.hu\/index.php?rest_route=%2Fwp%2Fv2%2Fcomments&post=8683"}],"version-history":[{"count":4,"href":"https:\/\/www.agriatv.hu\/index.php?rest_route=\/wp\/v2\/posts\/8683\/revisions"}],"predecessor-version":[{"id":8687,"href":"https:\/\/www.agriatv.hu\/index.php?rest_route=\/wp\/v2\/posts\/8683\/revisions\/8687"}],"wp:attachment":[{"href":"https:\/\/www.agriatv.hu\/index.php?rest_route=%2Fwp%2Fv2%2Fmedia&parent=8683"}],"wp:term":[{"taxonomy":"category","embeddable":true,"href":"https:\/\/www.agriatv.hu\/index.php?rest_route=%2Fwp%2Fv2%2Fcategories&post=8683"},{"taxonomy":"post_tag","embeddable":true,"href":"https:\/\/www.agriatv.hu\/index.php?rest_route=%2Fwp%2Fv2%2Ftags&post=8683"}],"curies":[{"name":"wp","href":"https:\/\/api.w.org\/{rel}","templated":true}]}}