{"id":8689,"date":"2012-10-18T13:12:04","date_gmt":"2012-10-18T13:12:04","guid":{"rendered":"http:\/\/www.agriatv.hu\/?p=8689"},"modified":"2012-10-18T13:13:03","modified_gmt":"2012-10-18T13:13:03","slug":"racs-mogott-a-kisnanai-gyilkos","status":"publish","type":"post","link":"https:\/\/www.agriatv.hu\/?p=8689","title":{"rendered":"R\u00e1cs m\u00f6g\u00f6tt a kisn\u00e1nai gyilkos"},"content":{"rendered":"<div>\n<div><\/div>\n<div>\n<div>\n<div>\n<p align=\"justify\"><a href=\"https:\/\/www.agriatv.hu\/wp-content\/uploads\/2012\/10\/1016kisnana_gyilkossag_v.jpg\"><img loading=\"lazy\" decoding=\"async\" class=\"alignleft  wp-image-8661\" title=\"1016kisnana_gyilkossag_v\" src=\"https:\/\/www.agriatv.hu\/wp-content\/uploads\/2012\/10\/1016kisnana_gyilkossag_v-300x240.jpg\" alt=\"\" width=\"136\" height=\"84\" \/><\/a>A Heves Megyei Rend\u0151r-f\u0151kapit\u00e1nys\u00e1g ember\u00f6l\u00e9s b\u0171ntett\u00e9nek gyan\u00faja miatt ind\u00edtott elj\u00e1r\u00e1st ismeretlen tettes ellen. 2012. okt\u00f3ber 13-\u00e1n egy 78 \u00e9ves h\u00f6lgyet tal\u00e1ltak holtan kisn\u00e1nai otthon\u00e1ban. A gyors \u00e9s szakszer\u0171 rend\u0151ri nyomoz\u00e1snak k\u00f6sz\u00f6nhet\u0151en 24 \u00f3ra leforg\u00e1sa alatt elfogt\u00e1k a b\u0171ncselekm\u00e9ny elk\u00f6vet\u00e9s\u00e9vel megalapozottan gyan\u00fas\u00edthat\u00f3 21 \u00e9ves kisn\u00e1nai f\u00e9rfit. A t\u00e1mad\u00f3t a Heves Megyei Rend\u0151r-f\u0151kapit\u00e1nys\u00e1g \u0151rizetbe vette, majd az Egri V\u00e1rosi B\u00edr\u00f3s\u00e1g el\u0151zetes letart\u00f3ztat\u00e1sba helyezte.<\/p>\n<p align=\"right\"><strong>Heves Megyei Rend\u0151r-f\u0151kapit\u00e1nys\u00e1g<\/strong><\/p>\n<\/div>\n<\/div>\n<\/div>\n<\/div>\n","protected":false},"excerpt":{"rendered":"<p>A Heves Megyei Rend\u0151r-f\u0151kapit\u00e1nys\u00e1g ember\u00f6l\u00e9s b\u0171ntett\u00e9nek gyan\u00faja miatt ind\u00edtott elj\u00e1r\u00e1st ismeretlen tettes ellen. 2012. okt\u00f3ber 13-\u00e1n egy 78 \u00e9ves h\u00f6lgyet tal\u00e1ltak holtan kisn\u00e1nai otthon\u00e1ban. A gyors \u00e9s szakszer\u0171 rend\u0151ri nyomoz\u00e1snak k\u00f6sz\u00f6nhet\u0151en 24 \u00f3ra leforg\u00e1sa alatt elfogt\u00e1k a b\u0171ncselekm\u00e9ny elk\u00f6vet\u00e9s\u00e9vel megalapozottan gyan\u00fas\u00edthat\u00f3 21 \u00e9ves kisn\u00e1nai f\u00e9rfit. A t\u00e1mad\u00f3t a Heves Megyei Rend\u0151r-f\u0151kapit\u00e1nys\u00e1g \u0151rizetbe vette, majd az [&#8230;]<\/p>\n","protected":false},"author":4,"featured_media":0,"comment_status":"open","ping_status":"open","sticky":false,"template":"","format":"standard","meta":{"footnotes":""},"categories":[5],"tags":[1079,1451,747,122],"class_list":["post-8689","post","type-post","status-publish","format-standard","hentry","category-kek-hirek","tag-gyilkossag","tag-kisnana","tag-nyomozas","tag-rendorseg"],"_links":{"self":[{"href":"https:\/\/www.agriatv.hu\/index.php?rest_route=\/wp\/v2\/posts\/8689","targetHints":{"allow":["GET"]}}],"collection":[{"href":"https:\/\/www.agriatv.hu\/index.php?rest_route=\/wp\/v2\/posts"}],"about":[{"href":"https:\/\/www.agriatv.hu\/index.php?rest_route=\/wp\/v2\/types\/post"}],"author":[{"embeddable":true,"href":"https:\/\/www.agriatv.hu\/index.php?rest_route=\/wp\/v2\/users\/4"}],"replies":[{"embeddable":true,"href":"https:\/\/www.agriatv.hu\/index.php?rest_route=%2Fwp%2Fv2%2Fcomments&post=8689"}],"version-history":[{"count":3,"href":"https:\/\/www.agriatv.hu\/index.php?rest_route=\/wp\/v2\/posts\/8689\/revisions"}],"predecessor-version":[{"id":8692,"href":"https:\/\/www.agriatv.hu\/index.php?rest_route=\/wp\/v2\/posts\/8689\/revisions\/8692"}],"wp:attachment":[{"href":"https:\/\/www.agriatv.hu\/index.php?rest_route=%2Fwp%2Fv2%2Fmedia&parent=8689"}],"wp:term":[{"taxonomy":"category","embeddable":true,"href":"https:\/\/www.agriatv.hu\/index.php?rest_route=%2Fwp%2Fv2%2Fcategories&post=8689"},{"taxonomy":"post_tag","embeddable":true,"href":"https:\/\/www.agriatv.hu\/index.php?rest_route=%2Fwp%2Fv2%2Ftags&post=8689"}],"curies":[{"name":"wp","href":"https:\/\/api.w.org\/{rel}","templated":true}]}}