{"id":8708,"date":"2012-10-24T09:22:59","date_gmt":"2012-10-24T09:22:59","guid":{"rendered":"http:\/\/www.agriatv.hu\/?p=8708"},"modified":"2012-10-26T09:25:24","modified_gmt":"2012-10-26T09:25:24","slug":"egri-bortura-erdelyben","status":"publish","type":"post","link":"https:\/\/www.agriatv.hu\/?p=8708","title":{"rendered":"Egri Bort\u00fara Erd\u00e9lyben"},"content":{"rendered":"<p><strong><a href=\"https:\/\/www.agriatv.hu\/wp-content\/uploads\/2012\/10\/borasz1.jpg\"><img loading=\"lazy\" decoding=\"async\" class=\"alignleft  wp-image-8709\" title=\"borasz1\" src=\"https:\/\/www.agriatv.hu\/wp-content\/uploads\/2012\/10\/borasz1-300x198.jpg\" alt=\"\" width=\"122\" height=\"80\" srcset=\"https:\/\/www.agriatv.hu\/wp-content\/uploads\/2012\/10\/borasz1-300x198.jpg 300w, https:\/\/www.agriatv.hu\/wp-content\/uploads\/2012\/10\/borasz1-1024x678.jpg 1024w, https:\/\/www.agriatv.hu\/wp-content\/uploads\/2012\/10\/borasz1.jpg 1200w\" sizes=\"auto, (max-width: 122px) 100vw, 122px\" \/><\/a>\u00d6t nap alatt h\u00fasz borgasztron\u00f3miai vacsoraeset tartottak magyar s\u00e9fek \u00e9s egri bor\u00e1szok Erd\u00e9lyben. Demeter Csaba a borbemutat\u00f3k mellett t\u00e1rgyalt borkeresked\u0151kkel, \u00e9tterem-tulajdonosokkal a j\u00f6v\u0151beni egy\u00fcttm\u0171k\u00f6d\u00e9s lehet\u0151s\u00e9geir\u0151l, a magyar \u00e9s az egri borok n\u00e9pszer\u0171s\u00edt\u00e9s\u00e9r\u0151l.<\/strong><\/p>\n<p>A borszeret\u0151 k\u00f6z\u00f6ns\u00e9g nagy szeretettel fogadta az egri bor\u00e1szokat, a vacsoraesteken nagy volt az \u00e9rdekl\u0151d\u00e9s az egri borok ir\u00e1nt. A helyi szervez\u0151k szeretn\u00e9nek hagyom\u00e1nyt teremteni az ilyen jelleg\u0171 esteknek, \u00e9s azt, hogy a nagyk\u00f6z\u00f6ns\u00e9g megtanulja \u00e9s keresse a borok \u00e9s \u00e9telek k\u00f6z\u00f6tti harm\u00f3ni\u00e1t. Az \u00faj ir\u00e1nyzat megteremt\u00e9s\u00e9ben ny\u00fajt majd seg\u00edts\u00e9get Demeter Csaba, aki v\u00e1llalta, hogy megszervezi Magyarorsz\u00e1g t\u00f6rt\u00e9nelmi borvid\u00e9keir\u0151l a bor\u00e1szatokat a bemutat\u00f3kra \u00e9s az estekre. Demeter Csaba tal\u00e1lkozott borkeresked\u0151kkel, akik nyitottak a magyar borok forgalmaz\u00e1s\u00e1ra. Mindk\u00e9t t\u00e9m\u00e1ban megkezd\u0151dtek az el\u0151k\u00e9sz\u00fcletek, a j\u00f6v\u0151 tavaszra v\u00e9gleges\u00edtik az elk\u00e9pzel\u00e9seket.<\/p>\n<p>A borgasztron\u00f3miai bemutat\u00f3t a Sepsiszentgy\u00f6rgyi Kultur\u00e1lis K\u00f6zpont \u00e9s a Magyar Nemzeti Gasztron\u00f3miai Sz\u00f6vets\u00e9g \u00c9szak \u2013 B\u00fckki R\u00e9gi\u00f3ja \u00e9s a Szabadt\u0171zi Lovagrend Gasztron\u00f3miai Egyes\u00fclete k\u00f6z\u00f6sen szervezte. \u00a0A s\u00e9fek mellett Egerb\u0151l n\u00e9gy bor\u00e1szat vett r\u00e9szt a rendezv\u00e9nyen: Demeter Pinc\u00e9szet, Korona Borh\u00e1z, Vincze B\u00e9la, Dimenzi\u00f3 Bor\u00e1szat.<\/p>\n","protected":false},"excerpt":{"rendered":"<p>\u00d6t nap alatt h\u00fasz borgasztron\u00f3miai vacsoraeset tartottak magyar s\u00e9fek \u00e9s egri bor\u00e1szok Erd\u00e9lyben. Demeter Csaba a borbemutat\u00f3k mellett t\u00e1rgyalt borkeresked\u0151kkel, \u00e9tterem-tulajdonosokkal a j\u00f6v\u0151beni egy\u00fcttm\u0171k\u00f6d\u00e9s lehet\u0151s\u00e9geir\u0151l, a magyar \u00e9s az egri borok n\u00e9pszer\u0171s\u00edt\u00e9s\u00e9r\u0151l.<br \/>\nA borszeret\u0151 k\u00f6z\u00f6ns\u00e9g nagy szeretettel fogadta az egri bor\u00e1szokat, a vacsoraesteken nagy volt az \u00e9rdekl\u0151d\u00e9s az egri borok ir\u00e1nt. A helyi szervez\u0151k szeretn\u00e9nek hagyom\u00e1nyt [&#8230;]<\/p>\n","protected":false},"author":4,"featured_media":0,"comment_status":"open","ping_status":"open","sticky":false,"template":"","format":"standard","meta":{"footnotes":""},"categories":[8,4],"tags":[160,36,1456],"class_list":["post-8708","post","type-post","status-publish","format-standard","hentry","category-kultura","category-szabadido","tag-bor","tag-eger","tag-erdely"],"_links":{"self":[{"href":"https:\/\/www.agriatv.hu\/index.php?rest_route=\/wp\/v2\/posts\/8708","targetHints":{"allow":["GET"]}}],"collection":[{"href":"https:\/\/www.agriatv.hu\/index.php?rest_route=\/wp\/v2\/posts"}],"about":[{"href":"https:\/\/www.agriatv.hu\/index.php?rest_route=\/wp\/v2\/types\/post"}],"author":[{"embeddable":true,"href":"https:\/\/www.agriatv.hu\/index.php?rest_route=\/wp\/v2\/users\/4"}],"replies":[{"embeddable":true,"href":"https:\/\/www.agriatv.hu\/index.php?rest_route=%2Fwp%2Fv2%2Fcomments&post=8708"}],"version-history":[{"count":1,"href":"https:\/\/www.agriatv.hu\/index.php?rest_route=\/wp\/v2\/posts\/8708\/revisions"}],"predecessor-version":[{"id":8710,"href":"https:\/\/www.agriatv.hu\/index.php?rest_route=\/wp\/v2\/posts\/8708\/revisions\/8710"}],"wp:attachment":[{"href":"https:\/\/www.agriatv.hu\/index.php?rest_route=%2Fwp%2Fv2%2Fmedia&parent=8708"}],"wp:term":[{"taxonomy":"category","embeddable":true,"href":"https:\/\/www.agriatv.hu\/index.php?rest_route=%2Fwp%2Fv2%2Fcategories&post=8708"},{"taxonomy":"post_tag","embeddable":true,"href":"https:\/\/www.agriatv.hu\/index.php?rest_route=%2Fwp%2Fv2%2Ftags&post=8708"}],"curies":[{"name":"wp","href":"https:\/\/api.w.org\/{rel}","templated":true}]}}