{"id":8899,"date":"2012-11-24T07:38:57","date_gmt":"2012-11-24T07:38:57","guid":{"rendered":"http:\/\/www.agriatv.hu\/?p=8899"},"modified":"2012-11-24T07:38:57","modified_gmt":"2012-11-24T07:38:57","slug":"egri-irodalmi-sikerek","status":"publish","type":"post","link":"https:\/\/www.agriatv.hu\/?p=8899","title":{"rendered":"Egri irodalmi sikerek"},"content":{"rendered":"<p>&nbsp;<\/p>\n<p><strong>A f\u0151v\u00e1rosban k\u00e9t egri vonatkoz\u00e1s\u00fa esem\u00e9ny is mag\u00e1val ragadta az irodalomkedvel\u0151 k\u00f6z\u00f6ns\u00e9g figyelm\u00e9t a minap. Egy napon, mind\u00f6ssze n\u00e9h\u00e1ny sz\u00e1z m\u00e9terre egym\u00e1st\u00f3l t\u00f6rt\u00e9nt, hogy Doros Judit, a N\u00e9pszabads\u00e1g tud\u00f3s\u00edt\u00f3ja \u00e1tvehette az \u00fajs\u00e1g\u00edr\u00f3szakma egyik legjelent\u0151sebb elismer\u00e9s\u00e9t, a Paul Lendvai d\u00edjat, m\u00edg az \u00cdr\u00f3k Boltj\u00e1ban n\u00e9pes \u00e9s rangos publikum el\u0151tt, K\u00e1csor Zsolt egri \u00edr\u00f3, \u00fajs\u00e1g\u00edr\u00f3 tartotta leg\u00fajabb k\u00f6tet\u00e9nek, a Rettenetes Vlagyimirnak k\u00f6nyvbemutat\u00f3j\u00e1t.<\/strong><\/p>\n<p><strong>\u00a0<\/strong><img loading=\"lazy\" decoding=\"async\" class=\"kiskepcikkhez alignleft\" src=\"http:\/\/www.egriszin.hu\/RenderedContents\/IndexImages\/10\/10067-20121123152003-KACSOR-Zs_Rettenetes_Vlagyimir_COVER.jpg\" alt=\"\" width=\"91\" height=\"150\" \/>Doros Judit cikke 62 p\u00e1lyam\u0171 k\u00f6z\u00fcl nyerte a p\u00e9nzjutalommal j\u00e1r\u00f3 Paul Lendvai d\u00edjat. \u00cdr\u00e1s\u00e1ban a borsodi Tard jelenkori viszonyait mutatja be, amely az\u00e9rt is \u00e9rdekes, mert imm\u00e1r alapm\u0171nek tekintett szociogr\u00e1fiai tanulm\u00e1nyt k\u00e9sz\u00edtett anno Szab\u00f3 Zolt\u00e1n 1936-ban, A tardi helyzet c\u00edmmel, \u00edgy az \u00f6sszehasonl\u00edt\u00e1s a mai viszonyokkal igen \u00e9rz\u00e9kletesen bemutathat\u00f3. Szab\u00f3 Zolt\u00e1n volt, aki Cifra nyomor\u00fas\u00e1g c\u00edm\u0171 m\u0171v\u00e9ben \u00edgy \u00edr Egerr\u0151l: <em>\u201d A j\u00f6v\u0151tlen kisv\u00e1ros kicsiny lehet\u0151s\u00e9geit m\u00e1r eredend\u0151en megszabja Eger fekv\u00e9se. Az, hogy ez a v\u00e1ros oda \u00e9p\u00fclt, ahol van, hegyek al\u00e1, ink\u00e1bb vil\u00e1gi \u00e9s egyh\u00e1zi hatalom v\u00e1r\u00e1nak, mint gazdas\u00e1gi k\u00f6zpontnak. Helyzet\u00e9n\u00e9l fogva olyan v\u00e1ros, mely kapu ugyan, de legink\u00e1bb olyan kapu, melyet pedig mindig bez\u00e1rtak, hol a nemzet ellens\u00e9gei ellen, hol az \u00bb\u00faj id\u0151k \u00faj dalai\u00ab ellen. Ez a kapu mindig ink\u00e1bb visszavert, mint \u00e1tengedett \u00e9s sohasem volt az a c\u00e9lja, hogy keresked\u0151ket, vagy \u00e1rut bocs\u00e1sson be, vagy k\u00fcldj\u00f6n ki. Eger mindig ink\u00e1bb v\u00e1r volt, mint v\u00e1ros \u00e9s a v\u00e1r itt sohasem \u00e9lt szoros egym\u00e1srautalts\u00e1gban a v\u00e1rossal, mint p\u00e9ld\u00e1ul a n\u00e9met kisv\u00e1rosokban.\u201d<\/em><\/p>\n<p>K\u00e1csor Zsolt harmadik k\u00f6tete (kor\u00e1bbi m\u0171vei: Barbarus, Istv\u00e1n kir\u00e1ly blogja), a Rettenetes Vlagyimir az \u00f6tvenes \u00e9vek vil\u00e1g\u00e1ba kalauzolja az olvas\u00f3t, megfestve a zsarnoks\u00e1g kiszolg\u00e1l\u00f3inak, m\u0171k\u00f6dtet\u0151inek l\u00e9lekrajz\u00e1t. A k\u00f6nyv az \u00f6tvenes \u00e9vekr\u0151l besz\u00e9l, de a m\u00e1nak sz\u00f3l. \u00a0A Kalligram kiad\u00f3 gondoz\u00e1s\u00e1ban megjelen\u0151 m\u0171 szerepl\u0151i a P\u00e1l utcai fi\u00fak h\u0151seinek neveit viselik, mintha a \u201efeln\u0151tt\u201d v\u00f6r\u00f6singesek reg\u00e9ny\u00e9t olvasn\u00e1 az olvas\u00f3. A val\u00f3s\u00e1g persze csup\u00e1n annyi, hogy az emberi jellem \u00e1br\u00e1zol\u00e1s\u00e1nak ezen m\u00f3dja, amely z\u00e1rt h\u00edm k\u00f6z\u00f6ss\u00e9gek viselked\u00e9s\u00e9n kereszt\u00fcl mutat be konfliktusokat, remek lehet\u0151s\u00e9g a zsarnoks\u00e1g anat\u00f3mi\u00e1j\u00e1nak boncolgat\u00e1s\u00e1ra.<\/p>\n<p>A k\u00f6nyvbemutat\u00f3n elhangzott \u00e1ltal\u00e1nos jellemz\u00e9s a Rettenetes Vlagyimirral kapcsolatban az volt, hogy letehetetlen.<\/p>\n<p><em>\u201e\u2013 Megj\u00f6tt a Boka, itt van a Boka! \u2013 hallatszott mindenfel\u0151l az \u00f6r\u00f6mittas hang.<\/em><\/p>\n<p><em>A k\u00e9t P\u00e1sztor k\u00eds\u00e9rte, akik megpr\u00f3b\u00e1lt\u00e1k arr\u00e9bb taszig\u00e1lni a t\u00f6meget, de Boka leintette a test\u0151reit. F\u00e1radtan ugyan, de mosolyogva fogott kezet az \u0151t \u00fcnnepl\u0151kkel. Borost\u00e1s volt, s a szeme alatt m\u00e9ly, s\u00e1rg\u00e1s \u00e1rkok h\u00faz\u00f3dtak.<\/em><\/p>\n<p><em>Az\u00e9rt j\u00f6tt, hogy a sz\u00e9kh\u00e1zat \u00e9rt ostrom nyomait megn\u00e9zze, de amikor a f\u00e1kon l\u00f3g\u00f3 holttesteket megl\u00e1tta, fel\u00e9j\u00fck fordult a figyelme. Meg\u00e1llt el\u0151tt\u00fck, mire egy f\u00e9rfi leemelte a halottak arc\u00e1r\u00f3l a zsebkend\u0151ket.<\/em><\/p>\n<p><em>Boka tekintete elfelh\u0151s\u00f6d\u00f6tt. Hosszan n\u00e9zte a k\u00e9t hull\u00e1t, v\u00e9g\u00fcl azt mondta:<\/em><\/p>\n<p><em>\u2013 Ismertem \u0151ket! Haza\u00e1rul\u00f3k&#8230;<\/em><\/p>\n<p><em>E szavakra a t\u00f6meg zajosan \u00fcnnepelte a forradalom vez\u00e9r\u00e9t.<\/em><\/p>\n<p><em>Boka tov\u00e1bbindult a sz\u00e9kh\u00e1z bej\u00e1rata fel\u00e9, mik\u00f6zben az id\u0151sebb P\u00e1sztor el\u0151tte haladt, hogy utat t\u00f6rj\u00f6n neki, a fiatalabbik pedig a h\u00e1t\u00e1t v\u00e9dte, s k\u00edm\u00e9letlen\u00fcl f\u00e9lrel\u00f6kd\u00f6ste a m\u00e1moros h\u00edveket.<\/em><\/p>\n<p><em>Szebenics \u00e9s Wendauer mag\u00e1ra maradt.\u201d<\/em><\/p>\n<p>Forr\u00e1s<a href=\"http:\/\/egriszin.hu\">: Egrisz\u00edn<\/a><\/p>\n","protected":false},"excerpt":{"rendered":"<p>&nbsp;<br \/>\nA f\u0151v\u00e1rosban k\u00e9t egri vonatkoz\u00e1s\u00fa esem\u00e9ny is mag\u00e1val ragadta az irodalomkedvel\u0151 k\u00f6z\u00f6ns\u00e9g figyelm\u00e9t a minap. Egy napon, mind\u00f6ssze n\u00e9h\u00e1ny sz\u00e1z m\u00e9terre egym\u00e1st\u00f3l t\u00f6rt\u00e9nt, hogy Doros Judit, a N\u00e9pszabads\u00e1g tud\u00f3s\u00edt\u00f3ja \u00e1tvehette az \u00fajs\u00e1g\u00edr\u00f3szakma egyik legjelent\u0151sebb elismer\u00e9s\u00e9t, a Paul Lendvai d\u00edjat, m\u00edg az \u00cdr\u00f3k Boltj\u00e1ban n\u00e9pes \u00e9s rangos publikum el\u0151tt, K\u00e1csor Zsolt egri \u00edr\u00f3, \u00fajs\u00e1g\u00edr\u00f3 tartotta leg\u00fajabb [&#8230;]<\/p>\n","protected":false},"author":4,"featured_media":0,"comment_status":"open","ping_status":"open","sticky":false,"template":"","format":"standard","meta":{"footnotes":""},"categories":[8],"tags":[793,1487,1488,1486,23],"class_list":["post-8899","post","type-post","status-publish","format-standard","hentry","category-kultura","tag-dij","tag-doros","tag-judit","tag-kacsorzsolt","tag-siker"],"_links":{"self":[{"href":"https:\/\/www.agriatv.hu\/index.php?rest_route=\/wp\/v2\/posts\/8899","targetHints":{"allow":["GET"]}}],"collection":[{"href":"https:\/\/www.agriatv.hu\/index.php?rest_route=\/wp\/v2\/posts"}],"about":[{"href":"https:\/\/www.agriatv.hu\/index.php?rest_route=\/wp\/v2\/types\/post"}],"author":[{"embeddable":true,"href":"https:\/\/www.agriatv.hu\/index.php?rest_route=\/wp\/v2\/users\/4"}],"replies":[{"embeddable":true,"href":"https:\/\/www.agriatv.hu\/index.php?rest_route=%2Fwp%2Fv2%2Fcomments&post=8899"}],"version-history":[{"count":2,"href":"https:\/\/www.agriatv.hu\/index.php?rest_route=\/wp\/v2\/posts\/8899\/revisions"}],"predecessor-version":[{"id":8901,"href":"https:\/\/www.agriatv.hu\/index.php?rest_route=\/wp\/v2\/posts\/8899\/revisions\/8901"}],"wp:attachment":[{"href":"https:\/\/www.agriatv.hu\/index.php?rest_route=%2Fwp%2Fv2%2Fmedia&parent=8899"}],"wp:term":[{"taxonomy":"category","embeddable":true,"href":"https:\/\/www.agriatv.hu\/index.php?rest_route=%2Fwp%2Fv2%2Fcategories&post=8899"},{"taxonomy":"post_tag","embeddable":true,"href":"https:\/\/www.agriatv.hu\/index.php?rest_route=%2Fwp%2Fv2%2Ftags&post=8899"}],"curies":[{"name":"wp","href":"https:\/\/api.w.org\/{rel}","templated":true}]}}