{"id":9240,"date":"2013-01-22T09:46:09","date_gmt":"2013-01-22T09:46:09","guid":{"rendered":"http:\/\/www.agriatv.hu\/?p=9240"},"modified":"2013-01-22T09:46:09","modified_gmt":"2013-01-22T09:46:09","slug":"porzik-a-banya-mezonyaradon","status":"publish","type":"post","link":"https:\/\/www.agriatv.hu\/?p=9240","title":{"rendered":"Porzik a b\u00e1nya Mez\u0151ny\u00e1r\u00e1don"},"content":{"rendered":"<p><b><a href=\"https:\/\/www.agriatv.hu\/wp-content\/uploads\/2013\/01\/0121banya_por_v.jpg\"><img loading=\"lazy\" decoding=\"async\" class=\"alignleft size-full wp-image-9242\" alt=\"0121banya_por_v\" src=\"https:\/\/www.agriatv.hu\/wp-content\/uploads\/2013\/01\/0121banya_por_v.jpg\" width=\"101\" height=\"65\" \/><\/a>Sok a por \u00e9s nagy a zaj &#8211; panaszkodnak a lak\u00f3k Mez\u0151ny\u00e1r\u00e1don. Mindez\u00e9rt a szomsz\u00e9d telep\u00fcl\u00e9sen tal\u00e1lhat\u00f3 <strong>lignitb\u00e1ny\u00e1t okolj\u00e1k. Egy f\u00e9rfi perben \u00e1ll a b\u00e1nyat\u00e1rsas\u00e1ggal, tiszta leveg\u0151t vagy \u00faj h\u00e1zat k\u00f6vetel.<\/strong><\/b><\/p>\n<p>Asztalos S\u00e1ndor 10 \u00e9ve k\u00f6lt\u00f6z\u00f6tt ide. \u0150 is a b\u00e1nya alkalmazottja volt, m\u00edg egy napon nem volt hajland\u00f3 sz\u00e9nport sz\u00e1ll\u00edtani, \u00e9s elbocs\u00e1tott\u00e1k. Az\u00f3ta \u00e1ll munka\u00fcgyi perben a b\u00e1ny\u00e1val. \u00c1ll\u00edt\u00e1sa szerint az eg\u00e9sz csal\u00e1d eg\u00e9szs\u00e9gi \u00e1llapota megromlott a sz\u00e9npor miatt, az orvos is azt javasolta, hogy a kisl\u00e1nya \u00e9rdek\u00e9ben k\u00f6lt\u00f6zzenek el a telep\u00fcl\u00e9sr\u0151l. A f\u00e9rfi k\u00e1rt\u00e9r\u00edt\u00e9st k\u00f6vetel.<\/p>\n<p>T\u00f6bb helyb\u00e9lit megk\u00e9rdezt\u00fcnk, \u0151k is ilyen s\u00falyosnak \u00edt\u00e9lik-e meg a port. Van, aki szerint ez term\u00e9szetes, \u00e9s m\u00e1shol is ilyen a helyzet. M\u00e1sok szerint viszont ez m\u00e1r elviselhetetlen, \u00e9s t\u00f6bben asztm\u00e1sak miatta a csal\u00e1dban.<\/p>\n<p>Mata Tibor a M\u00e1trai Er\u0151m\u0171 Zrt. b\u00fckk\u00e1br\u00e1nyi lignitb\u00e1ny\u00e1j\u00e1nak igazgat\u00f3ja elmondta, hogy a l\u00e9gszennyez\u00e9st \u00e9s a zajszintet is t\u00f6bbsz\u00f6r m\u00e9rte m\u00e1r t\u0151l\u00fck f\u00fcggetlen t\u00e1rsas\u00e1g, \u00e9s minden eredm\u00e9ny\u00fck a hat\u00e1r\u00e9rt\u00e9k alatt volt. T\u00f6bb int\u00e9zked\u00e9st is megtettek annak \u00e9rdek\u00e9ben, hogy megel\u0151zz\u00e9k a kellemetlens\u00e9geket.<div class=\"wordtube\">\n<div class=\"wordtube single780\" id=\"WT1_1\" style=\"width:320px; height:240px;\">\n<a href=\"http:\/\/www.macromedia.com\/go\/getflashplayer\">Get the Flash Player<\/a> to see the wordTube Media Player.\n<\/div><\/div>\n\t<script type=\"text\/javascript\" defer=\"defer\">\nvar WT1_1 = {\n\tparams : {\n\t\twmode : \"opaque\",\n\t\tallowscriptaccess : \"always\",\n\t\tallownetworking : \"all\",\n\t\tallowfullscreen : \"true\"},\n\tflashvars : {\n\t\tfile : \"http%3A%2F%2Fwww.agriatv.hu%2Fwp-content%2Fuploads%2F2013%2F01%2F0121banya_por.flv\",\n\t\tvolume : \"80\",\n\t\tbufferlength : \"5\",\n\t\tquality : \"false\",\n\t\t'logo.hide' : \"false\",\n\t\timage : \"http%3A%2F%2Fwww.agriatv.hu%2Fwp-content%2Fuploads%2F2013%2F01%2F0121banya_por.jpg\",\n\t\ttitle : \"0121banya_por.flv\",\n\t\tlinktarget : \"_self\"},\n\tattr : {\n\t\tid : \"WT1\",\n\t\tname : \"WT1\"},\n\tstart : function() {\n\t\tswfobject.embedSWF(\"https:\/\/www.agriatv.hu\/\/player.swf\", \"WT1_1\", \"320\", \"240\", \"9.0.0\", false, this.flashvars, this.params , this.attr );\n\t}\n}\nWT1_1.start();\n\t<\/script>\n<\/p>\n<p>A igazgat\u00f3 elmondta, hogy kezdetekt\u0151l fogva probl\u00e9ma volt Asztalos S\u00e1ndorral, folyamatosan k\u00f6vetel\u00e9sekkel \u00e9s fenyeget\u00e9sekkel \u00e1llt el\u0151. \u0150k is a sajt\u00f3b\u00f3l \u00e9rtes\u00fcltek r\u00f3la, hogy jelenleg egy m\u00e1sik lak\u00e1st szeretne kapni, \u0151ket ezzel kapcsolatban nem kereste meg.<\/p>\n<p>Mindk\u00e9t f\u00e9l hajlik a kompromisszumra \u00e9s a b\u00e9kess\u00e9gre, csak az \u00e1ll\u00e1spontok egyenl\u0151re nem k\u00f6zel\u00edtenek.<\/p>\n","protected":false},"excerpt":{"rendered":"<p>Sok a por \u00e9s nagy a zaj &#8211; panaszkodnak a lak\u00f3k Mez\u0151ny\u00e1r\u00e1don. Mindez\u00e9rt a szomsz\u00e9d telep\u00fcl\u00e9sen tal\u00e1lhat\u00f3 lignitb\u00e1ny\u00e1t okolj\u00e1k. Egy f\u00e9rfi perben \u00e1ll a b\u00e1nyat\u00e1rsas\u00e1ggal, tiszta leveg\u0151t vagy \u00faj h\u00e1zat k\u00f6vetel.<br \/>\nAsztalos S\u00e1ndor 10 \u00e9ve k\u00f6lt\u00f6z\u00f6tt ide. \u0150 is a b\u00e1nya alkalmazottja volt, m\u00edg egy napon nem volt hajland\u00f3 sz\u00e9nport sz\u00e1ll\u00edtani, \u00e9s elbocs\u00e1tott\u00e1k. Az\u00f3ta \u00e1ll munka\u00fcgyi [&#8230;]<\/p>\n","protected":false},"author":4,"featured_media":0,"comment_status":"open","ping_status":"open","sticky":false,"template":"","format":"standard","meta":{"footnotes":""},"categories":[6,19,450],"tags":[1288,143,1555,1030,1554],"class_list":["post-9240","post","type-post","status-publish","format-standard","hentry","category-belfold","category-egeszseg","category-gazdasag-2","tag-banya","tag-egeszseg-2","tag-koveteles","tag-per","tag-por"],"_links":{"self":[{"href":"https:\/\/www.agriatv.hu\/index.php?rest_route=\/wp\/v2\/posts\/9240","targetHints":{"allow":["GET"]}}],"collection":[{"href":"https:\/\/www.agriatv.hu\/index.php?rest_route=\/wp\/v2\/posts"}],"about":[{"href":"https:\/\/www.agriatv.hu\/index.php?rest_route=\/wp\/v2\/types\/post"}],"author":[{"embeddable":true,"href":"https:\/\/www.agriatv.hu\/index.php?rest_route=\/wp\/v2\/users\/4"}],"replies":[{"embeddable":true,"href":"https:\/\/www.agriatv.hu\/index.php?rest_route=%2Fwp%2Fv2%2Fcomments&post=9240"}],"version-history":[{"count":2,"href":"https:\/\/www.agriatv.hu\/index.php?rest_route=\/wp\/v2\/posts\/9240\/revisions"}],"predecessor-version":[{"id":9243,"href":"https:\/\/www.agriatv.hu\/index.php?rest_route=\/wp\/v2\/posts\/9240\/revisions\/9243"}],"wp:attachment":[{"href":"https:\/\/www.agriatv.hu\/index.php?rest_route=%2Fwp%2Fv2%2Fmedia&parent=9240"}],"wp:term":[{"taxonomy":"category","embeddable":true,"href":"https:\/\/www.agriatv.hu\/index.php?rest_route=%2Fwp%2Fv2%2Fcategories&post=9240"},{"taxonomy":"post_tag","embeddable":true,"href":"https:\/\/www.agriatv.hu\/index.php?rest_route=%2Fwp%2Fv2%2Ftags&post=9240"}],"curies":[{"name":"wp","href":"https:\/\/api.w.org\/{rel}","templated":true}]}}